{"id":206400,"date":"2025-07-17T09:15:00","date_gmt":"2025-07-17T06:15:00","guid":{"rendered":"https:\/\/www.tgrthaber.com\/mavikadin\/?p=206400"},"modified":"2025-07-17T09:15:42","modified_gmt":"2025-07-17T06:15:42","slug":"gassal-dizisinin-3-sezonunda-buyuk-surpriz-sahin-kendirci-bayhan-derken-simdi-de-kubat-geliyor","status":"publish","type":"post","link":"https:\/\/www.tgrthaber.com\/mavikadin\/gassal-dizisinin-3-sezonunda-buyuk-surpriz-sahin-kendirci-bayhan-derken-simdi-de-kubat-geliyor\/","title":{"rendered":"Gassal dizisinin 3. sezonunda b\u00fcy\u00fck s\u00fcrpriz! \u015eahin Kendirci Bayhan derken \u015fimdi de Kubat geliyor"},"content":{"rendered":"<p>Gassal dizisinin 3. Sezonunda \u015fark\u0131lar\u0131 s\u00fcrpriz bir isim s\u00f6yleyecek. Dizinin \u015fark\u0131lar\u0131 \u00f6nceki sezonlarda \u015eahin Kendirci ve Bayhan taraf\u0131ndan s\u00f6ylenmi\u015fti.<\/p>\n<h3>GASSAL D\u0130Z\u0130S\u0130N\u0130N 3. SEZONUNDA B\u00dcY\u00dcK S\u00dcRPR\u0130Z<\/h3>\n<p>TRT Tabii\u2019nin dijitalde f\u0131rt\u0131na estiren dizisi Gassal yeni sezona yeni bir isimle geliyor. Dizinin \u015fark\u0131lar\u0131n\u0131 \u015fark\u0131c\u0131 Kubat\u2019\u0131n seslendirmesi bekleniyor. \u00dc\u00e7\u00fcnc\u00fc sezon haz\u0131rl\u0131klar\u0131na ba\u015flayan Gassal dizisinde Ahmet Kural ba\u015frolde yer alm\u0131\u015ft\u0131.<\/p>\n<p><img loading=\"lazy\" decoding=\"async\" class=\"alignnone size-full wp-image-206402\" src=\"https:\/\/www.tgrthaber.com\/mavikadin\/wp-content\/uploads\/Gassal-2.png\" alt=\"\" width=\"1208\" height=\"680\" title=\"\" srcset=\"https:\/\/www.tgrthaber.com\/mavikadin\/wp-content\/uploads\/Gassal-2.png 1208w, https:\/\/www.tgrthaber.com\/mavikadin\/wp-content\/uploads\/Gassal-2-300x169.png 300w, https:\/\/www.tgrthaber.com\/mavikadin\/wp-content\/uploads\/Gassal-2-1024x576.png 1024w, https:\/\/www.tgrthaber.com\/mavikadin\/wp-content\/uploads\/Gassal-2-768x432.png 768w\" sizes=\"(max-width: 1208px) 100vw, 1208px\" \/><\/p>\n<hr \/>\n<p>Her sezonuyla ses getiren dizi sadece hikayesiyle de\u011fil m\u00fczikleriyle de be\u011feni toplam\u0131\u015ft\u0131. Yeni sezonunda yani \u015fark\u0131lar\u0131yla dikkat \u00e7ekecek Gassal dizisinde bu kez \u015fark\u0131c\u0131 Kubat yer alacak.<\/p>\n<p>\u015eahin Kendirci\u2019nin \u201c\u0130\u00e7im Yanar\u201d cover\u2019\u0131yla ba\u015flayan m\u00fczik gelene\u011fini Bayhan\u2019\u0131n \u201cEfendim \u0130\u015fitmedim\u201d yorumu devam ettirmi\u015fti. \u015eimdi ise s\u0131ra Kubat\u2019ta olacak.<\/p>\n<h3>D\u0130J\u0130TAL D\u0130Z\u0130DE M\u0130LYONLARA DOKUNACAK<\/h3>\n<p>Kariyerinde geleneksel T\u00fcrk m\u00fczi\u011fini modern dokunu\u015flarla bir araya getiren Kubat, Gassal ile bu kez bir dijital dizide milyonlara dokunacak. Afyonkarahisarl\u0131 sanat\u00e7\u0131, dizide seslendirece\u011fi \u00f6zel \u015fark\u0131larla hem memleketine hem de Anadolu\u2019nun zengin m\u00fczik k\u00fclt\u00fcr\u00fcne g\u00fc\u00e7l\u00fc bir giri\u015f yapacak.<\/p>\n<p><img loading=\"lazy\" decoding=\"async\" class=\"alignnone size-full wp-image-206404\" src=\"https:\/\/www.tgrthaber.com\/mavikadin\/wp-content\/uploads\/Gassal-3.png\" alt=\"\" width=\"1208\" height=\"680\" title=\"\" srcset=\"https:\/\/www.tgrthaber.com\/mavikadin\/wp-content\/uploads\/Gassal-3.png 1208w, https:\/\/www.tgrthaber.com\/mavikadin\/wp-content\/uploads\/Gassal-3-300x169.png 300w, https:\/\/www.tgrthaber.com\/mavikadin\/wp-content\/uploads\/Gassal-3-1024x576.png 1024w, https:\/\/www.tgrthaber.com\/mavikadin\/wp-content\/uploads\/Gassal-3-768x432.png 768w\" sizes=\"(max-width: 1208px) 100vw, 1208px\" \/><\/p>\n<hr \/>\n<h3>GASSAL \u0130K\u0130NC\u0130 SEZONU \u00c7OK BE\u011eEN\u0130LD\u0130<\/h3>\n<p>Komedi ve dram\u0131n i\u00e7 i\u00e7e oldu\u011fu Gassal\u2019\u0131n ikinci sezon galas\u0131 \u0130stanbul&#8217;da ger\u00e7ekle\u015ftirilmi\u015fti. Galada konu\u015fan TRT Genel M\u00fcd\u00fcr\u00fc Mehmet Zahid Sobac\u0131, dizinin yay\u0131nland\u0131\u011f\u0131 ilk g\u00fcnden bu yana hikayesiyle, diyaloglar\u0131yla, m\u00fczikleriyle, hatta tan\u0131t\u0131m \u00e7al\u0131\u015fmalar\u0131yla \u00e7ok\u00e7a ad\u0131ndan s\u00f6z ettirdi\u011fini ifade ederek, &#8220;Dizi, izleyiciler taraf\u0131ndan \u00e7ok sevildi ve bunun neticesinde izlenme rekorlar\u0131 k\u0131rd\u0131. E\u011fer T\u00fcrkiye&#8217;de dizi sekt\u00f6r\u00fcnde k\u00fclt diziler listesi diye bir liste olu\u015fturulacaksa, Gassal dizisi mutlaka bu listedeki yerini ald\u0131.&#8221; dedi.<\/p>\n<p><img loading=\"lazy\" decoding=\"async\" class=\"alignnone size-full wp-image-206405\" src=\"https:\/\/www.tgrthaber.com\/mavikadin\/wp-content\/uploads\/Gassal-1.png\" alt=\"\" width=\"1208\" height=\"680\" title=\"\" srcset=\"https:\/\/www.tgrthaber.com\/mavikadin\/wp-content\/uploads\/Gassal-1.png 1208w, https:\/\/www.tgrthaber.com\/mavikadin\/wp-content\/uploads\/Gassal-1-300x169.png 300w, https:\/\/www.tgrthaber.com\/mavikadin\/wp-content\/uploads\/Gassal-1-1024x576.png 1024w, https:\/\/www.tgrthaber.com\/mavikadin\/wp-content\/uploads\/Gassal-1-768x432.png 768w\" sizes=\"(max-width: 1208px) 100vw, 1208px\" \/><\/p>\n<hr \/>\n<p><strong>Sobac\u0131 dikkat \u00e7eken s\u00f6zlerine \u015f\u00f6yle devam etmi\u015fti:<\/strong><\/p>\n<p>&#8220;Bu gala vesilesiyle Gassal dizisi ba\u011flam\u0131nda birka\u00e7 hususun alt\u0131n\u0131 \u00e7izmek isterim. Bildi\u011finiz gibi \u00f6zellikle dijital platformlarda, e\u011fer \u015fiddet, cinsellik, k\u00fcf\u00fcr ve argo i\u00e7ermiyorsa yap\u0131mlar\u0131n izlenmeyece\u011fine bir alg\u0131 olu\u015fturulmak isteniyor. Belki de Gassal&#8217;\u0131n en \u00f6nemli \u00f6zelli\u011fi ve en b\u00fcy\u00fck ba\u015far\u0131s\u0131 da burada. Gassal dizisi tam da bu ezberleri bozdu, tabular\u0131 y\u0131kt\u0131 ve bu alg\u0131 olu\u015fturma \u00e7abalar\u0131n\u0131 bo\u015fa d\u00fc\u015f\u00fcrd\u00fc. Bu diziyle g\u00f6rd\u00fck ki, iyiyi ve g\u00fczeli hat\u0131rlatan, hayat\u0131n i\u00e7inden olan, ahlaki ve k\u00fclt\u00fcrel de\u011ferlere zarar vermeyen, onlar\u0131 erozyona u\u011fratmayan, diziler de izleyiciler taraf\u0131ndan sahiplenebiliyormu\u015f.&#8221;<\/p>\n","protected":false},"excerpt":{"rendered":"<p>Gassal dizisinin 3. Sezonunda s\u00fcrpriz bir isim geliyor. Dizinin \u015fark\u0131lar\u0131n\u0131 s\u00f6yleyen \u015eahin Kendirci ve Bayhan\u2019dan sonra diziye Kubat dahil oluyor.<\/p>\n","protected":false},"author":5,"featured_media":206401,"comment_status":"closed","ping_status":"closed","sticky":false,"template":"","format":"standard","meta":{"rank_math_lock_modified_date":false,"footnotes":""},"categories":[602],"tags":[28467,3602,4542,27378,6203],"class_list":["post-206400","post","type-post","status-publish","format-standard","has-post-thumbnail","hentry","category-diziler","tag-ahmet-kurak","tag-diziler","tag-gassal","tag-kubat","tag-tabii"],"_links":{"self":[{"href":"https:\/\/www.tgrthaber.com\/mavikadin\/wp-json\/wp\/v2\/posts\/206400"}],"collection":[{"href":"https:\/\/www.tgrthaber.com\/mavikadin\/wp-json\/wp\/v2\/posts"}],"about":[{"href":"https:\/\/www.tgrthaber.com\/mavikadin\/wp-json\/wp\/v2\/types\/post"}],"author":[{"embeddable":true,"href":"https:\/\/www.tgrthaber.com\/mavikadin\/wp-json\/wp\/v2\/users\/5"}],"replies":[{"embeddable":true,"href":"https:\/\/www.tgrthaber.com\/mavikadin\/wp-json\/wp\/v2\/comments?post=206400"}],"version-history":[{"count":3,"href":"https:\/\/www.tgrthaber.com\/mavikadin\/wp-json\/wp\/v2\/posts\/206400\/revisions"}],"predecessor-version":[{"id":206411,"href":"https:\/\/www.tgrthaber.com\/mavikadin\/wp-json\/wp\/v2\/posts\/206400\/revisions\/206411"}],"wp:featuredmedia":[{"embeddable":true,"href":"https:\/\/www.tgrthaber.com\/mavikadin\/wp-json\/wp\/v2\/media\/206401"}],"wp:attachment":[{"href":"https:\/\/www.tgrthaber.com\/mavikadin\/wp-json\/wp\/v2\/media?parent=206400"}],"wp:term":[{"taxonomy":"category","embeddable":true,"href":"https:\/\/www.tgrthaber.com\/mavikadin\/wp-json\/wp\/v2\/categories?post=206400"},{"taxonomy":"post_tag","embeddable":true,"href":"https:\/\/www.tgrthaber.com\/mavikadin\/wp-json\/wp\/v2\/tags?post=206400"}],"curies":[{"name":"wp","href":"https:\/\/api.w.org\/{rel}","templated":true}]}}