{"id":206412,"date":"2025-07-17T10:10:35","date_gmt":"2025-07-17T07:10:35","guid":{"rendered":"https:\/\/www.tgrthaber.com\/mavikadin\/?p=206412"},"modified":"2025-07-17T10:10:35","modified_gmt":"2025-07-17T07:10:35","slug":"guzide-duran-eski-esinden-bosanmadi-mi-guzide-duran-kiminle-evli","status":"publish","type":"post","link":"https:\/\/www.tgrthaber.com\/mavikadin\/guzide-duran-eski-esinden-bosanmadi-mi-guzide-duran-kiminle-evli\/","title":{"rendered":"G\u00fczide Duran eski e\u015finden bo\u015fanmad\u0131 m\u0131? G\u00fczide Duran kiminle evli?"},"content":{"rendered":"<p>2000&#8217;li y\u0131llar\u0131n g\u00f6zde mankenlerinden G\u00fczide Duran uzun zamand\u0131r evlili\u011fi ile g\u00fcndemde. &#8216;G\u00fczide Duran bo\u015fand\u0131 m\u0131, yoksa hala evli mi?&#8217;, &#8216;G\u00fczide Duran kiminle evli&#8217;, gibi sorular g\u00fcndemi en \u00e7ok me\u015fgul eden konular aras\u0131nda yer al\u0131yor. Adnan Aksoy ile \u00e7alkant\u0131l\u0131 evlili\u011finin ard\u0131ndan Fikret Orman ile an\u0131lan Duran, kafalar\u0131 iyice kar\u0131\u015ft\u0131rm\u0131\u015f durumda. Peki uzun zaman ge\u00e7mesine ra\u011fmen evlili\u011fi hala merak edilen G\u00fczide Duran \u015fu an kiminle evli? G\u00fczide Duran ve Adnan Aksoy bo\u015fanmad\u0131 m\u0131? \u0130\u015fte merak edilenler&#8230;<\/p>\n<h3>G\u00dcZ\u0130DE DURAN ESK\u0130 E\u015e\u0130NDEN BO\u015eANMADI MI?<\/h3>\n<p>2008 y\u0131l\u0131nda Adnan Aksoy&#8217;la evlenen G\u00fczide Duran, y\u0131llard\u0131r s\u00fcren evlili\u011fini hen\u00fcz sonland\u0131rm\u0131\u015f de\u011fil. Bo\u015fanma s\u00fcrecinde bulunan Duran, Adnan Aksoy&#8217;la gerilimli ve tart\u0131\u015fmal\u0131 bir dava s\u00fcreciyle son zamanlarda g\u00fcndeme geliyor.<\/p>\n<p><img loading=\"lazy\" decoding=\"async\" class=\"alignnone wp-image-206420\" src=\"https:\/\/www.tgrthaber.com\/mavikadin\/wp-content\/uploads\/6752966229466d251bdbdd6c-300x185.webp\" alt=\"\" width=\"1208\" height=\"745\" title=\"\" srcset=\"https:\/\/www.tgrthaber.com\/mavikadin\/wp-content\/uploads\/6752966229466d251bdbdd6c-300x185.webp 300w, https:\/\/www.tgrthaber.com\/mavikadin\/wp-content\/uploads\/6752966229466d251bdbdd6c-768x474.webp 768w, https:\/\/www.tgrthaber.com\/mavikadin\/wp-content\/uploads\/6752966229466d251bdbdd6c.webp 900w\" sizes=\"(max-width: 1208px) 100vw, 1208px\" \/><\/p>\n<hr \/>\n<p>\u0130yice karma\u015f\u0131k olan bu s\u00fcre\u00e7te G\u00fczide Duran&#8217;\u0131n bir ba\u015fkas\u0131yla g\u00f6r\u00fcnt\u00fclenmesi de olduk\u00e7a dikkat \u00e7ekti. Bodrum&#8217;da Fikret Ormanla g\u00f6r\u00fcnt\u00fclenen eski manken Duran, &#8216;G\u00fczide Duran \u015fu an kiminle evli?&#8217; sorular\u0131n\u0131 da beraberinde getirdi. Ayr\u0131ca Adnan Aksoy ile hen\u00fcz resmiyette bo\u015fanmam\u0131\u015f olan Duran&#8217;\u0131n sosyal medya hesab\u0131ndan soy ismini de kald\u0131rmas\u0131 evlili\u011fi konusunda meraklar\u0131 iyice artt\u0131rm\u0131\u015f durumda.<\/p>\n<p><img loading=\"lazy\" decoding=\"async\" class=\"alignnone wp-image-206422\" src=\"https:\/\/www.tgrthaber.com\/mavikadin\/wp-content\/uploads\/33333333333-frz7-300x169.webp\" alt=\"\" width=\"1208\" height=\"680\" title=\"\" srcset=\"https:\/\/www.tgrthaber.com\/mavikadin\/wp-content\/uploads\/33333333333-frz7-300x169.webp 300w, https:\/\/www.tgrthaber.com\/mavikadin\/wp-content\/uploads\/33333333333-frz7-1024x576.webp 1024w, https:\/\/www.tgrthaber.com\/mavikadin\/wp-content\/uploads\/33333333333-frz7-768x432.webp 768w, https:\/\/www.tgrthaber.com\/mavikadin\/wp-content\/uploads\/33333333333-frz7-1536x864.webp 1536w, https:\/\/www.tgrthaber.com\/mavikadin\/wp-content\/uploads\/33333333333-frz7.webp 1600w\" sizes=\"(max-width: 1208px) 100vw, 1208px\" \/><\/p>\n<hr \/>\n<h3>G\u00dcZ\u0130DE DURAN K\u0130M\u0130NLE EVL\u0130?<\/h3>\n<p>\u0130ki \u00e7ocuklar\u0131 bulunan G\u00fczide Duran ve Adnan Aksoy \u00e7ifti 2008 y\u0131l\u0131nda nikah masas\u0131na oturmu\u015flard\u0131r. Evliliklerinde \u00e7atlaklar ba\u015f g\u00f6sterince ikili yollar\u0131n\u0131 ay\u0131rm\u0131\u015ft\u0131r. Adnan Aksoy ihanet su\u00e7lamas\u0131yla G\u00fczide Duran&#8217;a dava a\u00e7m\u0131\u015f, Duran ise kar\u015f\u0131 dava a\u00e7arak 20 milyon TL tazminat talebinde bulunmu\u015ftur.<\/p>\n<p><img loading=\"lazy\" decoding=\"async\" class=\"aligncenter wp-image-206425\" src=\"https:\/\/www.tgrthaber.com\/mavikadin\/wp-content\/uploads\/guzide-duran-2-300x169.webp\" alt=\"\" width=\"1208\" height=\"680\" title=\"\" srcset=\"https:\/\/www.tgrthaber.com\/mavikadin\/wp-content\/uploads\/guzide-duran-2-300x169.webp 300w, https:\/\/www.tgrthaber.com\/mavikadin\/wp-content\/uploads\/guzide-duran-2-1024x576.webp 1024w, https:\/\/www.tgrthaber.com\/mavikadin\/wp-content\/uploads\/guzide-duran-2-768x432.webp 768w, https:\/\/www.tgrthaber.com\/mavikadin\/wp-content\/uploads\/guzide-duran-2.webp 1200w\" sizes=\"(max-width: 1208px) 100vw, 1208px\" \/><\/p>\n<hr \/>\n<p>Uzun s\u00fcredir devam eden mahkeme s\u00fcrecinde Aksoy ve Duran birbirlerine ciddi su\u00e7lamalarda bulunmu\u015f ve \u00e7eki\u015fmeli bir dava s\u00fcrecine girmi\u015flerdir. Ancak \u015fu an resmi olarak nikahlar\u0131 hala devam etmekte olup, G\u00fczide Duran ve Adnan Aksoy evlidir.<\/p>\n<p><img loading=\"lazy\" decoding=\"async\" class=\"alignnone wp-image-206426\" src=\"https:\/\/www.tgrthaber.com\/mavikadin\/wp-content\/uploads\/f-e2p7_cover-300x169.jpg\" alt=\"\" width=\"1208\" height=\"680\" title=\"\" srcset=\"https:\/\/www.tgrthaber.com\/mavikadin\/wp-content\/uploads\/f-e2p7_cover-300x169.jpg 300w, https:\/\/www.tgrthaber.com\/mavikadin\/wp-content\/uploads\/f-e2p7_cover-1024x576.jpg 1024w, https:\/\/www.tgrthaber.com\/mavikadin\/wp-content\/uploads\/f-e2p7_cover-768x432.jpg 768w, https:\/\/www.tgrthaber.com\/mavikadin\/wp-content\/uploads\/f-e2p7_cover.jpg 1280w\" sizes=\"(max-width: 1208px) 100vw, 1208px\" \/><\/p>\n<hr \/>\n<h3>G\u00dcZ\u0130DE DURAN VE F\u0130KRET ORMAN BODRUM&#8217;DA G\u00d6R\u00dcNT\u00dcLEND\u0130<\/h3>\n<p>T\u00fcm bu sars\u0131c\u0131 geli\u015fmelere ra\u011fmen, Duran ge\u00e7ti\u011fimiz g\u00fcnlerde Be\u015fikta\u015f eski ba\u015fkan\u0131 Fikret Orman ile Bodrum&#8217;da g\u00f6r\u00fcnt\u00fclendi. Pasaport i\u015flemleri s\u0131ras\u0131nda da birlikte objektiflere tak\u0131lan ikili, haklar\u0131nda \u00e7\u0131kan a\u015fk iddialar\u0131n\u0131 daha da g\u00fc\u00e7lendirdi. Bunun yan\u0131nda &#8216;G\u00fczide Duran Aksoy&#8217; hesab\u0131n\u0131n sadece &#8216;Duran&#8217; olarak de\u011fi\u015ftirilmesi de, a\u015fk iddialar\u0131n\u0131n fitilini ate\u015fledi.<\/p>\n","protected":false},"excerpt":{"rendered":"<p>Eski manken G\u00fczide Duran&#8217;\u0131n \u00e7alkant\u0131l\u0131 evlili\u011fi ile g\u00fcndemden d\u00fc\u015fm\u00fcyor. Hal b\u00f6yle olunca son g\u00fcnlerde sosyal medyada en \u00e7ok merak edilen konular\u0131n ba\u015f\u0131nda da &#8216;G\u00fczide Duran kiminle evli?&#8217;, &#8216;G\u00fczide Duran bo\u015fand\u0131 m\u0131?&#8217; gibi sorular geldi. Kafalar\u0131 kar\u0131\u015ft\u0131ran detaylar ortaya \u00e7\u0131kt\u0131k\u00e7a, Duran&#8217;\u0131n \u00f6zel hayat\u0131na dair merakta giderek artm\u0131\u015f durumda. Peki G\u00fczide Duran \u015fu an kiminle evli? G\u00fczide Duran eski e\u015finden bo\u015fanmad\u0131 m\u0131? \u0130\u015fte merak edilen t\u00fcm detaylar&#8230;<\/p>\n","protected":false},"author":35,"featured_media":206413,"comment_status":"closed","ping_status":"closed","sticky":false,"template":"","format":"standard","meta":{"rank_math_lock_modified_date":false,"footnotes":""},"categories":[491],"tags":[11418,3374,1307,26753,28471],"class_list":["post-206412","post","type-post","status-publish","format-standard","has-post-thumbnail","hentry","category-biyografi","tag-adnan-aksoy","tag-biyografi","tag-guzide-duran","tag-guzide-duran-bosandi-mi","tag-guzide-duran-kiminle-evli"],"_links":{"self":[{"href":"https:\/\/www.tgrthaber.com\/mavikadin\/wp-json\/wp\/v2\/posts\/206412"}],"collection":[{"href":"https:\/\/www.tgrthaber.com\/mavikadin\/wp-json\/wp\/v2\/posts"}],"about":[{"href":"https:\/\/www.tgrthaber.com\/mavikadin\/wp-json\/wp\/v2\/types\/post"}],"author":[{"embeddable":true,"href":"https:\/\/www.tgrthaber.com\/mavikadin\/wp-json\/wp\/v2\/users\/35"}],"replies":[{"embeddable":true,"href":"https:\/\/www.tgrthaber.com\/mavikadin\/wp-json\/wp\/v2\/comments?post=206412"}],"version-history":[{"count":2,"href":"https:\/\/www.tgrthaber.com\/mavikadin\/wp-json\/wp\/v2\/posts\/206412\/revisions"}],"predecessor-version":[{"id":206428,"href":"https:\/\/www.tgrthaber.com\/mavikadin\/wp-json\/wp\/v2\/posts\/206412\/revisions\/206428"}],"wp:featuredmedia":[{"embeddable":true,"href":"https:\/\/www.tgrthaber.com\/mavikadin\/wp-json\/wp\/v2\/media\/206413"}],"wp:attachment":[{"href":"https:\/\/www.tgrthaber.com\/mavikadin\/wp-json\/wp\/v2\/media?parent=206412"}],"wp:term":[{"taxonomy":"category","embeddable":true,"href":"https:\/\/www.tgrthaber.com\/mavikadin\/wp-json\/wp\/v2\/categories?post=206412"},{"taxonomy":"post_tag","embeddable":true,"href":"https:\/\/www.tgrthaber.com\/mavikadin\/wp-json\/wp\/v2\/tags?post=206412"}],"curies":[{"name":"wp","href":"https:\/\/api.w.org\/{rel}","templated":true}]}}