{"id":206439,"date":"2025-07-17T11:01:53","date_gmt":"2025-07-17T08:01:53","guid":{"rendered":"https:\/\/www.tgrthaber.com\/mavikadin\/?p=206439"},"modified":"2025-09-19T23:09:49","modified_gmt":"2025-09-19T20:09:49","slug":"masterchef-yedekler-kimler-oldu-masterchef-yedek-isimler-merak-edildi","status":"publish","type":"post","link":"https:\/\/www.tgrthaber.com\/mavikadin\/masterchef-yedekler-kimler-oldu-masterchef-yedek-isimler-merak-edildi\/","title":{"rendered":"MasterChef yedekler kimler oldu? MasterChef yedek isimler merak edildi!"},"content":{"rendered":"<p>TV8 ekranlar\u0131n\u0131n vazge\u00e7ilmez yemek yar\u0131\u015fmas\u0131 program\u0131 MasterChef T\u00fcrkiye&#8217;de ana kadro netle\u015fmeye ba\u015flad\u0131. MasterChef T\u00fcrkiye&#8217;nin yen\u015f sezonunda ana kadro kadar yedek listede yer alacak yar\u0131\u015fmac\u0131lar da izleyici taraf\u0131ndan merak ediliyor. Eleme turlar\u0131ndan sonra, yar\u0131\u015fmada ana kadroya girmeye \u00e7al\u0131\u015fan yedek yar\u0131\u015fmac\u0131lar da ara\u015ft\u0131r\u0131l\u0131yor. &#8216;MasterChef yedekler kimler oldu?&#8217; sosyal medyan\u0131n en \u00e7ok ara\u015ft\u0131r\u0131lan sorular\u0131 aras\u0131nda yer al\u0131yor. \u015eeflerin karar\u0131, yar\u0131\u015fmac\u0131lar\u0131n sunum taba\u011f\u0131 ana kadro listesini belirlerken, son b\u00f6l\u00fcmde yar\u0131\u015fmac\u0131lar\u0131n performans\u0131 izleyiciden de tam not ald\u0131. Peki MasterChef yedekler kimler oldu? \u0130\u015fte MasterChef yedek isimler listesi&#8230;<\/p>\n<h3>MASTERCHEF YEDEKLER K\u0130MLER OLDU?<\/h3>\n<p>MasterChef T\u00fcrkiye&#8217;de 16 Temmuz 2025 itibar\u0131yla ana kadro ve yedek kadroda yar\u0131\u015facak isimler netle\u015fti. D\u00fcn ak\u015fam yay\u0131nlanan b\u00f6l\u00fcmde heyecan tavan yaparken, yar\u0131\u015fmac\u0131lar mutfakta resmen ter d\u00f6kt\u00fc.<\/p>\n<p><img loading=\"lazy\" decoding=\"async\" class=\"alignnone wp-image-206441\" src=\"https:\/\/www.tgrthaber.com\/mavikadin\/wp-content\/uploads\/687827d9c231c13bd86eda8f-300x170.webp\" alt=\"\" width=\"1208\" height=\"683\" title=\"\" srcset=\"https:\/\/www.tgrthaber.com\/mavikadin\/wp-content\/uploads\/687827d9c231c13bd86eda8f-300x170.webp 300w, https:\/\/www.tgrthaber.com\/mavikadin\/wp-content\/uploads\/687827d9c231c13bd86eda8f-768x434.webp 768w, https:\/\/www.tgrthaber.com\/mavikadin\/wp-content\/uploads\/687827d9c231c13bd86eda8f.webp 800w\" sizes=\"(max-width: 1208px) 100vw, 1208px\" \/><\/p>\n<hr \/>\n<p>Ana kadroya girmeyi netle\u015ftiren 5 isim sonras\u0131 yedeklerden gelen s\u00fcrpriz isimlerde ekranlara damga vurdu. \u0130kinci etapta yap\u0131lan bal\u0131k \u00e7orbas\u0131 konsepti ile beklenmeyen durumlar ya\u015fan\u0131lan MasterChef&#8217;te yedeklere kalan isimler de belirlenmi\u015f oldu.<\/p>\n<p><img loading=\"lazy\" decoding=\"async\" class=\"alignnone wp-image-206442\" src=\"https:\/\/www.tgrthaber.com\/mavikadin\/wp-content\/uploads\/MasterChef-15-Temmuz-2025-ana-kadroya-kim-girdi-5.-yarismaci-kim-olu--300x169.webp\" alt=\"\" width=\"1208\" height=\"680\" title=\"\" srcset=\"https:\/\/www.tgrthaber.com\/mavikadin\/wp-content\/uploads\/MasterChef-15-Temmuz-2025-ana-kadroya-kim-girdi-5.-yarismaci-kim-olu--300x169.webp 300w, https:\/\/www.tgrthaber.com\/mavikadin\/wp-content\/uploads\/MasterChef-15-Temmuz-2025-ana-kadroya-kim-girdi-5.-yarismaci-kim-olu--1024x576.webp 1024w, https:\/\/www.tgrthaber.com\/mavikadin\/wp-content\/uploads\/MasterChef-15-Temmuz-2025-ana-kadroya-kim-girdi-5.-yarismaci-kim-olu--768x432.webp 768w, https:\/\/www.tgrthaber.com\/mavikadin\/wp-content\/uploads\/MasterChef-15-Temmuz-2025-ana-kadroya-kim-girdi-5.-yarismaci-kim-olu--1536x864.webp 1536w, https:\/\/www.tgrthaber.com\/mavikadin\/wp-content\/uploads\/MasterChef-15-Temmuz-2025-ana-kadroya-kim-girdi-5.-yarismaci-kim-olu-.webp 1600w\" sizes=\"(max-width: 1208px) 100vw, 1208px\" \/><\/p>\n<hr \/>\n<h3>ANA KADROYA G\u0130REN 5 YARI\u015eMACI BELL\u0130 OLDU!<\/h3>\n<p>MasterChef T\u00fcrkiye 2025 sezonunda 5 g\u00fcn boyunca devam eden rekabet sonras\u0131nda ana kadrodaki 5 isim de belirlendi. MasterChef Furkan ana kadroya ad\u0131n\u0131 yazd\u0131ran ilk yar\u0131\u015fmac\u0131 olurken, Eyl\u00fcl, \u00c7a\u011fatay ve Onur&#8217;da \u015feflerden ge\u00e7er notu alarak MasterChef ana kadroda yer ald\u0131. Son olarak MasterChef T\u00fcrkiye&#8217;de \u00f6nl\u00fc\u011f\u00fc giymeye hak kazanan isim Hilal oldu.<\/p>\n<p><img loading=\"lazy\" decoding=\"async\" class=\"alignnone wp-image-206443\" src=\"https:\/\/www.tgrthaber.com\/mavikadin\/wp-content\/uploads\/687826c0c231c13bd86eda89-300x172.webp\" alt=\"\" width=\"1208\" height=\"691\" title=\"\" srcset=\"https:\/\/www.tgrthaber.com\/mavikadin\/wp-content\/uploads\/687826c0c231c13bd86eda89-300x172.webp 300w, https:\/\/www.tgrthaber.com\/mavikadin\/wp-content\/uploads\/687826c0c231c13bd86eda89-768x439.webp 768w, https:\/\/www.tgrthaber.com\/mavikadin\/wp-content\/uploads\/687826c0c231c13bd86eda89.webp 900w\" sizes=\"(max-width: 1208px) 100vw, 1208px\" \/><\/p>\n<hr \/>\n<h3>MASTERCHEF YEDEK \u0130S\u0130MLER MERAK ED\u0130LD\u0130!<\/h3>\n<p>MasterChef T\u00fcrkiye&#8217;nin 16 Temmuz \u00c7ar\u015famba g\u00fcn\u00fc yay\u0131nlanan b\u00f6l\u00fcm\u00fcyle yedek isimler de netle\u015fmi\u015f oldu. \u0130lk etapta Elif ve Bilal MasterChef yedek isimlere ad\u0131n\u0131 yazd\u0131rd\u0131. \u0130kinci etapta yar\u0131\u015fmac\u0131lar bal\u0131k \u00e7orbas\u0131 i\u00e7in mutfakta k\u0131yas\u0131ya m\u00fccadele ederken, ba\u015far\u0131l\u0131 bulunan Do\u011fan ve Meryem ana kadrodaki yedek s\u0131ralamas\u0131nda yerlerini ald\u0131. MasterChef&#8217;in yedek isimler listesi, Elif, Bilal, Do\u011fan ve Meryem olarak son b\u00f6l\u00fcmle belirlenmi\u015f oldu.<\/p>\n<p><img loading=\"lazy\" decoding=\"async\" class=\"alignnone wp-image-206444\" src=\"https:\/\/www.tgrthaber.com\/mavikadin\/wp-content\/uploads\/masterchef-turkiye-ana-kadroya-kimler-girdi-yedekler-belli-oldu_842x474_VQHv86UTvp-300x169.webp\" alt=\"\" width=\"1208\" height=\"680\" title=\"\" srcset=\"https:\/\/www.tgrthaber.com\/mavikadin\/wp-content\/uploads\/masterchef-turkiye-ana-kadroya-kimler-girdi-yedekler-belli-oldu_842x474_VQHv86UTvp-300x169.webp 300w, https:\/\/www.tgrthaber.com\/mavikadin\/wp-content\/uploads\/masterchef-turkiye-ana-kadroya-kimler-girdi-yedekler-belli-oldu_842x474_VQHv86UTvp-768x432.webp 768w, https:\/\/www.tgrthaber.com\/mavikadin\/wp-content\/uploads\/masterchef-turkiye-ana-kadroya-kimler-girdi-yedekler-belli-oldu_842x474_VQHv86UTvp.webp 842w\" sizes=\"(max-width: 1208px) 100vw, 1208px\" \/><\/p>\n<hr \/>\n<p>MasterChef T\u00fcrkiye&#8217;de ana kadro tam belirlenmi\u015f de\u011fil. MasterChef&#8217;te yar\u0131\u015fmac\u0131lar\u0131n g\u00f6sterece\u011fi performanslar \u015fimdiden merak konusu olmu\u015f durumda.<\/p>\n","protected":false},"excerpt":{"rendered":"<p>MsaterChef T\u00fcrkiye&#8217;de nefes kesen m\u00fccadele t\u00fcm h\u0131z\u0131yla s\u00fcr\u00fcyor. MasterChef izleyicisi yedek yar\u0131\u015fmac\u0131lar\u0131 ara\u015ft\u0131rmaya ba\u015flad\u0131 bile. Ana kadrodaki isimler kadar MasterChef yedek yar\u0131\u015fmac\u0131lar\u0131 da merak konusu oldu. Peki MasterChef T\u00fcrkiye&#8217;de yedekler kim oldu? \u0130\u015fte MasterChef tam yedek listesi&#8230;<\/p>\n","protected":false},"author":35,"featured_media":206440,"comment_status":"closed","ping_status":"closed","sticky":false,"template":"","format":"standard","meta":{"rank_math_lock_modified_date":false,"footnotes":""},"categories":[76],"tags":[28476,1120,28475,28474],"class_list":["post-206439","post","type-post","status-publish","format-standard","has-post-thumbnail","hentry","category-magazin","tag-16-temmuz-2025-masterchef-kadrosu","tag-masterchef","tag-masterchef-ana-kadro-2025","tag-masterchef-turkiye-yedekler"],"_links":{"self":[{"href":"https:\/\/www.tgrthaber.com\/mavikadin\/wp-json\/wp\/v2\/posts\/206439"}],"collection":[{"href":"https:\/\/www.tgrthaber.com\/mavikadin\/wp-json\/wp\/v2\/posts"}],"about":[{"href":"https:\/\/www.tgrthaber.com\/mavikadin\/wp-json\/wp\/v2\/types\/post"}],"author":[{"embeddable":true,"href":"https:\/\/www.tgrthaber.com\/mavikadin\/wp-json\/wp\/v2\/users\/35"}],"replies":[{"embeddable":true,"href":"https:\/\/www.tgrthaber.com\/mavikadin\/wp-json\/wp\/v2\/comments?post=206439"}],"version-history":[{"count":2,"href":"https:\/\/www.tgrthaber.com\/mavikadin\/wp-json\/wp\/v2\/posts\/206439\/revisions"}],"predecessor-version":[{"id":206446,"href":"https:\/\/www.tgrthaber.com\/mavikadin\/wp-json\/wp\/v2\/posts\/206439\/revisions\/206446"}],"wp:featuredmedia":[{"embeddable":true,"href":"https:\/\/www.tgrthaber.com\/mavikadin\/wp-json\/wp\/v2\/media\/206440"}],"wp:attachment":[{"href":"https:\/\/www.tgrthaber.com\/mavikadin\/wp-json\/wp\/v2\/media?parent=206439"}],"wp:term":[{"taxonomy":"category","embeddable":true,"href":"https:\/\/www.tgrthaber.com\/mavikadin\/wp-json\/wp\/v2\/categories?post=206439"},{"taxonomy":"post_tag","embeddable":true,"href":"https:\/\/www.tgrthaber.com\/mavikadin\/wp-json\/wp\/v2\/tags?post=206439"}],"curies":[{"name":"wp","href":"https:\/\/api.w.org\/{rel}","templated":true}]}}