{"id":206449,"date":"2025-07-17T11:14:31","date_gmt":"2025-07-17T08:14:31","guid":{"rendered":"https:\/\/www.tgrthaber.com\/mavikadin\/?p=206449"},"modified":"2025-07-17T11:14:46","modified_gmt":"2025-07-17T08:14:46","slug":"is-insani-suzan-sabanci-yeni-yatirimini-acikladi-hedefi-dunya-guzellik-sektoru","status":"publish","type":"post","link":"https:\/\/www.tgrthaber.com\/mavikadin\/is-insani-suzan-sabanci-yeni-yatirimini-acikladi-hedefi-dunya-guzellik-sektoru\/","title":{"rendered":"\u0130\u015f insan\u0131 Suzan Sabanc\u0131 yeni yat\u0131r\u0131m\u0131n\u0131 a\u00e7\u0131klad\u0131! Hedefi d\u00fcnya g\u00fczellik sekt\u00f6r\u00fc"},"content":{"rendered":"<p>\u0130\u015f insan\u0131 Suzan Sabanc\u0131 yeni yat\u0131r\u0131m\u0131n\u0131 hayata ge\u00e7irmek i\u00e7in haz\u0131rlan\u0131yor. Y\u0131llard\u0131r finans sekt\u00f6r\u00fcnde yer alarak dikkatleri \u00fczerine \u00e7eken i\u015f insan\u0131 bu kez farkl\u0131 bir sekt\u00f6r i\u00e7in ad\u0131m atacak.<\/p>\n<p>Kozmetik ve sa\u011fl\u0131kl\u0131 ya\u015fam alan\u0131na y\u00f6nelen Sabanc\u0131, uluslararas\u0131 bir biyoteknoloji \u015firketiyle i\u015f birli\u011fi yap\u0131yor. Sabanc\u0131 yeni markas\u0131yla g\u00fczellik ve uzun ya\u015fam \u00fcr\u00fcnleri piyasaya s\u00fcrecek.<\/p>\n<p><img loading=\"lazy\" decoding=\"async\" class=\"alignnone size-full wp-image-206450\" src=\"https:\/\/www.tgrthaber.com\/mavikadin\/wp-content\/uploads\/Suzan-Sabanci-1.png\" alt=\"\" width=\"1208\" height=\"680\" title=\"\" srcset=\"https:\/\/www.tgrthaber.com\/mavikadin\/wp-content\/uploads\/Suzan-Sabanci-1.png 1208w, https:\/\/www.tgrthaber.com\/mavikadin\/wp-content\/uploads\/Suzan-Sabanci-1-300x169.png 300w, https:\/\/www.tgrthaber.com\/mavikadin\/wp-content\/uploads\/Suzan-Sabanci-1-1024x576.png 1024w, https:\/\/www.tgrthaber.com\/mavikadin\/wp-content\/uploads\/Suzan-Sabanci-1-768x432.png 768w\" sizes=\"(max-width: 1208px) 100vw, 1208px\" \/><\/p>\n<hr \/>\n<p>Uzun zamand\u0131r banka y\u00f6neten Suzan Sabanc\u0131 kendisi i\u00e7in finans sekt\u00f6r\u00fcyle ili\u015fkisi olmayan bir i\u015f kurdu.<\/p>\n<p>Kad\u0131nlar\u0131 g\u00fczelle\u015ftirmek ve insanlar\u0131n sa\u011fl\u0131kl\u0131 ya\u015famas\u0131na katk\u0131 sa\u011flamak i\u00e7in \u00e7al\u0131\u015facak Suzan Sabanc\u0131 markas\u0131yla dikkat \u00e7ekiyor. Suzan Sabanc\u0131 l\u00fcks cilt bak\u0131m\u0131 ve kozmetik \u00fcr\u00fcnlerini piyasaya s\u00fcrmek i\u00e7in son haz\u0131rl\u0131klar\u0131n\u0131 yap\u0131yor.<\/p>\n<h3>SUZAN SABANCI K\u0130MD\u0130R?<\/h3>\n<p>1965 y\u0131l\u0131nda d\u00fcnyaya gelen Suzan Sabanc\u0131, Akbank&#8217;\u0131n y\u00f6netim kurulu ba\u015fkan\u0131 ve Sabanc\u0131 Holding\u2019in y\u00f6netim kurulu \u00fcyesidir.<\/p>\n<p>Ayn\u0131 zamanda Sabanc\u0131 ailesinin 3. Ku\u015fak \u00fcyesidir.<\/p>\n<p><img loading=\"lazy\" decoding=\"async\" class=\"alignnone size-full wp-image-206451\" src=\"https:\/\/www.tgrthaber.com\/mavikadin\/wp-content\/uploads\/Suzan-Sabanci-2.png\" alt=\"\" width=\"1208\" height=\"680\" title=\"\" srcset=\"https:\/\/www.tgrthaber.com\/mavikadin\/wp-content\/uploads\/Suzan-Sabanci-2.png 1208w, https:\/\/www.tgrthaber.com\/mavikadin\/wp-content\/uploads\/Suzan-Sabanci-2-300x169.png 300w, https:\/\/www.tgrthaber.com\/mavikadin\/wp-content\/uploads\/Suzan-Sabanci-2-1024x576.png 1024w, https:\/\/www.tgrthaber.com\/mavikadin\/wp-content\/uploads\/Suzan-Sabanci-2-768x432.png 768w\" sizes=\"(max-width: 1208px) 100vw, 1208px\" \/><\/p>\n<hr \/>\n<p>Erol Sabanc\u0131 ve Belk\u0131s Sabanc\u0131 \u00e7iftinin k\u0131z\u0131 olarak do\u011fan Suzan Sabanc\u0131, Lisans \u00f6\u011frenimini \u0130ngiltere&#8217;deki Richmond University&#8217;de Finans ve Uluslararas\u0131 Pazarlama \u00fczerine ger\u00e7ekle\u015ftirdi.<\/p>\n<p>ABD\u2019de Boston University&#8217;den i\u015fletme dal\u0131nda lisans \u00fcst\u00fc (MBA) derecesi kazand\u0131.<\/p>\n<p>1989\u2019da Akbank&#8217;ta Hazine B\u00f6l\u00fcm Ba\u015fkan\u0131 olarak g\u00f6rev yapt\u0131.<\/p>\n<p><img loading=\"lazy\" decoding=\"async\" class=\"alignnone size-full wp-image-206452\" src=\"https:\/\/www.tgrthaber.com\/mavikadin\/wp-content\/uploads\/Suzan-Sabanci-3.png\" alt=\"\" width=\"1208\" height=\"680\" title=\"\" srcset=\"https:\/\/www.tgrthaber.com\/mavikadin\/wp-content\/uploads\/Suzan-Sabanci-3.png 1208w, https:\/\/www.tgrthaber.com\/mavikadin\/wp-content\/uploads\/Suzan-Sabanci-3-300x169.png 300w, https:\/\/www.tgrthaber.com\/mavikadin\/wp-content\/uploads\/Suzan-Sabanci-3-1024x576.png 1024w, https:\/\/www.tgrthaber.com\/mavikadin\/wp-content\/uploads\/Suzan-Sabanci-3-768x432.png 768w\" sizes=\"(max-width: 1208px) 100vw, 1208px\" \/><\/p>\n<hr \/>\n<p>1994 y\u0131l\u0131nda Akbank\u2019ta Hazineden Sorumlu Genel M\u00fcd\u00fcr Yard\u0131mc\u0131l\u0131\u011f\u0131 g\u00f6revine atand\u0131.<\/p>\n<p>Akbank Y\u00f6netim Kurulu&#8217;nda 1997&#8217;de fon y\u00f6netimi ve uluslararas\u0131 ili\u015fkilerden sorumlu murahhas \u00fcye, 2000 y\u0131l\u0131nda ise t\u00fcm konulardan sorumlu murahhas \u00fcye olarak atand\u0131.\u00a0 28 Mart 2008\u2019de ise Akbank Y\u00f6netim Kurulu Ba\u015fkanl\u0131\u011f\u0131&#8217;na se\u00e7ildi.<\/p>\n<p>Bu g\u00f6revindeyken Suzan Sabanc\u0131 2007 y\u0131l\u0131nda Financial Times taraf\u0131ndan T\u00fcrkiye&#8217;deki &#8220;muhtemelen en g\u00fc\u00e7l\u00fc i\u015f kad\u0131n\u0131&#8221; olarak unvan ald\u0131.<\/p>\n<p>Newsweek dergisinde \u00fclkenin en iyi i\u015f adamlar\u0131-kad\u0131nlar\u0131ndan biri olarak dikkat \u00e7ekti.<\/p>\n<p>2010\u2019da ise Financial Times&#8217;\u0131n haz\u0131rlad\u0131\u011f\u0131, \u015firket ve gruplarda en tepede olmasa da \u00fcst d\u00fczey y\u00f6netici pozisyonunda bulunan ve gelece\u011fin liderleri olarak g\u00f6sterilen i\u015f kad\u0131nlar\u0131n\u0131 da listelendi\u011fi Zirvedeki \u0130\u015f Kad\u0131nlar\u0131-Alternatif 50 listesinde de yer ald\u0131.<\/p>\n","protected":false},"excerpt":{"rendered":"<p>Suzan Sabanc\u0131 yeni yat\u0131r\u0131m\u0131n\u0131 a\u00e7\u0131klad\u0131. Finans sekt\u00f6r\u00fcnde ba\u015far\u0131lar\u0131yla ad\u0131ndan s\u00f6z ettiren i\u015f insan\u0131 bu kez farkl\u0131 bir sekt\u00f6re yer almaya haz\u0131rlan\u0131yor.<\/p>\n","protected":false},"author":5,"featured_media":206453,"comment_status":"closed","ping_status":"closed","sticky":false,"template":"","format":"standard","meta":{"rank_math_lock_modified_date":false,"footnotes":""},"categories":[76],"tags":[28479,133,28477,28478],"class_list":["post-206449","post","type-post","status-publish","format-standard","has-post-thumbnail","hentry","category-magazin","tag-guzellik-sektoru","tag-magazin","tag-suzan-sabanci","tag-suzan-sabanci-yeni-isi"],"_links":{"self":[{"href":"https:\/\/www.tgrthaber.com\/mavikadin\/wp-json\/wp\/v2\/posts\/206449"}],"collection":[{"href":"https:\/\/www.tgrthaber.com\/mavikadin\/wp-json\/wp\/v2\/posts"}],"about":[{"href":"https:\/\/www.tgrthaber.com\/mavikadin\/wp-json\/wp\/v2\/types\/post"}],"author":[{"embeddable":true,"href":"https:\/\/www.tgrthaber.com\/mavikadin\/wp-json\/wp\/v2\/users\/5"}],"replies":[{"embeddable":true,"href":"https:\/\/www.tgrthaber.com\/mavikadin\/wp-json\/wp\/v2\/comments?post=206449"}],"version-history":[{"count":1,"href":"https:\/\/www.tgrthaber.com\/mavikadin\/wp-json\/wp\/v2\/posts\/206449\/revisions"}],"predecessor-version":[{"id":206454,"href":"https:\/\/www.tgrthaber.com\/mavikadin\/wp-json\/wp\/v2\/posts\/206449\/revisions\/206454"}],"wp:featuredmedia":[{"embeddable":true,"href":"https:\/\/www.tgrthaber.com\/mavikadin\/wp-json\/wp\/v2\/media\/206453"}],"wp:attachment":[{"href":"https:\/\/www.tgrthaber.com\/mavikadin\/wp-json\/wp\/v2\/media?parent=206449"}],"wp:term":[{"taxonomy":"category","embeddable":true,"href":"https:\/\/www.tgrthaber.com\/mavikadin\/wp-json\/wp\/v2\/categories?post=206449"},{"taxonomy":"post_tag","embeddable":true,"href":"https:\/\/www.tgrthaber.com\/mavikadin\/wp-json\/wp\/v2\/tags?post=206449"}],"curies":[{"name":"wp","href":"https:\/\/api.w.org\/{rel}","templated":true}]}}