{"id":206474,"date":"2025-07-17T12:50:48","date_gmt":"2025-07-17T09:50:48","guid":{"rendered":"https:\/\/www.tgrthaber.com\/mavikadin\/?p=206474"},"modified":"2025-07-17T12:50:48","modified_gmt":"2025-07-17T09:50:48","slug":"kerem-ozdogan-kimdir-kac-yasinda-kerem-ozdogan-kiminle-evli","status":"publish","type":"post","link":"https:\/\/www.tgrthaber.com\/mavikadin\/kerem-ozdogan-kimdir-kac-yasinda-kerem-ozdogan-kiminle-evli\/","title":{"rendered":"Kerem \u00d6zdo\u011fan kimdir ka\u00e7 ya\u015f\u0131nda? Kerem \u00d6zdo\u011fan kiminle evli?"},"content":{"rendered":"<p>Ba\u015far\u0131l\u0131 kariyeriyle tan\u0131nan Kerem \u00d6zdo\u011fan, \u00f6zel hayat\u0131nda ya\u015fanan bir geli\u015fmeyle g\u00fcndeme geldi. \u00d6zdo\u011fan ilk kez baba olman\u0131n heyecan\u0131n\u0131 sevenleriyle payla\u015f\u0131rken, sosyal medyada hayat\u0131 yeniden sorgulanmaya ba\u015fland\u0131. \u00d6zellikle Kerem \u00d6zdo\u011fan&#8217;\u0131n kiminle evli oldu\u011fu ara\u015ft\u0131r\u0131l\u0131rken, ya\u015f\u0131 ve hayat\u0131na dair di\u011fer detaylarda, arama motorlar\u0131nda arat\u0131l\u0131yor. Peki kimdir Kerem \u00d6zdo\u011fan? Ka\u00e7 ya\u015f\u0131nda, kiminle evlidir? \u0130\u015fte oyuncu ve senarist Kerem \u00d6zdo\u011fan hakk\u0131nda merak edilen t\u00fcm detaylar&#8230;<\/p>\n<h3>KEREM \u00d6ZDO\u011eAN K\u0130MD\u0130R KA\u00c7 YA\u015eINDA?<\/h3>\n<p>Kerem \u00d6zdo\u011fan, 1988 do\u011fumludur. \u0130stanbul&#8217;da d\u00fcnyaya gelen ba\u015far\u0131l\u0131 isim, \u015fu an 37 ya\u015f\u0131nda. Ege \u00dcniversitesi Su \u00dcr\u00fcnleri Fak\u00fcltesi&#8217;nden mezun olan \u00d6zdo\u011fan, daha sonra Hali\u00e7 \u00dcniversitesi&#8217;nde tiyatro b\u00f6l\u00fcm\u00fcnde y\u00fcksek lisans yapm\u0131\u015ft\u0131r.<\/p>\n<p><img loading=\"lazy\" decoding=\"async\" class=\"alignnone wp-image-206476\" src=\"https:\/\/www.tgrthaber.com\/mavikadin\/wp-content\/uploads\/diger-resim-2241cb1f-2324-443d-90d0-b3e16c140fc0-300x169.jpg\" alt=\"\" width=\"1208\" height=\"680\" title=\"\" srcset=\"https:\/\/www.tgrthaber.com\/mavikadin\/wp-content\/uploads\/diger-resim-2241cb1f-2324-443d-90d0-b3e16c140fc0-300x169.jpg 300w, https:\/\/www.tgrthaber.com\/mavikadin\/wp-content\/uploads\/diger-resim-2241cb1f-2324-443d-90d0-b3e16c140fc0-1024x576.jpg 1024w, https:\/\/www.tgrthaber.com\/mavikadin\/wp-content\/uploads\/diger-resim-2241cb1f-2324-443d-90d0-b3e16c140fc0-768x432.jpg 768w, https:\/\/www.tgrthaber.com\/mavikadin\/wp-content\/uploads\/diger-resim-2241cb1f-2324-443d-90d0-b3e16c140fc0.jpg 1280w\" sizes=\"(max-width: 1208px) 100vw, 1208px\" \/><\/p>\n<hr \/>\n<p>\u0130lk \u00f6nce sekt\u00f6re sahne arkas\u0131nda ba\u015flayan \u00d6zdo\u011fan, zamanla oyunculu\u011fa da y\u00f6nelmi\u015f ve bu alanda da ad\u0131n\u0131 duyurmay\u0131 ba\u015farm\u0131\u015ft\u0131r. Kerem \u00d6zdo\u011fan&#8217;\u0131n ilk dikkat \u00e7eken projesi ise, Buyur Bi&#8217;De Burdan Bak olmu\u015ftur. Daha sonra Var Bunlar dizisinde boy g\u00f6steren Kerem \u00d6zdo\u011fan as\u0131l \u00e7\u0131k\u0131\u015f\u0131n\u0131 Prens adl\u0131 diziyle yapm\u0131\u015ft\u0131r. Prens dizisinin hem senaryo ekibinde yer alm\u0131\u015f hem de dizide El\u00e7i Sangu rol\u00fcn\u00fc \u00fcstlenmi\u015ftir. Bunun d\u0131\u015f\u0131nda \u00d6zdo\u011fan 2024 projelerinden olan Gizli Bah\u00e7e dizisinde de izleyicinin be\u011fenini kazanm\u0131\u015ft\u0131r.<\/p>\n<p><img loading=\"lazy\" decoding=\"async\" class=\"alignnone wp-image-206477\" src=\"https:\/\/www.tgrthaber.com\/mavikadin\/wp-content\/uploads\/prens-1-300x169.webp\" alt=\"\" width=\"1208\" height=\"680\" title=\"\" srcset=\"https:\/\/www.tgrthaber.com\/mavikadin\/wp-content\/uploads\/prens-1-300x169.webp 300w, https:\/\/www.tgrthaber.com\/mavikadin\/wp-content\/uploads\/prens-1-1024x576.webp 1024w, https:\/\/www.tgrthaber.com\/mavikadin\/wp-content\/uploads\/prens-1-768x432.webp 768w, https:\/\/www.tgrthaber.com\/mavikadin\/wp-content\/uploads\/prens-1.webp 1280w\" sizes=\"(max-width: 1208px) 100vw, 1208px\" \/><\/p>\n<h3>KEREM \u00d6ZDO\u011eAN K\u0130M\u0130NLE EVL\u0130? E\u015e\u0130 K\u0130MD\u0130R?<\/h3>\n<p>Kerem \u00d6zdo\u011fan&#8217;\u0131n baba oldu\u011fu haberiyle birlikte g\u00fcndeme ta\u015f\u0131nan \u00f6zel hayat\u0131nda e\u015fi de merak edildi. 2022 y\u0131l\u0131nda oyuncu ve senarist Cansu Kahvecio\u011flu ile evlenen Kerem \u00d6zdo\u011fan, genellikle \u00f6zel ya\u015fam\u0131n\u0131 medyadan uzak tutmay\u0131 tercih edenlerden.<\/p>\n<p><img loading=\"lazy\" decoding=\"async\" class=\"alignnone wp-image-206480\" src=\"https:\/\/www.tgrthaber.com\/mavikadin\/wp-content\/uploads\/Adsiz-tasarim-22-14-300x169.png\" alt=\"\" width=\"1208\" height=\"680\" title=\"\" srcset=\"https:\/\/www.tgrthaber.com\/mavikadin\/wp-content\/uploads\/Adsiz-tasarim-22-14-300x169.png 300w, https:\/\/www.tgrthaber.com\/mavikadin\/wp-content\/uploads\/Adsiz-tasarim-22-14-1024x576.png 1024w, https:\/\/www.tgrthaber.com\/mavikadin\/wp-content\/uploads\/Adsiz-tasarim-22-14-768x432.png 768w, https:\/\/www.tgrthaber.com\/mavikadin\/wp-content\/uploads\/Adsiz-tasarim-22-14-1536x864.png 1536w, https:\/\/www.tgrthaber.com\/mavikadin\/wp-content\/uploads\/Adsiz-tasarim-22-14.png 1920w\" sizes=\"(max-width: 1208px) 100vw, 1208px\" \/><\/p>\n<hr \/>\n<p>&nbsp;<\/p>\n<p>26 A\u011fustos 2022&#8217;de nikah masas\u0131na oturdu\u011fu e\u015fiyle, mutlu bir evlilik s\u00fcren \u00d6zdo\u011fan, d\u00fcnyaya gelen k\u0131zlar\u0131 Leyla ile g\u00fcndemde yer al\u0131yor. Kerem \u00d6zda\u011fan baba olduktan sonra yapt\u0131\u011f\u0131 a\u00e7\u0131klamada, Leyla ismini daha e\u015fi hamileyken belirlediklerini ve bu ismin e\u015finin tercihi oldu\u011funu dile getirdi.<\/p>\n<p><img loading=\"lazy\" decoding=\"async\" class=\"alignnone wp-image-206479\" src=\"https:\/\/www.tgrthaber.com\/mavikadin\/wp-content\/uploads\/Adsiz-tasarim-23-14-300x169.png\" alt=\"\" width=\"3120800\" height=\"1755450\" title=\"\" srcset=\"https:\/\/www.tgrthaber.com\/mavikadin\/wp-content\/uploads\/Adsiz-tasarim-23-14-300x169.png 300w, https:\/\/www.tgrthaber.com\/mavikadin\/wp-content\/uploads\/Adsiz-tasarim-23-14-1024x576.png 1024w, https:\/\/www.tgrthaber.com\/mavikadin\/wp-content\/uploads\/Adsiz-tasarim-23-14-768x432.png 768w, https:\/\/www.tgrthaber.com\/mavikadin\/wp-content\/uploads\/Adsiz-tasarim-23-14-1536x864.png 1536w, https:\/\/www.tgrthaber.com\/mavikadin\/wp-content\/uploads\/Adsiz-tasarim-23-14.png 1920w\" sizes=\"(max-width: 3120800px) 100vw, 3120800px\" \/><\/p>\n<hr \/>\n<p>17 Temmuz 2025 y\u0131l\u0131nda baba olan Kerem \u00d6zdo\u011fan, bebe\u011fin sa\u011fl\u0131\u011f\u0131n\u0131n gayet iyi oldu\u011funu da belirtti. Leyla ismini verdikleri k\u0131zlar\u0131, \u00e7iftin ilk \u00e7ocuklar\u0131 oluyor. Do\u011fumu ise Maslak Ac\u0131badem Hastanesi&#8217;nde ger\u00e7ekle\u015fti.<\/p>\n","protected":false},"excerpt":{"rendered":"<p>Senarist ve oyuncu kimli\u011fiyle tan\u0131nan Kerem \u00d6zdo\u011fan, k\u0131zlar\u0131 Leyla&#8217;n\u0131n do\u011fum m\u00fcjdesiyle yeniden g\u00fcndeme geldi. Prens dizisinin yazarlar\u0131ndan olan Kerem \u00d6zdo\u011fan&#8217;\u0131n hayat\u0131 ara\u015ft\u0131r\u0131l\u0131yor. Peki Kerem \u00d6zdo\u011fan kimdir, ka\u00e7 ya\u015f\u0131ndad\u0131r? Kerem \u00d6zdo\u011fan kiminle evli? \u0130\u015fte k\u0131z\u0131n\u0131n do\u011fumu sonras\u0131 merak edilen Kerem \u00d6zdo\u011fan&#8217;\u0131n hayat\u0131na dair t\u00fcm detaylar&#8230;<\/p>\n","protected":false},"author":35,"featured_media":206475,"comment_status":"closed","ping_status":"closed","sticky":false,"template":"","format":"standard","meta":{"rank_math_lock_modified_date":false,"footnotes":""},"categories":[491],"tags":[3374,28486,28487,28489,28488],"class_list":["post-206474","post","type-post","status-publish","format-standard","has-post-thumbnail","hentry","category-biyografi","tag-biyografi","tag-kerem-ozdogan-kimdir","tag-kerem-ozdogan-kiminle-evli","tag-kerem-ozdogan-meslegi-nedir","tag-kerem-ozdogan-yasi-kac"],"_links":{"self":[{"href":"https:\/\/www.tgrthaber.com\/mavikadin\/wp-json\/wp\/v2\/posts\/206474"}],"collection":[{"href":"https:\/\/www.tgrthaber.com\/mavikadin\/wp-json\/wp\/v2\/posts"}],"about":[{"href":"https:\/\/www.tgrthaber.com\/mavikadin\/wp-json\/wp\/v2\/types\/post"}],"author":[{"embeddable":true,"href":"https:\/\/www.tgrthaber.com\/mavikadin\/wp-json\/wp\/v2\/users\/35"}],"replies":[{"embeddable":true,"href":"https:\/\/www.tgrthaber.com\/mavikadin\/wp-json\/wp\/v2\/comments?post=206474"}],"version-history":[{"count":1,"href":"https:\/\/www.tgrthaber.com\/mavikadin\/wp-json\/wp\/v2\/posts\/206474\/revisions"}],"predecessor-version":[{"id":206481,"href":"https:\/\/www.tgrthaber.com\/mavikadin\/wp-json\/wp\/v2\/posts\/206474\/revisions\/206481"}],"wp:featuredmedia":[{"embeddable":true,"href":"https:\/\/www.tgrthaber.com\/mavikadin\/wp-json\/wp\/v2\/media\/206475"}],"wp:attachment":[{"href":"https:\/\/www.tgrthaber.com\/mavikadin\/wp-json\/wp\/v2\/media?parent=206474"}],"wp:term":[{"taxonomy":"category","embeddable":true,"href":"https:\/\/www.tgrthaber.com\/mavikadin\/wp-json\/wp\/v2\/categories?post=206474"},{"taxonomy":"post_tag","embeddable":true,"href":"https:\/\/www.tgrthaber.com\/mavikadin\/wp-json\/wp\/v2\/tags?post=206474"}],"curies":[{"name":"wp","href":"https:\/\/api.w.org\/{rel}","templated":true}]}}