{"id":206500,"date":"2025-07-17T14:17:50","date_gmt":"2025-07-17T11:17:50","guid":{"rendered":"https:\/\/www.tgrthaber.com\/mavikadin\/?p=206500"},"modified":"2025-07-17T14:22:34","modified_gmt":"2025-07-17T11:22:34","slug":"gozleri-karadeniz-dizisinde-cekimler-basladi-camlihemsinde-sete-cikti","status":"publish","type":"post","link":"https:\/\/www.tgrthaber.com\/mavikadin\/gozleri-karadeniz-dizisinde-cekimler-basladi-camlihemsinde-sete-cikti\/","title":{"rendered":"G\u00f6zleri Karadeniz dizisinde \u00e7ekimler ba\u015flad\u0131! \u00c7aml\u0131hem\u015fin\u2019de sete \u00e7\u0131kt\u0131"},"content":{"rendered":"<p>Yap\u0131m\u0131n\u0131 O3 Medya&#8217;n\u0131n, yap\u0131mc\u0131l\u0131\u011f\u0131n\u0131 Saner Ayar&#8217;\u0131n \u00fcstlendi\u011fi G\u00f6zleri Karadeniz dizisi sete \u00e7\u0131kt\u0131. \u00c7ekimlerin \u00c7aml\u0131hem\u015fin\u2019de ba\u015flad\u0131\u011f\u0131 dizinin ilk kareleri sosyal medyada dikkat \u00e7ekti.<\/p>\n<h3>G\u00d6ZLER\u0130 KARADEN\u0130Z D\u0130Z\u0130S\u0130NDE \u00c7EK\u0130MLER BA\u015eLADI<\/h3>\n<p>ATV\u2019nin yeni sezonda ekranlara gelecek dizisi G\u00f6zleri Karadeniz Karadeniz&#8217;in e\u015fsiz co\u011frafyas\u0131 \u00c7aml\u0131hem\u015fin&#8217;de sete \u00e7\u0131kt\u0131. Projeden ilk foto\u011fraflar ba\u015froller Halit \u00d6zg\u00fcr Sar\u0131 ve \u00d6zge Ya\u011f\u0131z&#8217;dan geldi.<\/p>\n<p><img loading=\"lazy\" decoding=\"async\" class=\"alignnone size-full wp-image-206501\" src=\"https:\/\/www.tgrthaber.com\/mavikadin\/wp-content\/uploads\/Gozleri-Karadeniz-2.png\" alt=\"\" width=\"1208\" height=\"680\" title=\"\" srcset=\"https:\/\/www.tgrthaber.com\/mavikadin\/wp-content\/uploads\/Gozleri-Karadeniz-2.png 1208w, https:\/\/www.tgrthaber.com\/mavikadin\/wp-content\/uploads\/Gozleri-Karadeniz-2-300x169.png 300w, https:\/\/www.tgrthaber.com\/mavikadin\/wp-content\/uploads\/Gozleri-Karadeniz-2-1024x576.png 1024w, https:\/\/www.tgrthaber.com\/mavikadin\/wp-content\/uploads\/Gozleri-Karadeniz-2-768x432.png 768w\" sizes=\"(max-width: 1208px) 100vw, 1208px\" \/><\/p>\n<hr \/>\n<h3>G\u00d6ZLER\u0130 KARADEN\u0130Z KONUSU<\/h3>\n<p>G\u00f6zleri Karadeniz dizisinin y\u00f6netmen koltu\u011funda Altan D\u00f6nmez ve Orkun \u00c7atak oturuyor. Ba\u015frollerini Halit \u00d6zg\u00fcr Sar\u0131 ve \u00d6zge Ya\u011f\u0131z&#8217;\u0131n payla\u015ft\u0131\u011f\u0131 dizi, Karadeniz&#8217;in asi sular\u0131ndan \u0130stanbul&#8217;un karanl\u0131k sokaklar\u0131na uzanan bir hikayeyi konu al\u0131yor.<\/p>\n<p>G\u00f6rsel g\u00fczelli\u011fin yan\u0131 s\u0131ra oyuncu kadrosuyla da dikkat \u00e7eken G\u00f6zleri Karadeniz sezonun en \u00e7ok konu\u015fulan yap\u0131mlar\u0131ndan biri olacak gibi g\u00f6r\u00fcn\u00fcyor.<\/p>\n<p>Dizinin oyuncu kadrosunda Azil (Halit \u00d6zg\u00fcr Sar\u0131), G\u00fcne\u015f (\u00d6zge Ya\u011f\u0131z), Mehmet \u00d6zg\u00fcr, Yonca \u015eahinba\u015f, Mustafa A\u00e7\u0131lan, Ebru Ayka\u00e7, Eren \u00d6ren, Osman Albayrak, Erol Babao\u011flu, Onur \u00d6zayd\u0131n, T\u00fcrk\u00fc Su Demirel, \u00d6zg\u00fcr \u00c7\u0131nar Deveci, Gizem Ar\u0131kan, Berk Ali \u00c7atal, Ayten Uncuo\u011flu gibi usta isimler yer al\u0131yor.<\/p>\n<p><img loading=\"lazy\" decoding=\"async\" class=\"alignnone size-full wp-image-206502\" src=\"https:\/\/www.tgrthaber.com\/mavikadin\/wp-content\/uploads\/Gozleri-Karadeniz-3.png\" alt=\"\" width=\"1208\" height=\"680\" title=\"\" srcset=\"https:\/\/www.tgrthaber.com\/mavikadin\/wp-content\/uploads\/Gozleri-Karadeniz-3.png 1208w, https:\/\/www.tgrthaber.com\/mavikadin\/wp-content\/uploads\/Gozleri-Karadeniz-3-300x169.png 300w, https:\/\/www.tgrthaber.com\/mavikadin\/wp-content\/uploads\/Gozleri-Karadeniz-3-1024x576.png 1024w, https:\/\/www.tgrthaber.com\/mavikadin\/wp-content\/uploads\/Gozleri-Karadeniz-3-768x432.png 768w\" sizes=\"(max-width: 1208px) 100vw, 1208px\" \/><\/p>\n<hr \/>\n<h3>G\u00d6ZLER\u0130 KARADEN\u0130Z OYUNCULARI VE KARAKTERLER\u0130<\/h3>\n<p><strong>Halit \u00d6zg\u00fcr Sar\u0131 \u2013 Azil<\/strong><\/p>\n<p>4 Ekim 1993 do\u011fumlu Halit \u00d6zg\u00fcr Sar\u0131 &#8220;G\u00f6zleri Karadeniz&#8221; dizisinde Azil karakterini oynayacak. \u0130stanbul\u2019da d\u00fcnyaya gelen \u00fcnl\u00fc oyuncu, Bilgi \u00dcniversitesi Ekonomi B\u00f6l\u00fcm\u00fc mezunudur.<\/p>\n<p>Oyunculu\u011fa \u201cDirili\u015f Ertu\u011frul\u201d ile ad\u0131m atan Halit \u00d6zg\u00fcr Sar\u0131, \u201cYabani\u201d dizisindeki Yaman Ali karakteriyle geni\u015f bir hayran kitlesi elde etti. \u201cK\u0131rm\u0131z\u0131 Oda\u201d, \u201cGizli Sakl\u0131\u201d ve \u201c\u015eampiyon\u201d gibi dizilerde ba\u015frol oynayan \u00fcnl\u00fc isim yeni projesiyle ekranlara gelecek.<\/p>\n<p><img loading=\"lazy\" decoding=\"async\" class=\"alignnone size-full wp-image-206508\" src=\"https:\/\/www.tgrthaber.com\/mavikadin\/wp-content\/uploads\/Gozleri-Karadeniz-2-1.png\" alt=\"\" width=\"1208\" height=\"680\" title=\"\" srcset=\"https:\/\/www.tgrthaber.com\/mavikadin\/wp-content\/uploads\/Gozleri-Karadeniz-2-1.png 1208w, https:\/\/www.tgrthaber.com\/mavikadin\/wp-content\/uploads\/Gozleri-Karadeniz-2-1-300x169.png 300w, https:\/\/www.tgrthaber.com\/mavikadin\/wp-content\/uploads\/Gozleri-Karadeniz-2-1-1024x576.png 1024w, https:\/\/www.tgrthaber.com\/mavikadin\/wp-content\/uploads\/Gozleri-Karadeniz-2-1-768x432.png 768w\" sizes=\"(max-width: 1208px) 100vw, 1208px\" \/><\/p>\n<hr \/>\n<p><strong>\u00d6zge Ya\u011f\u0131z \u2013 G\u00fcne\u015f<\/strong><\/p>\n<p>G\u00fcne\u015f karakterini oynayacak \u00d6zge Ya\u011f\u0131z, 26 Eyl\u00fcl 1997 y\u0131l\u0131nda d\u00fcnyaya geldi.\u00a0 \u0130stanbul do\u011fumlu olan \u00fcnl\u00fc isim, Ba\u015fkent \u00dcniversitesi\u2019nde diyetisyenlik e\u011fitimi ald\u0131. Ard\u0131ndan oyunculuk d\u00fcnyas\u0131na ad\u0131m att\u0131.<\/p>\n<p>\u0130lk deneyimini \u201cAd\u0131n\u0131 Sen Koy\u201d dizisiyle ya\u015fayan Ya\u011f\u0131z, \u201cSafir\u201d, \u201cBaba\u201d ve \u201cYemin\u201d gibi projelerde de ba\u015far\u0131l\u0131 bir oyunculuk sergiledi.<\/p>\n<p><img loading=\"lazy\" decoding=\"async\" class=\"alignnone size-full wp-image-206509\" src=\"https:\/\/www.tgrthaber.com\/mavikadin\/wp-content\/uploads\/Gozleri-Karadeniz-3-1.png\" alt=\"\" width=\"1208\" height=\"680\" title=\"\" srcset=\"https:\/\/www.tgrthaber.com\/mavikadin\/wp-content\/uploads\/Gozleri-Karadeniz-3-1.png 1208w, https:\/\/www.tgrthaber.com\/mavikadin\/wp-content\/uploads\/Gozleri-Karadeniz-3-1-300x169.png 300w, https:\/\/www.tgrthaber.com\/mavikadin\/wp-content\/uploads\/Gozleri-Karadeniz-3-1-1024x576.png 1024w, https:\/\/www.tgrthaber.com\/mavikadin\/wp-content\/uploads\/Gozleri-Karadeniz-3-1-768x432.png 768w\" sizes=\"(max-width: 1208px) 100vw, 1208px\" \/><\/p>\n<hr \/>\n<p><strong>Mustafa A\u00e7\u0131lan \u2013 Mehmet Ma\u00e7ari<\/strong><\/p>\n<p>G\u00f6zleri Karadeniz dizisinde Sert ve karizmatik bir karakteri oynayacak Mustafa A\u00e7\u0131lan 22 \u015eubat 1987\u2019de d\u00fcnyaya geldi. Oyunculuk e\u011fitiminin ard\u0131ndan televizyon kariyerine ba\u015flayan Mustafa A\u00e7\u0131lan, \u201cTe\u015fkilat\u201d, \u201cGelsin Hayat Bildi\u011fi Gibi\u201d ve \u201cBir Zamanlar \u00c7ukurova\u201d gibi yap\u0131mlarda yer ald\u0131.<\/p>\n","protected":false},"excerpt":{"rendered":"<p>Yap\u0131mc\u0131l\u0131\u011f\u0131n\u0131 Saner Ayar&#8217;\u0131n, yap\u0131m\u0131n\u0131 O3 Medya&#8217;n\u0131n \u00fcstlendi\u011fi &#8220;G\u00f6zleri Karadeniz dizisinde \u00e7ekimler ba\u015flad\u0131. \u00c7aml\u0131hem\u015fin\u2019de sete \u00e7\u0131kan diziden ilk kareler sosyal medyada g\u00fcndem oldu.<\/p>\n","protected":false},"author":5,"featured_media":206507,"comment_status":"closed","ping_status":"closed","sticky":false,"template":"","format":"standard","meta":{"rank_math_lock_modified_date":false,"footnotes":""},"categories":[602],"tags":[3602,25421,25422,16304],"class_list":["post-206500","post","type-post","status-publish","format-standard","has-post-thumbnail","hentry","category-diziler","tag-diziler","tag-gozleri-karadeniz","tag-gozleri-karadeniz-dizisi","tag-o3-medya"],"_links":{"self":[{"href":"https:\/\/www.tgrthaber.com\/mavikadin\/wp-json\/wp\/v2\/posts\/206500"}],"collection":[{"href":"https:\/\/www.tgrthaber.com\/mavikadin\/wp-json\/wp\/v2\/posts"}],"about":[{"href":"https:\/\/www.tgrthaber.com\/mavikadin\/wp-json\/wp\/v2\/types\/post"}],"author":[{"embeddable":true,"href":"https:\/\/www.tgrthaber.com\/mavikadin\/wp-json\/wp\/v2\/users\/5"}],"replies":[{"embeddable":true,"href":"https:\/\/www.tgrthaber.com\/mavikadin\/wp-json\/wp\/v2\/comments?post=206500"}],"version-history":[{"count":2,"href":"https:\/\/www.tgrthaber.com\/mavikadin\/wp-json\/wp\/v2\/posts\/206500\/revisions"}],"predecessor-version":[{"id":206510,"href":"https:\/\/www.tgrthaber.com\/mavikadin\/wp-json\/wp\/v2\/posts\/206500\/revisions\/206510"}],"wp:featuredmedia":[{"embeddable":true,"href":"https:\/\/www.tgrthaber.com\/mavikadin\/wp-json\/wp\/v2\/media\/206507"}],"wp:attachment":[{"href":"https:\/\/www.tgrthaber.com\/mavikadin\/wp-json\/wp\/v2\/media?parent=206500"}],"wp:term":[{"taxonomy":"category","embeddable":true,"href":"https:\/\/www.tgrthaber.com\/mavikadin\/wp-json\/wp\/v2\/categories?post=206500"},{"taxonomy":"post_tag","embeddable":true,"href":"https:\/\/www.tgrthaber.com\/mavikadin\/wp-json\/wp\/v2\/tags?post=206500"}],"curies":[{"name":"wp","href":"https:\/\/api.w.org\/{rel}","templated":true}]}}