{"id":206514,"date":"2025-07-17T14:56:26","date_gmt":"2025-07-17T11:56:26","guid":{"rendered":"https:\/\/www.tgrthaber.com\/mavikadin\/?p=206514"},"modified":"2025-07-17T14:56:26","modified_gmt":"2025-07-17T11:56:26","slug":"miray-daner-ve-mert-ramazan-demirin-dizisine-bomba-transfer-lalin-en-yakin-arkadasi-olacak","status":"publish","type":"post","link":"https:\/\/www.tgrthaber.com\/mavikadin\/miray-daner-ve-mert-ramazan-demirin-dizisine-bomba-transfer-lalin-en-yakin-arkadasi-olacak\/","title":{"rendered":"Miray Daner ve Mert Ramazan Demir&#8217;in dizisine bomba transfer! Lal&#8217;in en yak\u0131n arkada\u015f\u0131 olacak"},"content":{"rendered":"<p>Disney Plus ekranlar\u0131na gelmeye haz\u0131rlanan Bize Bir \u015eey Olmaz dizisine s\u00fcpriz bir takviye geldi. \u00c7ekim \u00f6ncesi t\u00fcm haz\u0131rl\u0131klar\u0131n son s\u00fcrat devam etti\u011fi diziye gen\u00e7 oyuncu Nazl\u0131 \u00c7etin de dahil oldu. Gazeteci Birsen Altunta\u015f&#8217;\u0131n haberine g\u00f6re, gen\u00e7 ku\u015fa\u011f\u0131n be\u011fenilen oyuncusu Nazl\u0131 \u00c7etin, dizide Lal&#8217;in en yak\u0131n arkada\u015f\u0131 Meri\u00e7&#8217;i oynayacak. Merak edilen t\u00fcm detaylar haberimizde&#8230;<\/p>\n<h3>M\u0130RAY DANER VE MERT RAMAZAN DEM\u0130R&#8217;\u0130N D\u0130Z\u0130S\u0130NE BOMBA TRANSFER<\/h3>\n<p>Bize Bir \u015eey olmaz dizisinde \u00e7ekim haz\u0131rl\u0131klar\u0131 devam ederken, kadroya yeni bir isim dahil oldu. Ba\u015frollerinde Miray Daner ve Mert Ramazan Demir&#8217;in bulundu\u011fu Bize Bir \u015eey Olmaz dizisinde Nazl\u0131 \u00c7etin&#8217;de yer alacak.<\/p>\n<p><img loading=\"lazy\" decoding=\"async\" class=\"alignnone wp-image-206515\" src=\"https:\/\/www.tgrthaber.com\/mavikadin\/wp-content\/uploads\/nazli-cetin-kimdir-31-300x202.jpg\" alt=\"\" width=\"1208\" height=\"812\" title=\"\" srcset=\"https:\/\/www.tgrthaber.com\/mavikadin\/wp-content\/uploads\/nazli-cetin-kimdir-31-300x202.jpg 300w, https:\/\/www.tgrthaber.com\/mavikadin\/wp-content\/uploads\/nazli-cetin-kimdir-31.jpg 546w\" sizes=\"(max-width: 1208px) 100vw, 1208px\" \/><\/p>\n<hr \/>\n<p>G\u00fc\u00e7l\u00fc oyuncu kadrosu ve dikkat \u00e7eken konusuyla daha \u015fimdiden g\u00fcndemden d\u00fc\u015fmeyen dizinin kadrosuna, Nazl\u0131 \u00c7erin&#8217;in de dahil olmas\u0131 beklentileri y\u00fckselterek, heyecan\u0131 da ate\u015fledi. Senaryosunda P\u0131nar Bulut&#8217;u g\u00f6rd\u00fc\u011f\u00fcm\u00fcz, y\u00f6netmen koltu\u011funda ise Neslihan Ye\u015filyurt&#8217;un bulundu\u011fu 8 b\u00f6l\u00fcml\u00fck dizi, izleyenlere tutkulu bir a\u015fk hikayesi sunacak. G\u00fczelli\u011fi ve oyuncu performans\u0131yla be\u011feni toplayan Nazl\u0131 \u00c7etin&#8217;in Meri\u00e7 karakterinde diziye dahil olmas\u0131 ile Bize Bir \u015eey Olmaz&#8217;a olan ilgi daha da artm\u0131\u015f durumda.<\/p>\n<p><img loading=\"lazy\" decoding=\"async\" class=\"alignnone wp-image-206516\" src=\"https:\/\/www.tgrthaber.com\/mavikadin\/wp-content\/uploads\/s-826b890bd9ac28cd800c882cb2c38249bcf9e39a-1100x650-1-300x177.jpg\" alt=\"\" width=\"1208\" height=\"714\" title=\"\" srcset=\"https:\/\/www.tgrthaber.com\/mavikadin\/wp-content\/uploads\/s-826b890bd9ac28cd800c882cb2c38249bcf9e39a-1100x650-1-300x177.jpg 300w, https:\/\/www.tgrthaber.com\/mavikadin\/wp-content\/uploads\/s-826b890bd9ac28cd800c882cb2c38249bcf9e39a-1100x650-1-1024x605.jpg 1024w, https:\/\/www.tgrthaber.com\/mavikadin\/wp-content\/uploads\/s-826b890bd9ac28cd800c882cb2c38249bcf9e39a-1100x650-1-768x454.jpg 768w, https:\/\/www.tgrthaber.com\/mavikadin\/wp-content\/uploads\/s-826b890bd9ac28cd800c882cb2c38249bcf9e39a-1100x650-1.jpg 1100w\" sizes=\"(max-width: 1208px) 100vw, 1208px\" \/><\/p>\n<hr \/>\n<h3>LAL&#8217;\u0130N EN YAKIN ARKADA\u015eI OLACAK<\/h3>\n<p>Nazl\u0131 \u00c7etin&#8217;in oynayaca\u011f\u0131 Meri\u00e7 karakteri, Miray Daner&#8217;in oynad\u0131\u011f\u0131 Lal&#8217;in en yak\u0131n arkada\u015f\u0131 olarak dikkatleri \u00e7ekti. Dizide Lal ve Mert Ramazan Demir&#8217;in oynad\u0131\u011f\u0131 Aktan&#8217;\u0131n ini\u015fli \u00e7\u0131k\u0131\u015fl\u0131 ili\u015fkilerine \u015fimdi Nazl\u0131 \u00c7etin&#8217;in oynayaca\u011f\u0131 Meri\u00e7 karakteri de ekleniyor.<\/p>\n<p><img loading=\"lazy\" decoding=\"async\" class=\"alignnone wp-image-206517\" src=\"https:\/\/www.tgrthaber.com\/mavikadin\/wp-content\/uploads\/nazcetnn_1709996778_3320016067084035869_671581281-850x566-1-300x200.jpg\" alt=\"\" width=\"1208\" height=\"804\" title=\"\" srcset=\"https:\/\/www.tgrthaber.com\/mavikadin\/wp-content\/uploads\/nazcetnn_1709996778_3320016067084035869_671581281-850x566-1-300x200.jpg 300w, https:\/\/www.tgrthaber.com\/mavikadin\/wp-content\/uploads\/nazcetnn_1709996778_3320016067084035869_671581281-850x566-1-768x511.jpg 768w, https:\/\/www.tgrthaber.com\/mavikadin\/wp-content\/uploads\/nazcetnn_1709996778_3320016067084035869_671581281-850x566-1.jpg 850w\" sizes=\"(max-width: 1208px) 100vw, 1208px\" \/><\/p>\n<hr \/>\n<p>Meri\u00e7, Lal ve Aktan&#8217;\u0131n t\u00fcm ili\u015fkilerine tan\u0131kl\u0131k eden bir isim olarak dizide yer alacak. Hatta Meri\u00e7 karakterinin, dizideki ili\u015fkilerde kilit rollerden biri olaca\u011f\u0131 gelen kulis bilgileri aras\u0131nda. G\u00fczel oyuncu Nazl\u0131 \u00c7etin&#8217;in Meri\u00e7 rol\u00fcnde nas\u0131l bir performans sergileyece\u011fi ise \u015fimdiden merakla bekleniyor.<\/p>\n<p><img loading=\"lazy\" decoding=\"async\" class=\"alignnone wp-image-206518\" src=\"https:\/\/www.tgrthaber.com\/mavikadin\/wp-content\/uploads\/donence-dizisinin-serasi-nazli-cetinden-cesur-pozlar-cicek-gibisi-b8861390-300x169.webp\" alt=\"\" width=\"1208\" height=\"680\" title=\"\" srcset=\"https:\/\/www.tgrthaber.com\/mavikadin\/wp-content\/uploads\/donence-dizisinin-serasi-nazli-cetinden-cesur-pozlar-cicek-gibisi-b8861390-300x169.webp 300w, https:\/\/www.tgrthaber.com\/mavikadin\/wp-content\/uploads\/donence-dizisinin-serasi-nazli-cetinden-cesur-pozlar-cicek-gibisi-b8861390-1024x576.webp 1024w, https:\/\/www.tgrthaber.com\/mavikadin\/wp-content\/uploads\/donence-dizisinin-serasi-nazli-cetinden-cesur-pozlar-cicek-gibisi-b8861390-768x432.webp 768w, https:\/\/www.tgrthaber.com\/mavikadin\/wp-content\/uploads\/donence-dizisinin-serasi-nazli-cetinden-cesur-pozlar-cicek-gibisi-b8861390.webp 1200w\" sizes=\"(max-width: 1208px) 100vw, 1208px\" \/><\/p>\n<hr \/>\n<p>Bize Bir \u015eey Olmaz dizisinin oyuncu kadrosu giderek netle\u015fiyor. Yay\u0131n tarihi i\u00e7in geri say\u0131ma ba\u015flan\u0131ld\u0131\u011f\u0131 d\u00fc\u015f\u00fcn\u00fclen dizi 8 b\u00f6l\u00fcml\u00fck format\u0131yla Disney Plus ekranlar\u0131nda olacak.<\/p>\n","protected":false},"excerpt":{"rendered":"<p>Miray Daner ve Mert Ramazan Demir&#8217;in ba\u015frollerini payla\u015ft\u0131\u011f\u0131 Disney Plus&#8217;\u0131n yeni g\u00f6zdesi Bize Bir \u015eey Olmaz dizisinde \u00e7ok konu\u015fulacak bir bomba bir transfer ger\u00e7ekle\u015fti. Dizideki Lal karakterinin en yak\u0131n arkada\u015f\u0131 olacak Meri\u00e7 rol\u00fc i\u00e7in s\u00fcpriz isim dizinin kadrosuna kat\u0131ld\u0131. \u0130\u015fte Bize Bir \u015eey Olmaz dizisinden bomba geli\u015fmeler&#8230;<\/p>\n","protected":false},"author":35,"featured_media":206511,"comment_status":"closed","ping_status":"closed","sticky":false,"template":"","format":"standard","meta":{"rank_math_lock_modified_date":false,"footnotes":""},"categories":[602],"tags":[27060,3602,28494,2779,28493],"class_list":["post-206514","post","type-post","status-publish","format-standard","has-post-thumbnail","hentry","category-diziler","tag-bize-bir-sey-olmaz","tag-diziler","tag-meric-karakteri","tag-mert-ramazan-demir","tag-nazli-cetin"],"_links":{"self":[{"href":"https:\/\/www.tgrthaber.com\/mavikadin\/wp-json\/wp\/v2\/posts\/206514"}],"collection":[{"href":"https:\/\/www.tgrthaber.com\/mavikadin\/wp-json\/wp\/v2\/posts"}],"about":[{"href":"https:\/\/www.tgrthaber.com\/mavikadin\/wp-json\/wp\/v2\/types\/post"}],"author":[{"embeddable":true,"href":"https:\/\/www.tgrthaber.com\/mavikadin\/wp-json\/wp\/v2\/users\/35"}],"replies":[{"embeddable":true,"href":"https:\/\/www.tgrthaber.com\/mavikadin\/wp-json\/wp\/v2\/comments?post=206514"}],"version-history":[{"count":1,"href":"https:\/\/www.tgrthaber.com\/mavikadin\/wp-json\/wp\/v2\/posts\/206514\/revisions"}],"predecessor-version":[{"id":206519,"href":"https:\/\/www.tgrthaber.com\/mavikadin\/wp-json\/wp\/v2\/posts\/206514\/revisions\/206519"}],"wp:featuredmedia":[{"embeddable":true,"href":"https:\/\/www.tgrthaber.com\/mavikadin\/wp-json\/wp\/v2\/media\/206511"}],"wp:attachment":[{"href":"https:\/\/www.tgrthaber.com\/mavikadin\/wp-json\/wp\/v2\/media?parent=206514"}],"wp:term":[{"taxonomy":"category","embeddable":true,"href":"https:\/\/www.tgrthaber.com\/mavikadin\/wp-json\/wp\/v2\/categories?post=206514"},{"taxonomy":"post_tag","embeddable":true,"href":"https:\/\/www.tgrthaber.com\/mavikadin\/wp-json\/wp\/v2\/tags?post=206514"}],"curies":[{"name":"wp","href":"https:\/\/api.w.org\/{rel}","templated":true}]}}