{"id":206521,"date":"2025-07-17T16:08:13","date_gmt":"2025-07-17T13:08:13","guid":{"rendered":"https:\/\/www.tgrthaber.com\/mavikadin\/?p=206521"},"modified":"2025-09-02T20:45:51","modified_gmt":"2025-09-02T17:45:51","slug":"gozleri-karadeniz-konusu-nedir-gozleri-karadeniz-oyunculari-kimdir","status":"publish","type":"post","link":"https:\/\/www.tgrthaber.com\/mavikadin\/gozleri-karadeniz-konusu-nedir-gozleri-karadeniz-oyunculari-kimdir\/","title":{"rendered":"G\u00f6zleri Karadeniz konusu nedir? G\u00f6zleri Karadeniz oyuncular\u0131 kimdir?"},"content":{"rendered":"<p>Karadeni&#8217;in h\u0131r\u00e7\u0131n sular\u0131nda ba\u015flay\u0131p \u0130stanbul&#8217;a kadar uzanan hikayesiyle, G\u00f6zleri Karadeniz, sadece g\u00f6rselli\u011fi ile de\u011fil, oyuncu kadrosu ve konusuyla da yeni sezonda ekranlara damga vurmaya haz\u0131rlan\u0131yor. Yap\u0131mc\u0131l\u0131\u011f\u0131n\u0131 O3 Medya&#8217;n\u0131n \u00fcstlendi\u011fi G\u00f6zleri Karadeniz&#8217;in y\u00f6netmen koltu\u011funda Altan D\u00f6nmez oturuyor. Peki atv ekranlar\u0131nda olacak olan G\u00f6zleri Karadeniz neyi anlat\u0131yor, konusu nedir? Oyuncu kadrosunda hangi isimler bulunuyor? \u0130\u015fte merak edilen yeni dizi G\u00f6zleri Karadeniz&#8217;e dair her \u015fey&#8230;<\/p>\n<h3>G\u00d6ZLER\u0130 KARADEN\u0130Z KONUSU NED\u0130R?<\/h3>\n<p>atv&#8217;nin yeni dizisi G\u00f6zleri Karadeniz, ailesinden kopar\u0131lan ve y\u0131llar sonra ge\u00e7mi\u015fiyle y\u00fczle\u015fmek zorumda kalan bir adam\u0131n hikayesini konu al\u0131yor. Ba\u015frol oyuncular\u0131ndan Halit \u00d6zg\u00fcr Sar\u0131&#8217;n\u0131n oynad\u0131\u011f\u0131 Azil, memleketi Karadeniz&#8217;e, uzun zaman sonra geri d\u00f6nmek zorunda kal\u0131yor.<\/p>\n<p><img loading=\"lazy\" decoding=\"async\" class=\"alignnone wp-image-206534\" src=\"https:\/\/www.tgrthaber.com\/mavikadin\/wp-content\/uploads\/gozleri-karadeniz-dizisi-nerede-cekiliyor-300x169.webp\" alt=\"\" width=\"1208\" height=\"679\" title=\"\" srcset=\"https:\/\/www.tgrthaber.com\/mavikadin\/wp-content\/uploads\/gozleri-karadeniz-dizisi-nerede-cekiliyor-300x169.webp 300w, https:\/\/www.tgrthaber.com\/mavikadin\/wp-content\/uploads\/gozleri-karadeniz-dizisi-nerede-cekiliyor-1024x575.webp 1024w, https:\/\/www.tgrthaber.com\/mavikadin\/wp-content\/uploads\/gozleri-karadeniz-dizisi-nerede-cekiliyor-768x431.webp 768w, https:\/\/www.tgrthaber.com\/mavikadin\/wp-content\/uploads\/gozleri-karadeniz-dizisi-nerede-cekiliyor.webp 1280w\" sizes=\"(max-width: 1208px) 100vw, 1208px\" \/><\/p>\n<hr \/>\n<p>Azil memleketine gidince, kendisini b\u00fcy\u00fck bir aile miras\u0131n\u0131n i\u00e7inde bulacakt\u0131r. Ancak bu miras sadece servet olarak de\u011fil, t\u00fcm ge\u00e7mi\u015fiyle y\u00fczle\u015fecektir. Eski defterler a\u00e7\u0131lacak, b\u00fct\u00fcn gizli kalm\u0131\u015f s\u0131rlar ortaya d\u00f6k\u00fclecektir. Ma\u00e7ari ailesini konu alan dizide Azil, memleketi Karadeniz&#8217;e gitti\u011finde, \u00e7ocukluk a\u015fk\u0131yla yeniden kar\u015f\u0131la\u015f\u0131yor. Karadeniz&#8217;de i\u015flenecek konunun temas\u0131nda intikam, aile ba\u011flar\u0131 ve sadakat hepsi bir arada sunulacak.<\/p>\n<p><img loading=\"lazy\" decoding=\"async\" class=\"alignnone wp-image-206535\" src=\"https:\/\/www.tgrthaber.com\/mavikadin\/wp-content\/uploads\/macari-dizisinin-konusu-ve-cekildigi-mekanlar-XzLfSK7W-300x169.webp\" alt=\"\" width=\"1208\" height=\"680\" title=\"\" srcset=\"https:\/\/www.tgrthaber.com\/mavikadin\/wp-content\/uploads\/macari-dizisinin-konusu-ve-cekildigi-mekanlar-XzLfSK7W-300x169.webp 300w, https:\/\/www.tgrthaber.com\/mavikadin\/wp-content\/uploads\/macari-dizisinin-konusu-ve-cekildigi-mekanlar-XzLfSK7W-1024x576.webp 1024w, https:\/\/www.tgrthaber.com\/mavikadin\/wp-content\/uploads\/macari-dizisinin-konusu-ve-cekildigi-mekanlar-XzLfSK7W-768x432.webp 768w, https:\/\/www.tgrthaber.com\/mavikadin\/wp-content\/uploads\/macari-dizisinin-konusu-ve-cekildigi-mekanlar-XzLfSK7W.webp 1280w\" sizes=\"(max-width: 1208px) 100vw, 1208px\" \/><\/p>\n<h3>G\u00d6ZLER\u0130 KARADEN\u0130Z OYUNCULARI K\u0130MD\u0130R?<\/h3>\n<p>G\u00f6zleri Karadeniz dizisi oyuncu kadrosuyla da olduk\u00e7a dikkatleri \u00e7ekmeyi ba\u015fard\u0131. Dizide birbirinden ayr\u0131 ba\u015far\u0131l\u0131 isimler bulunuyor. Dizinin ba\u015frollerinde Halit \u00d6zg\u00fcr Sar\u0131, Azil rol\u00fcnde, \u00d6zge Ya\u011f\u0131z ise G\u00fcne\u015f rol\u00fcnde yer al\u0131yor. Mehmet \u00d6zg\u00fcr Ma\u00e7ari ailesinin s\u00f6z sahibi ismi olarak Osman Ma\u00e7ari&#8217;yi oynuyor. Osman&#8217;\u0131n e\u015fi Nermin rol\u00fcnde Yonca \u015eahinba\u015f var. Azil&#8217;in cezaevinden \u00e7\u0131kan karde\u015fini ise Mustafa A\u00e7\u0131lan, Mehmet Ma\u00e7ari rol\u00fcnde oynayacak. Haki karakterini Onur \u00d6zayd\u0131n, onun e\u015fini ise Gizem Ar\u0131kan oynuyor.<\/p>\n<p><img loading=\"lazy\" decoding=\"async\" class=\"alignnone wp-image-206536\" src=\"https:\/\/www.tgrthaber.com\/mavikadin\/wp-content\/uploads\/gozleri-karadeniz-dizisi-nerede-cekiliyor-1-300x169.webp\" alt=\"\" width=\"1208\" height=\"679\" title=\"\" srcset=\"https:\/\/www.tgrthaber.com\/mavikadin\/wp-content\/uploads\/gozleri-karadeniz-dizisi-nerede-cekiliyor-1-300x169.webp 300w, https:\/\/www.tgrthaber.com\/mavikadin\/wp-content\/uploads\/gozleri-karadeniz-dizisi-nerede-cekiliyor-1-1024x575.webp 1024w, https:\/\/www.tgrthaber.com\/mavikadin\/wp-content\/uploads\/gozleri-karadeniz-dizisi-nerede-cekiliyor-1-768x431.webp 768w, https:\/\/www.tgrthaber.com\/mavikadin\/wp-content\/uploads\/gozleri-karadeniz-dizisi-nerede-cekiliyor-1.webp 1280w\" sizes=\"(max-width: 1208px) 100vw, 1208px\" \/><\/p>\n<hr \/>\n<p>Erol Babao\u011flu dizide Baki rol\u00fcnde \u00e7\u0131kacak ve Ebru Ak\u00e7ay Havva rol\u00fcn\u00fc \u00fcstlenecek. Kadroda yer alan di\u011fer g\u00fc\u00e7l\u00fc isimler ise, Asiye Han\u0131m&#8217;\u0131 usta oyuncu Ayten Uncuo\u011flu, Eren \u00d6ren Dursun rol\u00fcnde, Osman Albayrak K\u0131nal\u0131 olacak. Berk Ali \u00c7atal&#8217;\u0131 Sancar rol\u00fcnde izleyecve\u011fiz ve T\u00fcrk\u00fc Su Demirel ise Fato\u015f rol\u00fcyle dizide yer alacak. Son olarak Aylin Veziro\u011flu \u0130nci rol\u00fcyle ve Hakan \u00c7elebi de s\u00fcrpriz bir karakterle diziye kat\u0131lan isimler aras\u0131nda yer al\u0131yor.<\/p>\n<p><img loading=\"lazy\" decoding=\"async\" class=\"alignnone wp-image-206537\" src=\"https:\/\/www.tgrthaber.com\/mavikadin\/wp-content\/uploads\/Macari-1-1024x576-1-300x169.webp\" alt=\"\" width=\"1208\" height=\"680\" title=\"\" srcset=\"https:\/\/www.tgrthaber.com\/mavikadin\/wp-content\/uploads\/Macari-1-1024x576-1-300x169.webp 300w, https:\/\/www.tgrthaber.com\/mavikadin\/wp-content\/uploads\/Macari-1-1024x576-1-768x432.webp 768w, https:\/\/www.tgrthaber.com\/mavikadin\/wp-content\/uploads\/Macari-1-1024x576-1.webp 1024w\" sizes=\"(max-width: 1208px) 100vw, 1208px\" \/><\/p>\n<hr \/>\n<h3>G\u00d6ZLER\u0130 KARADEN\u0130Z TAM OYUNCU KADROSU<\/h3>\n<p>Halit \u00d6zg\u00fcr Sar\u0131 &#8211; Azil Y\u0131lmaz<\/p>\n<p>\u00d6zge Ya\u011f\u0131z &#8211; G\u00fcne\u015f Ayd\u0131nay<\/p>\n<p>Yonca \u015eahinba\u015f \u2013 Nermin Ma\u00e7ari<\/p>\n<p>Osman Albayrak \u2013 K\u0131nal\u0131<\/p>\n<p><img loading=\"lazy\" decoding=\"async\" class=\"alignnone wp-image-229871\" src=\"https:\/\/www.tgrthaber.com\/mavikadin\/wp-content\/uploads\/Ekran-goruntusu-2025-09-02-204119-300x145.png\" alt=\"\" width=\"1208\" height=\"586\" title=\"\" srcset=\"https:\/\/www.tgrthaber.com\/mavikadin\/wp-content\/uploads\/Ekran-goruntusu-2025-09-02-204119-300x145.png 300w, https:\/\/www.tgrthaber.com\/mavikadin\/wp-content\/uploads\/Ekran-goruntusu-2025-09-02-204119-1024x497.png 1024w, https:\/\/www.tgrthaber.com\/mavikadin\/wp-content\/uploads\/Ekran-goruntusu-2025-09-02-204119-768x372.png 768w, https:\/\/www.tgrthaber.com\/mavikadin\/wp-content\/uploads\/Ekran-goruntusu-2025-09-02-204119.png 1394w\" sizes=\"(max-width: 1208px) 100vw, 1208px\" \/><\/p>\n<hr \/>\n<p>Gizem Ar\u0131kan \u2013 Ayla \u00c7akaro\u011flu<\/p>\n<p>Erol Babao\u011flu \u2013 Sado<\/p>\n<p>Mustafa A\u00e7\u0131lan \u2013 Mehmet Ma\u00e7ari<\/p>\n<p>T\u00fcrk\u00fc Su Demirel \u2013 Fato\u015f Ma\u00e7ari<\/p>\n<p>Mehmet \u00d6zg\u00fcr \u2013 Osman Ma\u00e7ari<\/p>\n<p><img loading=\"lazy\" decoding=\"async\" class=\"alignnone wp-image-229869\" src=\"https:\/\/www.tgrthaber.com\/mavikadin\/wp-content\/uploads\/68b6e86fcf5f777f6e852bf7-300x169.webp\" alt=\"\" width=\"1208\" height=\"680\" title=\"\" srcset=\"https:\/\/www.tgrthaber.com\/mavikadin\/wp-content\/uploads\/68b6e86fcf5f777f6e852bf7-300x169.webp 300w, https:\/\/www.tgrthaber.com\/mavikadin\/wp-content\/uploads\/68b6e86fcf5f777f6e852bf7.webp 750w\" sizes=\"(max-width: 1208px) 100vw, 1208px\" \/><\/p>\n<hr \/>\n<p>Eren \u00d6ren \u2013 Dursun Y\u0131lmaz<\/p>\n<p>Onur \u00d6zayd\u0131n \u2013 Haki \u00c7akaro\u011flu<\/p>\n<p>Berk Ali \u00c7atal \u2013 Sancar Eskier<\/p>\n<p>Ebru Ayka\u00e7 \u2013 Havva K\u0131rkayvaz<\/p>\n<p>\u00d6zg\u00fcr \u00c7\u0131nar Deveci \u2013 Yunus Ayd\u0131nay<\/p>\n<p>Ayten Uncuo\u011flu \u2013 Asiye Ma\u00e7ari<\/p>\n<p><img loading=\"lazy\" decoding=\"async\" class=\"alignnone wp-image-229870\" src=\"https:\/\/www.tgrthaber.com\/mavikadin\/wp-content\/uploads\/0x0-1756824993959-300x200.webp\" alt=\"\" width=\"1208\" height=\"805\" title=\"\" srcset=\"https:\/\/www.tgrthaber.com\/mavikadin\/wp-content\/uploads\/0x0-1756824993959-300x200.webp 300w, https:\/\/www.tgrthaber.com\/mavikadin\/wp-content\/uploads\/0x0-1756824993959.webp 752w\" sizes=\"(max-width: 1208px) 100vw, 1208px\" \/><\/p>\n<hr \/>\n<h3>G\u00d6ZLER\u0130 KARADEN\u0130Z D\u0130Z\u0130S\u0130 \u0130LK B\u00d6L\u00dcM\u00dcYLE EKRANLARA DAMGA VURDU<\/h3>\n<p>G\u00f6zleri Karadeniz 2 Eyl\u00fcl Sal\u0131 ak\u015fam\u0131 ilk b\u00f6l\u00fcm\u00fcyle ekranlara resmen damga vurdu. ATV ekranlar\u0131nda seyircisiyle bulu\u015fan G\u00f6zleri Karadeniz ilk b\u00f6l\u00fcm fragman\u0131yla b\u00fcy\u00fck ses getirmesinin ard\u0131ndan, yay\u0131nlanan ilk b\u00f6l\u00fcm\u00fcyle b\u00fcy\u00fck ilgi g\u00f6rd\u00fc. Her ak\u015fam Sal\u0131 g\u00fcnleri 20:00&#8217;de ekranlarda olacak G\u00f6zleri Karadeniz dizisi gelecek b\u00f6l\u00fcmleriyle de \u00e7ok konu\u015fulaca\u011fa benziyor.<\/p>\n","protected":false},"excerpt":{"rendered":"<p>Karadeniz&#8217;de ge\u00e7en, hikayesiyle ekranlara damga vurmaya haz\u0131rlanan G\u00f6zleri Karadeniz dizisi, oyuncu kadrosu ve g\u00fc\u00e7l\u00fc hikayesiyle \u015fimdiden merak konusu oldu. Dizinin sete \u00e7\u0131kmas\u0131yla heyecan artarken, G\u00f6zleri Karadeniz&#8217;e dair merak edilen sorularda ar\u0131 ard\u0131na arama motorlar\u0131nda sorgulan\u0131yor. Peki G\u00f6zleri Karadeniz dizisi konusu nedir? G\u00f6zleri Karadeniz oyuncu kadrosunda kimler var? \u0130\u015fte sab\u0131rs\u0131zl\u0131kla beklenen diziye dair merak edilen t\u00fcm detaylar&#8230;<\/p>\n","protected":false},"author":35,"featured_media":206532,"comment_status":"closed","ping_status":"closed","sticky":false,"template":"","format":"standard","meta":{"rank_math_lock_modified_date":false,"footnotes":""},"categories":[602],"tags":[3602,25421,2705,16304,2411],"class_list":["post-206521","post","type-post","status-publish","format-standard","has-post-thumbnail","hentry","category-diziler","tag-diziler","tag-gozleri-karadeniz","tag-halit-ozgur-sari","tag-o3-medya","tag-ozge-yagiz"],"_links":{"self":[{"href":"https:\/\/www.tgrthaber.com\/mavikadin\/wp-json\/wp\/v2\/posts\/206521"}],"collection":[{"href":"https:\/\/www.tgrthaber.com\/mavikadin\/wp-json\/wp\/v2\/posts"}],"about":[{"href":"https:\/\/www.tgrthaber.com\/mavikadin\/wp-json\/wp\/v2\/types\/post"}],"author":[{"embeddable":true,"href":"https:\/\/www.tgrthaber.com\/mavikadin\/wp-json\/wp\/v2\/users\/35"}],"replies":[{"embeddable":true,"href":"https:\/\/www.tgrthaber.com\/mavikadin\/wp-json\/wp\/v2\/comments?post=206521"}],"version-history":[{"count":4,"href":"https:\/\/www.tgrthaber.com\/mavikadin\/wp-json\/wp\/v2\/posts\/206521\/revisions"}],"predecessor-version":[{"id":229872,"href":"https:\/\/www.tgrthaber.com\/mavikadin\/wp-json\/wp\/v2\/posts\/206521\/revisions\/229872"}],"wp:featuredmedia":[{"embeddable":true,"href":"https:\/\/www.tgrthaber.com\/mavikadin\/wp-json\/wp\/v2\/media\/206532"}],"wp:attachment":[{"href":"https:\/\/www.tgrthaber.com\/mavikadin\/wp-json\/wp\/v2\/media?parent=206521"}],"wp:term":[{"taxonomy":"category","embeddable":true,"href":"https:\/\/www.tgrthaber.com\/mavikadin\/wp-json\/wp\/v2\/categories?post=206521"},{"taxonomy":"post_tag","embeddable":true,"href":"https:\/\/www.tgrthaber.com\/mavikadin\/wp-json\/wp\/v2\/tags?post=206521"}],"curies":[{"name":"wp","href":"https:\/\/api.w.org\/{rel}","templated":true}]}}