{"id":206533,"date":"2025-07-17T16:34:41","date_gmt":"2025-07-17T13:34:41","guid":{"rendered":"https:\/\/www.tgrthaber.com\/mavikadin\/?p=206533"},"modified":"2025-07-17T16:40:50","modified_gmt":"2025-07-17T13:40:50","slug":"emre-torun-kizi-kimdir-kac-yasinda-meslegi-nedir","status":"publish","type":"post","link":"https:\/\/www.tgrthaber.com\/mavikadin\/emre-torun-kizi-kimdir-kac-yasinda-meslegi-nedir\/","title":{"rendered":"Emre T\u00f6r\u00fcn k\u0131z\u0131 kimdir? Ka\u00e7 ya\u015f\u0131nda mesle\u011fi nedir?"},"content":{"rendered":"<p>Emre T\u00f6r\u00fcn k\u0131z\u0131 kimdir? merak konusu oldu. Bir s\u00fcredir kanserle m\u00fccadele eden oyuncu Emre T\u00f6r\u00fcn ge\u00e7ti\u011fimiz hafta hayat\u0131n\u0131 kaybetmi\u015fti.<\/p>\n<h3>EMRE T\u00d6R\u00dcN KIZI K\u0130MD\u0130R?<\/h3>\n<p>Emre ve Nurkan T\u00f6r\u00fcn \u00e7iftinin 2010 y\u0131l\u0131nda Delfin adl\u0131 bir k\u0131zlar\u0131 d\u00fcnyaya geldi. Merhum sanat\u00e7\u0131 T\u00f6r\u00fcn k\u0131z\u0131 hakk\u0131nda \u015fu a\u00e7\u0131klamalar\u0131 yapm\u0131\u015ft\u0131, &#8220;2000 senesinden bu yana Nurkan T\u00f6r\u00fcn ile evliyim ve d\u00fcnyalar g\u00fczeli Delfin isimli bir k\u0131z\u0131m\u0131z var. Ona a\u015f\u0131\u011f\u0131z. E\u015fimin de aile ba\u011flar\u0131 bizimkine \u00e7ok benzedi\u011fi i\u00e7in hep beraber gayet mutlu ve huzurlu bir hayat s\u00fcr\u00fcyor k\u0131z\u0131m\u0131za da bunu a\u015f\u0131lamaya \u00e7al\u0131\u015f\u0131yoruz. Ben i\u015fimi \u00e7ok seviyorum, k\u0131z\u0131m\u0131n da severek yapaca\u011f\u0131 bir mesle\u011finin olmas\u0131n\u0131 isterim. Zaman\u0131 geldi\u011finde tercihini oyunculuktan yana kullanacaksa tabii ki ikimiz i\u00e7in de payla\u015f\u0131mlar\u0131m\u0131z, di\u011fer mesleklere g\u00f6re \u00e7ok daha avantajl\u0131 ve keyifli olur.&#8221;<\/p>\n<h3>EMRE T\u00d6R\u00dcN&#8217;\u00dcN KIZI KA\u00c7 YA\u015eINDA MESLE\u011e\u0130 NED\u0130R?<\/h3>\n<p>Emre T\u00f6r\u00fcn&#8217;\u00fcn k\u0131z\u0131n\u0131n 15 ya\u015f\u0131nda oldu\u011fu biliniyor. Delfin T\u00f6r\u00fcn \u00f6\u011frencilik hayat\u0131na devam ediyor.<\/p>\n<p><img loading=\"lazy\" decoding=\"async\" class=\"alignnone size-full wp-image-206545\" src=\"https:\/\/www.tgrthaber.com\/mavikadin\/wp-content\/uploads\/Delfin-Torun.png\" alt=\"\" width=\"1208\" height=\"680\" title=\"\" srcset=\"https:\/\/www.tgrthaber.com\/mavikadin\/wp-content\/uploads\/Delfin-Torun.png 1208w, https:\/\/www.tgrthaber.com\/mavikadin\/wp-content\/uploads\/Delfin-Torun-300x169.png 300w, https:\/\/www.tgrthaber.com\/mavikadin\/wp-content\/uploads\/Delfin-Torun-1024x576.png 1024w, https:\/\/www.tgrthaber.com\/mavikadin\/wp-content\/uploads\/Delfin-Torun-768x432.png 768w\" sizes=\"(max-width: 1208px) 100vw, 1208px\" \/><\/p>\n<hr \/>\n<h3>EMRE T\u00d6R\u00dcN SON YOLCULU\u011eUNA U\u011eURLANDI<\/h3>\n<p>Oyuncu Emre T\u00f6r\u00fcn, 1996 y\u0131l\u0131nda Kara Melek dizisiyle oyunculuk kariyerine ad\u0131m att\u0131. E\u015fk\u0131ya D\u00fcnyaya H\u00fck\u00fcmdar Olmaz ile Hudutsuz Sevda gibi projelerle ad\u0131ndan s\u00f6z ettiren T\u00f6r\u00fcn, pankreas kanseriyle m\u00fccadele etmi\u015fti.<\/p>\n<p><img loading=\"lazy\" decoding=\"async\" class=\"alignnone size-full wp-image-206543\" src=\"https:\/\/www.tgrthaber.com\/mavikadin\/wp-content\/uploads\/Emre-Torun-1.png\" alt=\"\" width=\"1208\" height=\"680\" title=\"\" srcset=\"https:\/\/www.tgrthaber.com\/mavikadin\/wp-content\/uploads\/Emre-Torun-1.png 1208w, https:\/\/www.tgrthaber.com\/mavikadin\/wp-content\/uploads\/Emre-Torun-1-300x169.png 300w, https:\/\/www.tgrthaber.com\/mavikadin\/wp-content\/uploads\/Emre-Torun-1-1024x576.png 1024w, https:\/\/www.tgrthaber.com\/mavikadin\/wp-content\/uploads\/Emre-Torun-1-768x432.png 768w\" sizes=\"(max-width: 1208px) 100vw, 1208px\" \/><\/p>\n<hr \/>\n<p>Oyuncu hastal\u0131\u011f\u0131 bir kez yendi ancak kanser karaci\u011ferine s\u0131\u00e7rad\u0131. \u00dcnl\u00fc isim son iste\u011fi \u00fczerine Bal\u0131kesir\u2019in Ak\u00e7ay il\u00e7esine g\u00f6t\u00fcr\u00fcld\u00fc. Sevilen isim 16 Temmuz 2025\u2019te burada hayata veda etti.<\/p>\n<p><img loading=\"lazy\" decoding=\"async\" class=\"alignnone size-full wp-image-206544\" src=\"https:\/\/www.tgrthaber.com\/mavikadin\/wp-content\/uploads\/Emre-Torun-3-2.png\" alt=\"\" width=\"1208\" height=\"680\" title=\"\" srcset=\"https:\/\/www.tgrthaber.com\/mavikadin\/wp-content\/uploads\/Emre-Torun-3-2.png 1208w, https:\/\/www.tgrthaber.com\/mavikadin\/wp-content\/uploads\/Emre-Torun-3-2-300x169.png 300w, https:\/\/www.tgrthaber.com\/mavikadin\/wp-content\/uploads\/Emre-Torun-3-2-1024x576.png 1024w, https:\/\/www.tgrthaber.com\/mavikadin\/wp-content\/uploads\/Emre-Torun-3-2-768x432.png 768w\" sizes=\"(max-width: 1208px) 100vw, 1208px\" \/><\/p>\n<hr \/>\n<p>\u00d6l\u00fcm\u00fcyle sanat d\u00fcnyas\u0131nda b\u00fcy\u00fck bir h\u00fczne neden olan Emre T\u00f6r\u00fcn bug\u00fcn topra\u011fa verildi. T\u00f6r\u00fcn\u2019\u00fcn sevenleri, onun an\u0131s\u0131n\u0131 hem eserleriyle hem de ailesine olan sevgisiyle hat\u0131rlayacak.<\/p>\n<h3>NURKAN T\u00d6R\u00dcN K\u0130MD\u0130R?<\/h3>\n<p>30 A\u011fustos 1977\u2019de Almanya\u2019da d\u00fcnyaya gelen Nurkan T\u00f6r\u00fcn, yetkin bir tiyatro oyuncusu ve seslendirme sanat\u00e7\u0131s\u0131d\u0131r.<br \/>\nDokuz Eyl\u00fcl \u00dcniversitesi G\u00fczel Sanatlar Fak\u00fcltesi Tiyatro Oyunculuk B\u00f6l\u00fcm\u00fc mezunu olan Nurkan T\u00f6r\u00fcn, dublaj d\u00fcnyas\u0131n\u0131n \u00f6nemli isimlerinden biridir.<\/p>\n<p>Nurkan T\u00f6r\u00fcn, sadece Emre T\u00f6r\u00fcn\u2019\u00fcn e\u015fi olarak de\u011fil, kendi kariyerindeki ba\u015far\u0131larla \u00f6n plana \u00e7\u0131k\u0131yor. T\u00f6r\u00fcn e\u015finin vefat\u0131ndan sonra sanata devam etme kararl\u0131l\u0131\u011f\u0131, onun g\u00fc\u00e7l\u00fc karakterini ortaya koyuyor.<\/p>\n","protected":false},"excerpt":{"rendered":"<p>Emre T\u00f6r\u00fcn k\u0131z\u0131 kimdir? merak ediliyor. Pankreas kanserinden hayat\u0131n\u0131 kaybeden oyuncu T\u00f6r\u00fcn bug\u00fcn son yolculu\u011funa u\u011furland\u0131.<\/p>\n","protected":false},"author":5,"featured_media":206542,"comment_status":"closed","ping_status":"closed","sticky":false,"template":"","format":"standard","meta":{"rank_math_lock_modified_date":false,"footnotes":""},"categories":[491],"tags":[3374,28498,28321,28497,28322],"class_list":["post-206533","post","type-post","status-publish","format-standard","has-post-thumbnail","hentry","category-biyografi","tag-biyografi","tag-delfin-torun","tag-emre-torun","tag-emre-torun-kizi","tag-nurkan-torun"],"_links":{"self":[{"href":"https:\/\/www.tgrthaber.com\/mavikadin\/wp-json\/wp\/v2\/posts\/206533"}],"collection":[{"href":"https:\/\/www.tgrthaber.com\/mavikadin\/wp-json\/wp\/v2\/posts"}],"about":[{"href":"https:\/\/www.tgrthaber.com\/mavikadin\/wp-json\/wp\/v2\/types\/post"}],"author":[{"embeddable":true,"href":"https:\/\/www.tgrthaber.com\/mavikadin\/wp-json\/wp\/v2\/users\/5"}],"replies":[{"embeddable":true,"href":"https:\/\/www.tgrthaber.com\/mavikadin\/wp-json\/wp\/v2\/comments?post=206533"}],"version-history":[{"count":3,"href":"https:\/\/www.tgrthaber.com\/mavikadin\/wp-json\/wp\/v2\/posts\/206533\/revisions"}],"predecessor-version":[{"id":206551,"href":"https:\/\/www.tgrthaber.com\/mavikadin\/wp-json\/wp\/v2\/posts\/206533\/revisions\/206551"}],"wp:featuredmedia":[{"embeddable":true,"href":"https:\/\/www.tgrthaber.com\/mavikadin\/wp-json\/wp\/v2\/media\/206542"}],"wp:attachment":[{"href":"https:\/\/www.tgrthaber.com\/mavikadin\/wp-json\/wp\/v2\/media?parent=206533"}],"wp:term":[{"taxonomy":"category","embeddable":true,"href":"https:\/\/www.tgrthaber.com\/mavikadin\/wp-json\/wp\/v2\/categories?post=206533"},{"taxonomy":"post_tag","embeddable":true,"href":"https:\/\/www.tgrthaber.com\/mavikadin\/wp-json\/wp\/v2\/tags?post=206533"}],"curies":[{"name":"wp","href":"https:\/\/api.w.org\/{rel}","templated":true}]}}