{"id":206541,"date":"2025-07-17T16:38:33","date_gmt":"2025-07-17T13:38:33","guid":{"rendered":"https:\/\/www.tgrthaber.com\/mavikadin\/?p=206541"},"modified":"2025-07-17T17:01:16","modified_gmt":"2025-07-17T14:01:16","slug":"emre-torun-annesi-kimdir-kac-yasinda-meslegi-nedir","status":"publish","type":"post","link":"https:\/\/www.tgrthaber.com\/mavikadin\/emre-torun-annesi-kimdir-kac-yasinda-meslegi-nedir\/","title":{"rendered":"Emre T\u00f6r\u00fcn annesi kimdir? Ka\u00e7 ya\u015f\u0131nda mesle\u011fi nedir?"},"content":{"rendered":"<p>Tiyatro ve ekranlar\u0131n usta isimlerinden Emre T\u00f6r\u00fcn&#8217;\u00fcn vefat\u0131 ailesi olmak \u00fczere, sanat camias\u0131nda ve sevenleri aras\u0131nda derin \u00fcz\u00fcnt\u00fcye neden oldu. 53 ya\u015f\u0131nda kanser nedeniyle hayat\u0131n\u0131 kaybeden Emre T\u00f6r\u00fcn&#8217;\u00fcn cenaze t\u00f6renine dair detaylar payla\u015f\u0131l\u0131rken, annesi de takip\u00e7iler taraf\u0131ndan merak edildi.\u00a0 Sosyal medyada Emre T\u00f6r\u00fcn&#8217;\u00fcn annesine y\u00f6nelik sorular aratt\u0131r\u0131lmaya ba\u015flanm\u0131\u015fken, Emre T\u00f6r\u00fcn&#8217;\u00fcn annesinin kim oldu\u011fu, ya\u015f\u0131 ve mesle\u011fi \u00f6ne \u00e7\u0131kan sorular aras\u0131nda yerini ald\u0131. \u0130\u015fte Emre T\u00f6r\u00fcn&#8217;\u00fcn annesi hakk\u0131nda merak edilen t\u00fcm detaylar&#8230;<\/p>\n<h3>EMRE T\u00d6R\u00dcN K\u0130MD\u0130R?<\/h3>\n<p>1 Mart 1972 y\u0131l\u0131nda d\u00fcnyaya gelen Emre T\u00f6r\u00fcn, ilk olarak 1996 y\u0131l\u0131nda Kara Melek dizisiyle ekranlarda yer ald\u0131. Ard\u0131ndan Arka Sokaklar, Bir Zamanlar K\u0131br\u0131s ve \u00dc\u00e7 K\u0131z Karde\u015fler de rol alan ba\u015far\u0131l\u0131 oyuncu, E\u015fikaya D\u00fcnyaya H\u00fck\u00fcmdar Olmaz dizisiyle geni\u015f kitlelere ad\u0131n\u0131 duyurmu\u015ftur.<\/p>\n<p><img loading=\"lazy\" decoding=\"async\" class=\"alignnone wp-image-206561\" src=\"https:\/\/www.tgrthaber.com\/mavikadin\/wp-content\/uploads\/f7595b6a8873787ceb7fadb31b75d449-1-300x179.jpg\" alt=\"\" width=\"1208\" height=\"720\" title=\"\" srcset=\"https:\/\/www.tgrthaber.com\/mavikadin\/wp-content\/uploads\/f7595b6a8873787ceb7fadb31b75d449-1-300x179.jpg 300w, https:\/\/www.tgrthaber.com\/mavikadin\/wp-content\/uploads\/f7595b6a8873787ceb7fadb31b75d449-1.jpg 735w\" sizes=\"(max-width: 1208px) 100vw, 1208px\" \/><\/p>\n<hr \/>\n<p>Nevzat \u00c7ank\u0131r\u0131l\u0131 karakteriyle haf\u0131zlalarda yer edinen Emre T\u00f6r\u00fcn, son olarak Hudutsuz Sevda&#8217;da oynad\u0131\u011f\u0131 \u015eeref rol\u00fcyle g\u00f6n\u00fcllerde yer edinmi\u015fti.<\/p>\n<p><img loading=\"lazy\" decoding=\"async\" class=\"alignnone wp-image-206543\" src=\"https:\/\/www.tgrthaber.com\/mavikadin\/wp-content\/uploads\/Emre-Torun-1-300x169.png\" alt=\"\" width=\"1208\" height=\"680\" title=\"\" srcset=\"https:\/\/www.tgrthaber.com\/mavikadin\/wp-content\/uploads\/Emre-Torun-1-300x169.png 300w, https:\/\/www.tgrthaber.com\/mavikadin\/wp-content\/uploads\/Emre-Torun-1-1024x576.png 1024w, https:\/\/www.tgrthaber.com\/mavikadin\/wp-content\/uploads\/Emre-Torun-1-768x432.png 768w, https:\/\/www.tgrthaber.com\/mavikadin\/wp-content\/uploads\/Emre-Torun-1.png 1208w\" sizes=\"(max-width: 1208px) 100vw, 1208px\" \/><\/p>\n<hr \/>\n<h3>CENAZE DETAYLARI NETLE\u015eT\u0130<\/h3>\n<p>15 Temmuz 2025&#8217;te Edremit&#8217;in Ak\u00e7ay beldesinde pankreas kanseri nedeniyle ya\u015fama veda etti. Emre T\u00f6r\u00fcn i\u00e7in ilk t\u00f6ren \u00dcsk\u00fcdar&#8217;da M\u00fcsahipzade Celal Sahnesi&#8217;nde ger\u00e7ekle\u015fti. 17 Temmuz Per\u015fembe g\u00fcn\u00fc d\u00fczenlenen anma program\u0131 sonras\u0131nda ikindi namaz\u0131yla birlikte \u015eakirin Camii&#8217;nde cenaze namaz\u0131 k\u0131l\u0131nd\u0131.<\/p>\n<p>Emre T\u00f6r\u00fcn Karacaahmet Mezarl\u0131\u011f\u0131&#8217;nda son yolculu\u011funa u\u011furland\u0131. Cenaze t\u00f6reninde Emre T\u00f6r\u00fcn&#8217;\u00fcn ailesi ba\u015fta olmak \u00fczere, sevenleri, meslekta\u015flar\u0131 da kat\u0131ld\u0131. T\u00f6rende Emre T\u00f6r\u00fcn&#8217;\u00fcn annesinin derin \u00fcz\u00fcnt\u00fcs\u00fc de herkesi derinden yaralad\u0131.<\/p>\n<p><img loading=\"lazy\" decoding=\"async\" class=\"alignnone wp-image-206562\" src=\"https:\/\/www.tgrthaber.com\/mavikadin\/wp-content\/uploads\/Adsiz-tasarim-26-14-300x169.png\" alt=\"\" width=\"1208\" height=\"680\" title=\"\" srcset=\"https:\/\/www.tgrthaber.com\/mavikadin\/wp-content\/uploads\/Adsiz-tasarim-26-14-300x169.png 300w, https:\/\/www.tgrthaber.com\/mavikadin\/wp-content\/uploads\/Adsiz-tasarim-26-14-1024x576.png 1024w, https:\/\/www.tgrthaber.com\/mavikadin\/wp-content\/uploads\/Adsiz-tasarim-26-14-768x432.png 768w, https:\/\/www.tgrthaber.com\/mavikadin\/wp-content\/uploads\/Adsiz-tasarim-26-14-1536x864.png 1536w, https:\/\/www.tgrthaber.com\/mavikadin\/wp-content\/uploads\/Adsiz-tasarim-26-14.png 1920w\" sizes=\"(max-width: 1208px) 100vw, 1208px\" \/><\/p>\n<hr \/>\n<h3>EMRE T\u00d6R\u00dcN&#8217;\u00dcN ANNES\u0130 K\u0130MD\u0130R? KA\u00c7 YA\u015eINDA MESLE\u011e\u0130 NED\u0130R?<\/h3>\n<p>Cenaze t\u00f6reninin ard\u0131ndan g\u00f6zler cenazede bulunan Emre T\u00f6r\u00fcn&#8217;\u00fcn annesine \u00e7evrildi. Ancak Emre T\u00f6r\u00fcn&#8217;\u00fcn annesine dair herhangi bir bilgi payla\u015f\u0131m\u0131 bulunmuyor. T\u00f6r\u00fcn&#8217;\u00fcn cenazedeki g\u00f6r\u00fcnt\u00fcs\u00fcn\u00fcn d\u0131\u015f\u0131nda, ya\u015f\u0131, mesle\u011fine dair bir bilgi mevcut de\u011fil. Emre T\u00f6r\u00fcn ailesini zaten medyadan uzak tutmay\u0131 tercih eden bir isimdi. Emre T\u00f6r\u00fcn annesini de bas\u0131ndan ve sosyal medyadan uzakta tuttu\u011fu g\u00f6r\u00fcl\u00fcyor. Ayr\u0131ca usta oyuncu Emre T\u00f6r\u00fcn&#8217;\u00fcn ard\u0131ndan gelen taziye mesajlar\u0131nda da aile b\u00fcy\u00fcklerinin isminin yer almamas\u0131, bu konuda hassas davranm\u0131\u015f oldu\u011funu da g\u00f6steriyor.<\/p>\n","protected":false},"excerpt":{"rendered":"<p>Emre T\u00f6r\u00fcn&#8217;\u00fcn vefat\u0131 sonras\u0131 g\u00f6zler ailesine \u00e7evrildi. \u00d6zellikle o\u011flunun \u00f6l\u00fcm\u00fcyle adeta y\u0131k\u0131lan Emre T\u00f6r\u00fcn&#8217;\u00fcn annesi arama motorlar\u0131nda s\u0131k\u00e7a aratt\u0131r\u0131l\u0131yor. Peki Emre T\u00f6r\u00fcn&#8217;\u00fcn annesi kimdir, ka\u00e7 ya\u015f\u0131nda? Emre T\u00f6r\u00fcn&#8217;\u00fcn annesi mesle\u011fi ne? \u0130\u015fte merak edilen o sorular\u0131n cevaplar\u0131&#8230;<\/p>\n","protected":false},"author":35,"featured_media":206547,"comment_status":"closed","ping_status":"closed","sticky":false,"template":"","format":"standard","meta":{"rank_math_lock_modified_date":false,"footnotes":""},"categories":[491],"tags":[3374,28321,28499,28500,28285],"class_list":["post-206541","post","type-post","status-publish","format-standard","has-post-thumbnail","hentry","category-biyografi","tag-biyografi","tag-emre-torun","tag-emre-torun-annesi","tag-emre-torun-annesi-kac-yasinda","tag-emre-torun-cenaze"],"_links":{"self":[{"href":"https:\/\/www.tgrthaber.com\/mavikadin\/wp-json\/wp\/v2\/posts\/206541"}],"collection":[{"href":"https:\/\/www.tgrthaber.com\/mavikadin\/wp-json\/wp\/v2\/posts"}],"about":[{"href":"https:\/\/www.tgrthaber.com\/mavikadin\/wp-json\/wp\/v2\/types\/post"}],"author":[{"embeddable":true,"href":"https:\/\/www.tgrthaber.com\/mavikadin\/wp-json\/wp\/v2\/users\/35"}],"replies":[{"embeddable":true,"href":"https:\/\/www.tgrthaber.com\/mavikadin\/wp-json\/wp\/v2\/comments?post=206541"}],"version-history":[{"count":3,"href":"https:\/\/www.tgrthaber.com\/mavikadin\/wp-json\/wp\/v2\/posts\/206541\/revisions"}],"predecessor-version":[{"id":206563,"href":"https:\/\/www.tgrthaber.com\/mavikadin\/wp-json\/wp\/v2\/posts\/206541\/revisions\/206563"}],"wp:featuredmedia":[{"embeddable":true,"href":"https:\/\/www.tgrthaber.com\/mavikadin\/wp-json\/wp\/v2\/media\/206547"}],"wp:attachment":[{"href":"https:\/\/www.tgrthaber.com\/mavikadin\/wp-json\/wp\/v2\/media?parent=206541"}],"wp:term":[{"taxonomy":"category","embeddable":true,"href":"https:\/\/www.tgrthaber.com\/mavikadin\/wp-json\/wp\/v2\/categories?post=206541"},{"taxonomy":"post_tag","embeddable":true,"href":"https:\/\/www.tgrthaber.com\/mavikadin\/wp-json\/wp\/v2\/tags?post=206541"}],"curies":[{"name":"wp","href":"https:\/\/api.w.org\/{rel}","templated":true}]}}