{"id":206552,"date":"2025-07-17T17:18:24","date_gmt":"2025-07-17T14:18:24","guid":{"rendered":"https:\/\/www.tgrthaber.com\/mavikadin\/?p=206552"},"modified":"2025-07-17T17:18:25","modified_gmt":"2025-07-17T14:18:25","slug":"babaya-son-bakis-oyuncu-emre-torune-15-yasindaki-kizi-delfinin-en-aci-vedasi","status":"publish","type":"post","link":"https:\/\/www.tgrthaber.com\/mavikadin\/babaya-son-bakis-oyuncu-emre-torune-15-yasindaki-kizi-delfinin-en-aci-vedasi\/","title":{"rendered":"Babaya son bak\u0131\u015f! Oyuncu Emre T\u00f6r\u00fcn&#8217;e 15 ya\u015f\u0131ndaki k\u0131z\u0131 Delfin\u2019in en ac\u0131 vedas\u0131\u2026"},"content":{"rendered":"<p class=\"p1\">Hudutsuz Sevda dizisinin \u015eeref\u2019i Emre T\u00f6r\u00fcn, pankreas kanserinin karaci\u011fere s\u0131\u00e7ramas\u0131 nedeniyle hayat\u0131n\u0131 kaybetti. Usta oyuncunun vefat haberi hem sanat d\u00fcnyas\u0131n\u0131 hem de yak\u0131n \u00e7evresini yasa bo\u011fdu. Bug\u00fcn son yolculu\u011funa u\u011furlanan oyuncunun k\u0131z\u0131 ise ku\u015fkusuz en \u00e7ok \u00fcz\u00fclenlerdendi. Emre T\u00f6r\u00fcn\u2019\u00fcn 15 ya\u015f\u0131ndaki k\u0131z\u0131 Delfin\u2019in tabuta sar\u0131l\u0131p a\u011flad\u0131\u011f\u0131 anlar y\u00fcrek yakt\u0131.<\/p>\n<h3 class=\"p1\">BABAYA SON BAKI\u015e EMRE T\u00d6R\u00dcN\u2019E 15 YA\u015eINDAK\u0130 KIZI DELF\u0130N\u2019\u0130N EN ACI VEDASI!<\/h3>\n<p class=\"p1\">\u2018E\u015fk\u0131ya D\u00fcnyaya H\u00fck\u00fcmdar Olmaz\u2019, \u2018Hudutsuz Sevda\u2019 dizilerinde oynad\u0131\u011f\u0131 karakterle izleyicinin haf\u0131zas\u0131na kaz\u0131nan Emre T\u00f6r\u00fcn, 53 ya\u015f\u0131nda hayat\u0131n\u0131 kaybetti. Panskereas kanserinin karaci\u011fere s\u0131\u00e7ramas\u0131 nedeniyle hayata g\u00f6zlerini yuman oyuncu bug\u00fcn son yolculu\u011funa u\u011furland\u0131. Emre T\u00f6r\u00fcn i\u00e7in bug\u00fcn \u00dcsk\u00fcdar M\u00fcsahipzade Celal Sahnesi&#8217;nde bir anma t\u00f6reni d\u00fczenlendi.<\/p>\n<p><img loading=\"lazy\" decoding=\"async\" class=\"alignnone wp-image-206564 size-large\" src=\"https:\/\/www.tgrthaber.com\/mavikadin\/wp-content\/uploads\/Ekran-Resmi-2025-07-17-17.09.18-1024x609.png\" alt=\"\" width=\"1024\" height=\"609\" title=\"\" srcset=\"https:\/\/www.tgrthaber.com\/mavikadin\/wp-content\/uploads\/Ekran-Resmi-2025-07-17-17.09.18-1024x609.png 1024w, https:\/\/www.tgrthaber.com\/mavikadin\/wp-content\/uploads\/Ekran-Resmi-2025-07-17-17.09.18-300x178.png 300w, https:\/\/www.tgrthaber.com\/mavikadin\/wp-content\/uploads\/Ekran-Resmi-2025-07-17-17.09.18-768x457.png 768w, https:\/\/www.tgrthaber.com\/mavikadin\/wp-content\/uploads\/Ekran-Resmi-2025-07-17-17.09.18.png 1292w\" sizes=\"(max-width: 1024px) 100vw, 1024px\" \/><\/p>\n<hr \/>\n<p class=\"p1\">\u00a0T\u00f6rende T\u00f6r\u00fcn\u2019\u00fcn yak\u0131nlar\u0131 ve sanat camias\u0131ndan pek \u00e7ok isim yasa bo\u011fuldu. Fakat en \u00e7ok \u00fcz\u00fclen ki\u015fi ku\u015fkusuz \u00fcnl\u00fc oyuncunun k\u0131z\u0131 oldu. Emre T\u00f6r\u00fcn\u2019\u00fcn k\u0131z\u0131 Delfin, babas\u0131n\u0131n tabutuna sar\u0131ld\u0131\u011f\u0131 anlarda y\u00fcrek burktu. Emre T\u00f6r\u00fcn, \u015eakirin Camii&#8217;nde ikindi namaz\u0131na m\u00fcteakip k\u0131ld\u0131. Cenaze namaz\u0131n\u0131n ard\u0131ndan Karacaahmet Mezarl\u0131\u011f\u0131&#8217;nda topra\u011fa verildi.<\/p>\n<p><img loading=\"lazy\" decoding=\"async\" class=\"alignnone wp-image-206565 size-large\" src=\"https:\/\/www.tgrthaber.com\/mavikadin\/wp-content\/uploads\/Ekran-Resmi-2025-07-17-17.09.35-1024x386.png\" alt=\"\" width=\"1024\" height=\"386\" title=\"\" srcset=\"https:\/\/www.tgrthaber.com\/mavikadin\/wp-content\/uploads\/Ekran-Resmi-2025-07-17-17.09.35-1024x386.png 1024w, https:\/\/www.tgrthaber.com\/mavikadin\/wp-content\/uploads\/Ekran-Resmi-2025-07-17-17.09.35-300x113.png 300w, https:\/\/www.tgrthaber.com\/mavikadin\/wp-content\/uploads\/Ekran-Resmi-2025-07-17-17.09.35-768x290.png 768w, https:\/\/www.tgrthaber.com\/mavikadin\/wp-content\/uploads\/Ekran-Resmi-2025-07-17-17.09.35.png 1326w\" sizes=\"(max-width: 1024px) 100vw, 1024px\" \/><\/p>\n<hr \/>\n<h3 class=\"p1\">EMRE T\u00d6R\u00dcN K\u0130MD\u0130R?<\/h3>\n<p class=\"p1\">Emre T\u00f6r\u00fcn 1972 y\u0131l\u0131nda d\u00fcnyaya gelmi\u015ftir. \u0130stanbul \u00dcniversitesi Devlet Konservatuar\u0131 Tiyatro B\u00f6l\u00fcm\u00fc&#8217;nde e\u011fitim ald\u0131.Tiyatro, sinema, dizi film oyuncusu ve y\u00f6netmen olan usta ismin ekran maceras\u0131 1996 y\u0131l\u0131nda \u2018Kara Melek\u2019 dizisiyle olmu\u015ftur. Dizide d\u00f6rt sezon rol alan oyuncu profesyonel oyunculu\u011fu ile daha o zamandan dikkat \u00e7ekmi\u015f ve ekrandaki yerini sa\u011flamla\u015ft\u0131rm\u0131\u015ft\u0131r.<span class=\"Apple-converted-space\">\u00a0 <\/span>&#8220;Arka Sokaklar&#8221;, &#8220;Bir Zamanlar K\u0131br\u0131s&#8221;, &#8220;\u00dc\u00e7 K\u0131z Karde\u015f&#8221; ve &#8220;Mahsusa: Trablusgarb&#8221; adl\u0131 yap\u0131mlarda yer alm\u0131\u015ft\u0131r. Televizyon sahnelerinin yan\u0131 s\u0131ra tiyatro sahnelerinde oynad\u0131\u011f\u0131 karakterlerle de dikkat \u00e7ekmi\u015ftir.<\/p>\n<p><img loading=\"lazy\" decoding=\"async\" class=\"alignnone wp-image-206567 size-large\" src=\"https:\/\/www.tgrthaber.com\/mavikadin\/wp-content\/uploads\/Ekran-Resmi-2025-07-17-17.10.01-1024x638.png\" alt=\"\" width=\"1024\" height=\"638\" title=\"\" srcset=\"https:\/\/www.tgrthaber.com\/mavikadin\/wp-content\/uploads\/Ekran-Resmi-2025-07-17-17.10.01-1024x638.png 1024w, https:\/\/www.tgrthaber.com\/mavikadin\/wp-content\/uploads\/Ekran-Resmi-2025-07-17-17.10.01-300x187.png 300w, https:\/\/www.tgrthaber.com\/mavikadin\/wp-content\/uploads\/Ekran-Resmi-2025-07-17-17.10.01-768x479.png 768w, https:\/\/www.tgrthaber.com\/mavikadin\/wp-content\/uploads\/Ekran-Resmi-2025-07-17-17.10.01.png 1072w\" sizes=\"(max-width: 1024px) 100vw, 1024px\" \/><\/p>\n<hr \/>\n<h3>EMRE T\u00d6R\u00dcN OYNADI\u011eI D\u0130Z\u0130LER HANG\u0130LER\u0130?<\/h3>\n<p class=\"p1\">Hudutsuz Sevda (2024) &#8211; \u015eeref<\/p>\n<p class=\"p1\">Ahit: Musa&#8217;n\u0131n Hik\u00e2yesi &#8211; (2024) &#8211; Dathan<\/p>\n<p class=\"p1\">\u00dc\u00e7 K\u0131z Karde\u015f &#8211; (2023-2024) &#8211; Adnan<\/p>\n<p class=\"p1\">Mahsusa: Trablusgarb &#8211; (2023-2024) &#8211; Albay Ne\u015fet<\/p>\n<p><img loading=\"lazy\" decoding=\"async\" class=\"alignnone wp-image-206568 size-full\" src=\"https:\/\/www.tgrthaber.com\/mavikadin\/wp-content\/uploads\/Ekran-Resmi-2025-07-17-17.10.07.png\" alt=\"\" width=\"996\" height=\"564\" title=\"\" srcset=\"https:\/\/www.tgrthaber.com\/mavikadin\/wp-content\/uploads\/Ekran-Resmi-2025-07-17-17.10.07.png 996w, https:\/\/www.tgrthaber.com\/mavikadin\/wp-content\/uploads\/Ekran-Resmi-2025-07-17-17.10.07-300x170.png 300w, https:\/\/www.tgrthaber.com\/mavikadin\/wp-content\/uploads\/Ekran-Resmi-2025-07-17-17.10.07-768x435.png 768w\" sizes=\"(max-width: 996px) 100vw, 996px\" \/><\/p>\n<hr \/>\n<p class=\"p1\">Bir Zamanlar K\u0131br\u0131s\/K\u0131br\u0131s: Zafere Do\u011fru &#8211; (2021-2022) &#8211; III. Makarios<\/p>\n<p class=\"p1\">Arka Sokaklar &#8211; (2020) &#8211; Civan<\/p>\n<p class=\"p1\">E\u015fk\u0131ya D\u00fcnyaya H\u00fck\u00fcmdar Olmaz &#8211; (2015-2017) &#8211; Nevzat \u00c7ank\u0131r\u0131<\/p>\n<p class=\"p1\">Reaksiyon &#8211; (2014) &#8211; Savc\u0131<\/p>\n","protected":false},"excerpt":{"rendered":"<p>Hudutsuz Sevda dizisinin \u015eeref&#8217;i Emre T\u00f6r\u00fcn kanser nedeniyle tedavi g\u00f6rd\u00fc\u011f\u00fc hastanede hayat\u0131n\u0131 kaybetti. Usta oyuncu bug\u00fcn son yolculu\u011funa u\u011furland\u0131. Cenaze t\u00f6reninde 15 ya\u015f\u0131ndaki k\u0131z\u0131 Delfin&#8217;in babas\u0131n\u0131n tabutuna sar\u0131l\u0131p a\u011flad\u0131\u011f\u0131 anlar y\u00fcrek s\u0131zlatt\u0131. <\/p>\n","protected":false},"author":16,"featured_media":206575,"comment_status":"closed","ping_status":"closed","sticky":false,"template":"","format":"standard","meta":{"rank_math_lock_modified_date":false,"footnotes":""},"categories":[76],"tags":[28508,28507,28506,28505,2218],"class_list":["post-206552","post","type-post","status-publish","format-standard","has-post-thumbnail","hentry","category-magazin","tag-emre-torun-kimdir","tag-emre-torun-kizi-delfin-cenaze-toreni","tag-emre-torun-kizi-delfin-cenaze-veda","tag-emre-torun-kizi-veda","tag-magazin-haberleri"],"_links":{"self":[{"href":"https:\/\/www.tgrthaber.com\/mavikadin\/wp-json\/wp\/v2\/posts\/206552"}],"collection":[{"href":"https:\/\/www.tgrthaber.com\/mavikadin\/wp-json\/wp\/v2\/posts"}],"about":[{"href":"https:\/\/www.tgrthaber.com\/mavikadin\/wp-json\/wp\/v2\/types\/post"}],"author":[{"embeddable":true,"href":"https:\/\/www.tgrthaber.com\/mavikadin\/wp-json\/wp\/v2\/users\/16"}],"replies":[{"embeddable":true,"href":"https:\/\/www.tgrthaber.com\/mavikadin\/wp-json\/wp\/v2\/comments?post=206552"}],"version-history":[{"count":2,"href":"https:\/\/www.tgrthaber.com\/mavikadin\/wp-json\/wp\/v2\/posts\/206552\/revisions"}],"predecessor-version":[{"id":206577,"href":"https:\/\/www.tgrthaber.com\/mavikadin\/wp-json\/wp\/v2\/posts\/206552\/revisions\/206577"}],"wp:featuredmedia":[{"embeddable":true,"href":"https:\/\/www.tgrthaber.com\/mavikadin\/wp-json\/wp\/v2\/media\/206575"}],"wp:attachment":[{"href":"https:\/\/www.tgrthaber.com\/mavikadin\/wp-json\/wp\/v2\/media?parent=206552"}],"wp:term":[{"taxonomy":"category","embeddable":true,"href":"https:\/\/www.tgrthaber.com\/mavikadin\/wp-json\/wp\/v2\/categories?post=206552"},{"taxonomy":"post_tag","embeddable":true,"href":"https:\/\/www.tgrthaber.com\/mavikadin\/wp-json\/wp\/v2\/tags?post=206552"}],"curies":[{"name":"wp","href":"https:\/\/api.w.org\/{rel}","templated":true}]}}