{"id":206553,"date":"2025-07-17T16:47:37","date_gmt":"2025-07-17T13:47:37","guid":{"rendered":"https:\/\/www.tgrthaber.com\/mavikadin\/?p=206553"},"modified":"2025-07-17T16:47:37","modified_gmt":"2025-07-17T13:47:37","slug":"rezan-epozdemir-kimdir-kac-yasinda-rezan-epozdemir-esi-kimdir","status":"publish","type":"post","link":"https:\/\/www.tgrthaber.com\/mavikadin\/rezan-epozdemir-kimdir-kac-yasinda-rezan-epozdemir-esi-kimdir\/","title":{"rendered":"Rezan Ep\u00f6zdemir kimdir ka\u00e7 ya\u015f\u0131nda? Rezan Ep\u00f6zdemir e\u015fi kimdir?"},"content":{"rendered":"<p>T\u00fcrkiye\u2019nin g\u00fcndemine oturan ve toplumsal vicdanlar\u0131 derinden yaralayan davalarla ad\u0131ndan s\u00f6z ettiren Rezan Ep\u00f6zdemir verdi\u011fi hukuk m\u00fccadeleleriyle g\u00fcndeme geldi.<\/p>\n<h3>REZAN EP\u00d6ZDEM\u0130R KA\u00c7 YA\u015eINDA?<\/h3>\n<p>Avukat Dr. Rezan Ep\u00f6zdemir, hukuk m\u00fccadelesiyle g\u00fcndeme geldi. M\u00fcnevver Karabulut, P\u0131nar G\u00fcltekin ve son olarak Mattia Ahmet Minguzzi cinayetleriyle ad\u0131n\u0131 duyuran \u00fcnl\u00fc avukat 40 ya\u015f\u0131ndad\u0131r.<\/p>\n<p>Ep\u00f6zdemir, avukatl\u0131\u011f\u0131n\u0131n yan\u0131 s\u0131ra ayn\u0131 zamanda bir akademisyen ve spor y\u00f6neticisi kimli\u011fiyle de dikkat \u00e7ekiyor. Kurucusu oldu\u011fu Analiz Hukuk B\u00fcrosu ile hem ulusal hem de uluslararas\u0131 alanda faaliyet g\u00f6steren Avukat Dr. Rezan Ep\u00f6zdemir, kararl\u0131 duru\u015fu ve hukuki m\u00fccadelesiyle tan\u0131n\u0131yor.<\/p>\n<p><img loading=\"lazy\" decoding=\"async\" class=\"alignnone size-full wp-image-206554\" src=\"https:\/\/www.tgrthaber.com\/mavikadin\/wp-content\/uploads\/REZAN-EPOZDEMIR-1.png\" alt=\"\" width=\"1208\" height=\"680\" title=\"\" srcset=\"https:\/\/www.tgrthaber.com\/mavikadin\/wp-content\/uploads\/REZAN-EPOZDEMIR-1.png 1208w, https:\/\/www.tgrthaber.com\/mavikadin\/wp-content\/uploads\/REZAN-EPOZDEMIR-1-300x169.png 300w, https:\/\/www.tgrthaber.com\/mavikadin\/wp-content\/uploads\/REZAN-EPOZDEMIR-1-1024x576.png 1024w, https:\/\/www.tgrthaber.com\/mavikadin\/wp-content\/uploads\/REZAN-EPOZDEMIR-1-768x432.png 768w\" sizes=\"(max-width: 1208px) 100vw, 1208px\" \/><\/p>\n<hr \/>\n<h3>REZAN EP\u00d6ZDEM\u0130R K\u0130MD\u0130R?<\/h3>\n<p>T\u00fcrkiye&#8217;nin haf\u0131zas\u0131na kaz\u0131nan trajik olaylarla tan\u0131nan Rezan Ep\u00f6zdemir, 2009 y\u0131l\u0131nda i\u015flenen M\u00fcnevver Karabulut cinayetinde Karabulut ailesinin avukatl\u0131\u011f\u0131n\u0131 \u00fcstlenmi\u015fti.<\/p>\n<p>2020 y\u0131l\u0131nda vah\u015fice katledilen P\u0131nar G\u00fcltekin davas\u0131nda da G\u00fcltekin ailesinin vekilli\u011fini yapan Ep\u00f6zdemir, san\u0131\u011f\u0131n en a\u011f\u0131r cezay\u0131 almas\u0131 i\u00e7in ya\u015fanan bu s\u00fcre\u00e7te takdir toplad\u0131.<\/p>\n<p><img loading=\"lazy\" decoding=\"async\" class=\"alignnone size-full wp-image-206555\" src=\"https:\/\/www.tgrthaber.com\/mavikadin\/wp-content\/uploads\/REZAN-EPOZDEMIR-2.png\" alt=\"\" width=\"1208\" height=\"680\" title=\"\" srcset=\"https:\/\/www.tgrthaber.com\/mavikadin\/wp-content\/uploads\/REZAN-EPOZDEMIR-2.png 1208w, https:\/\/www.tgrthaber.com\/mavikadin\/wp-content\/uploads\/REZAN-EPOZDEMIR-2-300x169.png 300w, https:\/\/www.tgrthaber.com\/mavikadin\/wp-content\/uploads\/REZAN-EPOZDEMIR-2-1024x576.png 1024w, https:\/\/www.tgrthaber.com\/mavikadin\/wp-content\/uploads\/REZAN-EPOZDEMIR-2-768x432.png 768w\" sizes=\"(max-width: 1208px) 100vw, 1208px\" \/><\/p>\n<hr \/>\n<p>Son olarak 2025 y\u0131l\u0131nda \u0130stanbul Kad\u0131k\u00f6y&#8217;de b\u0131\u00e7aklanarak \u00f6ld\u00fcr\u00fclen 15 ya\u015f\u0131ndaki Mattia Ahmet Minguzzi&#8217;nin ailesinin avukatl\u0131\u011f\u0131n\u0131 g\u00f6rev edindi.<\/p>\n<p>Bu davada ald\u0131\u011f\u0131 \u00f6l\u00fcm tehditlerine ra\u011fmen geri ad\u0131m atmayan Ep\u00f6zdemir, &#8220;Bu tehditler bizi korkutamaz ve sindiremez. Ahmet Minguzzi\u2019yi katleden faillerin emsal<\/p>\n<p>mahiyette cezaland\u0131r\u0131lmas\u0131 i\u00e7in hukuki m\u00fccadelemiz devam edecek,&#8221; diyerek kararl\u0131l\u0131\u011f\u0131n\u0131 yeniden ortaya koydu.<\/p>\n<p>\u0130stanbul Fatih&#8217;te 24 Kas\u0131m 1984&#8217;te d\u00fcnyaya gelen Ep\u00f6zdemir, aslen Siirt Baykanl\u0131d\u0131r.<\/p>\n<p><img loading=\"lazy\" decoding=\"async\" class=\"alignnone size-full wp-image-206556\" src=\"https:\/\/www.tgrthaber.com\/mavikadin\/wp-content\/uploads\/REZAN-EPOZDEMIR-3.png\" alt=\"\" width=\"1208\" height=\"680\" title=\"\" srcset=\"https:\/\/www.tgrthaber.com\/mavikadin\/wp-content\/uploads\/REZAN-EPOZDEMIR-3.png 1208w, https:\/\/www.tgrthaber.com\/mavikadin\/wp-content\/uploads\/REZAN-EPOZDEMIR-3-300x169.png 300w, https:\/\/www.tgrthaber.com\/mavikadin\/wp-content\/uploads\/REZAN-EPOZDEMIR-3-1024x576.png 1024w, https:\/\/www.tgrthaber.com\/mavikadin\/wp-content\/uploads\/REZAN-EPOZDEMIR-3-768x432.png 768w\" sizes=\"(max-width: 1208px) 100vw, 1208px\" \/><\/p>\n<hr \/>\n<p>Ep\u00f6zdemir, 2007 y\u0131l\u0131nda Marmara \u00dcniversitesi Hukuk Fak\u00fcltesi&#8217;nden ikincilikle mezun oldu.<\/p>\n<p>Y\u00fcksek lisans\u0131n\u0131 \u00f6zel hukuk, doktoras\u0131n\u0131 ise &#8220;H\u00fckm\u00fcn A\u00e7\u0131klanmas\u0131n\u0131n Geri B\u0131rak\u0131lmas\u0131&#8221; konulu teziyle kamu hukuku alan\u0131nda tamamlayarak Hukuk Doktoru unvan\u0131n\u0131 ald\u0131.<\/p>\n<p>Profesyonel kariyerine ise 2007 y\u0131l\u0131nda kurdu\u011fu Analiz Hukuk B\u00fcrosu&#8217;nda ba\u015flad\u0131.<\/p>\n<p>Ep\u00f6zdemir, ceza hukuku ba\u015fta olmak \u00fczere bir\u00e7ok alanda uzmanla\u015ft\u0131.<\/p>\n<p><img loading=\"lazy\" decoding=\"async\" class=\"alignnone size-full wp-image-206557\" src=\"https:\/\/www.tgrthaber.com\/mavikadin\/wp-content\/uploads\/REZAN-EPOZDEMIR-4.png\" alt=\"\" width=\"1208\" height=\"680\" title=\"\" srcset=\"https:\/\/www.tgrthaber.com\/mavikadin\/wp-content\/uploads\/REZAN-EPOZDEMIR-4.png 1208w, https:\/\/www.tgrthaber.com\/mavikadin\/wp-content\/uploads\/REZAN-EPOZDEMIR-4-300x169.png 300w, https:\/\/www.tgrthaber.com\/mavikadin\/wp-content\/uploads\/REZAN-EPOZDEMIR-4-1024x576.png 1024w, https:\/\/www.tgrthaber.com\/mavikadin\/wp-content\/uploads\/REZAN-EPOZDEMIR-4-768x432.png 768w\" sizes=\"(max-width: 1208px) 100vw, 1208px\" \/><\/p>\n<hr \/>\n<h3>REZAN EP\u00d6ZDEM\u0130R E\u015e\u0130 K\u0130MD\u0130R?<\/h3>\n<p>Evet, Rezan Ep\u00f6zdemir evlidir. Ancak e\u015fiyle ilgili bilgiler gizli tutulmakta olup, e\u015finin kim oldu\u011fu kamuya a\u00e7\u0131klanmam\u0131\u015ft\u0131r.<\/p>\n","protected":false},"excerpt":{"rendered":"<p>Rezan Ep\u00f6zdemir kimdir ka\u00e7 ya\u015f\u0131nda? ara\u015ft\u0131r\u0131l\u0131yor. T\u00fcrkiye&#8217;nin g\u00fcndemine oturan ve ma\u011fdur olan ailelerin avukat\u0131 olarak tan\u0131nan Rezan Ep\u00f6zdemir \u015fu s\u0131ralar yine g\u00fcndeme geldi.<\/p>\n","protected":false},"author":5,"featured_media":206558,"comment_status":"closed","ping_status":"closed","sticky":false,"template":"","format":"standard","meta":{"rank_math_lock_modified_date":false,"footnotes":""},"categories":[491],"tags":[3374,28501,28502],"class_list":["post-206553","post","type-post","status-publish","format-standard","has-post-thumbnail","hentry","category-biyografi","tag-biyografi","tag-rezan-epozdemir","tag-rezan-epozdemir-esi"],"_links":{"self":[{"href":"https:\/\/www.tgrthaber.com\/mavikadin\/wp-json\/wp\/v2\/posts\/206553"}],"collection":[{"href":"https:\/\/www.tgrthaber.com\/mavikadin\/wp-json\/wp\/v2\/posts"}],"about":[{"href":"https:\/\/www.tgrthaber.com\/mavikadin\/wp-json\/wp\/v2\/types\/post"}],"author":[{"embeddable":true,"href":"https:\/\/www.tgrthaber.com\/mavikadin\/wp-json\/wp\/v2\/users\/5"}],"replies":[{"embeddable":true,"href":"https:\/\/www.tgrthaber.com\/mavikadin\/wp-json\/wp\/v2\/comments?post=206553"}],"version-history":[{"count":2,"href":"https:\/\/www.tgrthaber.com\/mavikadin\/wp-json\/wp\/v2\/posts\/206553\/revisions"}],"predecessor-version":[{"id":206560,"href":"https:\/\/www.tgrthaber.com\/mavikadin\/wp-json\/wp\/v2\/posts\/206553\/revisions\/206560"}],"wp:featuredmedia":[{"embeddable":true,"href":"https:\/\/www.tgrthaber.com\/mavikadin\/wp-json\/wp\/v2\/media\/206558"}],"wp:attachment":[{"href":"https:\/\/www.tgrthaber.com\/mavikadin\/wp-json\/wp\/v2\/media?parent=206553"}],"wp:term":[{"taxonomy":"category","embeddable":true,"href":"https:\/\/www.tgrthaber.com\/mavikadin\/wp-json\/wp\/v2\/categories?post=206553"},{"taxonomy":"post_tag","embeddable":true,"href":"https:\/\/www.tgrthaber.com\/mavikadin\/wp-json\/wp\/v2\/tags?post=206553"}],"curies":[{"name":"wp","href":"https:\/\/api.w.org\/{rel}","templated":true}]}}