{"id":206580,"date":"2025-07-17T17:55:58","date_gmt":"2025-07-17T14:55:58","guid":{"rendered":"https:\/\/www.tgrthaber.com\/mavikadin\/?p=206580"},"modified":"2025-07-17T17:55:59","modified_gmt":"2025-07-17T14:55:59","slug":"murat-cemcirin-yapay-zeka-ile-donusu-pes-dedirtti-gorenler-ezgi-eyupogluna-benzetti","status":"publish","type":"post","link":"https:\/\/www.tgrthaber.com\/mavikadin\/murat-cemcirin-yapay-zeka-ile-donusu-pes-dedirtti-gorenler-ezgi-eyupogluna-benzetti\/","title":{"rendered":"Murat Cemcir&#8217;in yapay zeka ile d\u00f6n\u00fc\u015f\u00fc pes dedirtti! G\u00f6renler Ezgi Ey\u00fcpo\u011flu&#8217;na benzetti"},"content":{"rendered":"<p class=\"p2\">\u00dcnl\u00fc oyuncu Murat Cemcir son payla\u015f\u0131m\u0131 ile ad\u0131ndan s\u00f6z ettirdi.<span class=\"Apple-converted-space\">\u00a0 <\/span>\u00c7alg\u0131 \u00c7engi, D\u00fc\u011f\u00fcn Dernek, Ailecek \u015ea\u015fk\u0131n\u0131z ve Karde\u015f Pay\u0131 gibi<span class=\"Apple-converted-space\">\u00a0 <\/span>yap\u0131mlarda oynad\u0131\u011f\u0131 karakterlerle \u00e7ok sevilen oyuncu yapay zeka ile kad\u0131n oldu. Oyuncunun son payla\u015f\u0131m\u0131 sosyal medyada \u00e7ok konu\u015fuldu.<\/p>\n<h3 class=\"p2\">MURAT CEMC\u0130R\u2019\u0130N YAPAY ZEKA \u0130LE D\u00d6N\u00dc\u015e\u00dc PES DED\u0130RTT\u0130! G\u00d6RENLER EZG\u0130 EY\u00dcBO\u011eLU\u2019NA BENZETT\u0130<\/h3>\n<p class=\"p2\">Yer ald\u0131\u011f\u0131 yap\u0131mlarda oynad\u0131\u011f\u0131 karakterlerle \u00e7ok sevilen Murat Cemcir\u2019in sosyal medyadaki son payla\u015f\u0131m\u0131 yine g\u00fcl\u00fcmsetti. Sosyal medyay\u0131 aktif kullanan isim bu sefer yapay zeka ile kad\u0131n oldu. Cemcir kendisini kad\u0131na d\u00f6n\u00fc\u015ft\u00fcrerek, &#8221;Kad\u0131n m\u0131 olsam m\u0131 nas\u0131l\u0131m m\u0131? Yapay zeka ile ilk temas&#8221; notunu d\u00fc\u015ft\u00fc. Murat Cemcir\u2019in kad\u0131n hali oyuncu Ezgi Ey\u00fcbo\u011flu\u2019na benzetildi. Sosyal medya kullan\u0131c\u0131lar\u0131, \u2018\u015eaka m\u0131 bu Ezgi Ey\u00fcbo\u011flu\u2019nun ikizini bulduk\u2019, \u2018 Ezgi Ey\u00fcbo\u011flu\u2019na kendisinden daha \u00e7ok benzemi\u015f\u2019 yorumlar\u0131nda bulundu.<\/p>\n<p><img loading=\"lazy\" decoding=\"async\" class=\"alignnone wp-image-206582 \" src=\"https:\/\/www.tgrthaber.com\/mavikadin\/wp-content\/uploads\/Ekran-Resmi-2025-07-17-17.41.36-685x1024.png\" alt=\"\" width=\"991\" height=\"1481\" title=\"\" srcset=\"https:\/\/www.tgrthaber.com\/mavikadin\/wp-content\/uploads\/Ekran-Resmi-2025-07-17-17.41.36-685x1024.png 685w, https:\/\/www.tgrthaber.com\/mavikadin\/wp-content\/uploads\/Ekran-Resmi-2025-07-17-17.41.36-201x300.png 201w, https:\/\/www.tgrthaber.com\/mavikadin\/wp-content\/uploads\/Ekran-Resmi-2025-07-17-17.41.36-768x1148.png 768w, https:\/\/www.tgrthaber.com\/mavikadin\/wp-content\/uploads\/Ekran-Resmi-2025-07-17-17.41.36.png 918w\" sizes=\"(max-width: 991px) 100vw, 991px\" \/><\/p>\n<hr \/>\n<h3 class=\"p2\"><b>&#8220;TORUN G\u00d6RMEK \u0130ST\u0130YOR ONLAR DA&#8221;<\/b><b><\/b><\/h3>\n<p class=\"p2\">\u00dcnl\u00fc isim neden evlenmedi\u011fi hakk\u0131nda \u015fu s\u00f6zleri s\u00f6ylemi\u015fti: \u201cEvlili\u011fi \u015fu ana kadar hi\u00e7 d\u00fc\u015f\u00fcnmedim. Akrabalar\u0131m\u0131n, kuzenlerimin, ailemin evlili\u011fi \u00e7ok mutlu. Bizim topra\u011f\u0131m\u0131z \u00e7ok \u00f6zel bir toprak, ne\u015feliyiz. Anne baba da ister ya, bir o\u011flu bir k\u0131z\u0131 var, torun g\u00f6rmek istiyor onlar da\u2026 \u201d<\/p>\n<p><img loading=\"lazy\" decoding=\"async\" class=\"alignnone wp-image-206583 size-full\" src=\"https:\/\/www.tgrthaber.com\/mavikadin\/wp-content\/uploads\/Ekran-Resmi-2025-07-17-17.42.39.png\" alt=\"\" width=\"1006\" height=\"598\" title=\"\" srcset=\"https:\/\/www.tgrthaber.com\/mavikadin\/wp-content\/uploads\/Ekran-Resmi-2025-07-17-17.42.39.png 1006w, https:\/\/www.tgrthaber.com\/mavikadin\/wp-content\/uploads\/Ekran-Resmi-2025-07-17-17.42.39-300x178.png 300w, https:\/\/www.tgrthaber.com\/mavikadin\/wp-content\/uploads\/Ekran-Resmi-2025-07-17-17.42.39-768x457.png 768w\" sizes=\"(max-width: 1006px) 100vw, 1006px\" \/><\/p>\n<hr \/>\n<h3>MURAT CEMC\u0130R K\u0130MD\u0130R?<\/h3>\n<p class=\"p2\">\u00dcnl\u00fc oyuncu Murat Cemcir, 1976 do\u011fumludur. G\u00fcrc\u00fc as\u0131ll\u0131 olan T\u00fcrk oyuncu \u00c7alg\u0131 \u00c7engi, \u0130\u015fler G\u00fc\u00e7ler, D\u00fc\u011f\u00fcn Dernek, D\u00fc\u011f\u00fcn Dernek 2, Karde\u015f Pay\u0131 adl\u0131 dizilerde oynad\u0131\u011f\u0131 karakterlerle haf\u0131zalara kaz\u0131nm\u0131\u015ft\u0131r. At binicili\u011fi ile ilgilenen oyuncu g\u00fcrc\u00fcceyi de \u00e7ok iyi konu\u015fabilmektedir. Ahmet Kural ile yer ald\u0131\u011f\u0131 dizilerde g\u00f6sterdi\u011fi ba\u015far\u0131l\u0131 performansla ad\u0131ndan s\u00f6z ettiren oyuncu Mustafa Kemal \u00dcniversitesi Otomotiv B\u00f6l\u00fcm\u00fc mezunudur.<\/p>\n<p><img loading=\"lazy\" decoding=\"async\" class=\"alignnone wp-image-206584 size-full\" src=\"https:\/\/www.tgrthaber.com\/mavikadin\/wp-content\/uploads\/Ekran-Resmi-2025-07-17-17.42.24.png\" alt=\"\" width=\"990\" height=\"550\" title=\"\" srcset=\"https:\/\/www.tgrthaber.com\/mavikadin\/wp-content\/uploads\/Ekran-Resmi-2025-07-17-17.42.24.png 990w, https:\/\/www.tgrthaber.com\/mavikadin\/wp-content\/uploads\/Ekran-Resmi-2025-07-17-17.42.24-300x167.png 300w, https:\/\/www.tgrthaber.com\/mavikadin\/wp-content\/uploads\/Ekran-Resmi-2025-07-17-17.42.24-768x427.png 768w\" sizes=\"(max-width: 990px) 100vw, 990px\" \/><\/p>\n<hr \/>\n<h3>MURAT CEMC\u0130R HANG\u0130 D\u0130Z\u0130LERDE OYNADI?<\/h3>\n<p>2017 \u00c7alg\u0131 \u00c7engi :\u0130kimiz Salih<br \/>\n2016 Hayat\u0131m\u0131n A\u015fk\u0131 Konuk Oyuncu(1.b\u00f6l\u00fcm)<br \/>\n2015 D\u00fc\u011f\u00fcn Dernek 2: S\u00fcnnet \u00c7etin<br \/>\n2014 Karde\u015f Pay\u0131 Ali \u00d6zdemir<br \/>\n2013 D\u00fc\u011f\u00fcn Dernek \u00c7etin<br \/>\n2012 \u0130\u015fler G\u00fc\u00e7ler Kendisi<br \/>\n2012 Behzat \u00c7. Salih (\u00c7alg\u0131 \u00c7engi) (60. B\u00f6l\u00fcm)<\/p>\n<p><img loading=\"lazy\" decoding=\"async\" class=\"alignnone wp-image-206585 size-full\" src=\"https:\/\/www.tgrthaber.com\/mavikadin\/wp-content\/uploads\/Ekran-Resmi-2025-07-17-17.44.24.png\" alt=\"\" width=\"984\" height=\"584\" title=\"\" srcset=\"https:\/\/www.tgrthaber.com\/mavikadin\/wp-content\/uploads\/Ekran-Resmi-2025-07-17-17.44.24.png 984w, https:\/\/www.tgrthaber.com\/mavikadin\/wp-content\/uploads\/Ekran-Resmi-2025-07-17-17.44.24-300x178.png 300w, https:\/\/www.tgrthaber.com\/mavikadin\/wp-content\/uploads\/Ekran-Resmi-2025-07-17-17.44.24-768x456.png 768w\" sizes=\"(max-width: 984px) 100vw, 984px\" \/><\/p>\n<hr \/>\n<p>2012 Yeralt\u0131 Sinan<br \/>\n2011 \u00dcsk\u00fcdar&#8217;a Giderken O\u011fuz Cemcir<br \/>\n2010 K\u00fcst\u00fcm \u00c7i\u00e7e\u011fi Hidayet<br \/>\n2010 \u00c7alg\u0131 \u00c7engi Salih<br \/>\n2009 Bir Bulut Olsam Asil<br \/>\n2009 Ramazan G\u00fczeldir Dilenci Tankut<br \/>\n2008 Gazi Konuk Oyuncu<\/p>\n<p><img loading=\"lazy\" decoding=\"async\" class=\"alignnone wp-image-206586 size-full\" src=\"https:\/\/www.tgrthaber.com\/mavikadin\/wp-content\/uploads\/Ekran-Resmi-2025-07-17-17.45.28.png\" alt=\"\" width=\"988\" height=\"652\" title=\"\" srcset=\"https:\/\/www.tgrthaber.com\/mavikadin\/wp-content\/uploads\/Ekran-Resmi-2025-07-17-17.45.28.png 988w, https:\/\/www.tgrthaber.com\/mavikadin\/wp-content\/uploads\/Ekran-Resmi-2025-07-17-17.45.28-300x198.png 300w, https:\/\/www.tgrthaber.com\/mavikadin\/wp-content\/uploads\/Ekran-Resmi-2025-07-17-17.45.28-768x507.png 768w\" sizes=\"(max-width: 988px) 100vw, 988px\" \/><\/p>\n<hr \/>\n<p>2008 Kurbanl\u0131k Fakir Adam<br \/>\n2008 Be\u015finci Boyut (S\u00f6nd\u00fcr\u00fclen Hayatlar B\u00f6l\u00fcm\u00fc) Doktor Kenan<br \/>\n2006 Polis Komiser H\u00fcseyin<br \/>\n2006 Pars: Kiraz Operasyonu Kargo m\u00fcd\u00fcr\u00fc<br \/>\n2005 Takva Mahmut<br \/>\n2002 S\u0131rlar D\u00fcnyas\u0131 \/ S\u0131r Kap\u0131s\u0131 Fatih Hoca<\/p>\n","protected":false},"excerpt":{"rendered":"<p>Rol ald\u0131\u011f\u0131 yap\u0131mlarla ad\u0131ndan s\u00f6z ettiren Murat Cemcir, yapay zeka ile kad\u0131n oldu. \u00dcnl\u00fc oyuncunun kad\u0131n halini g\u00f6renler oyuncuyu Ezgi Ey\u00fcbo\u011flu&#8217;na benzetti. Sosyal medyada yorumlar havada u\u00e7u\u015furken oyuncunun son hali g\u00f6renleri g\u00fcl\u00fcmsetti. <\/p>\n","protected":false},"author":16,"featured_media":206587,"comment_status":"closed","ping_status":"closed","sticky":false,"template":"","format":"standard","meta":{"rank_math_lock_modified_date":false,"footnotes":""},"categories":[76],"tags":[133,2218,28511,28509,28510],"class_list":["post-206580","post","type-post","status-publish","format-standard","has-post-thumbnail","hentry","category-magazin","tag-magazin","tag-magazin-haberleri","tag-murat-cemcir-kimdir","tag-murat-cemcir-yapay-zeka-kadin","tag-murta-cemcir-yapay-zeka-kadin-ezgi-eyuboglu"],"_links":{"self":[{"href":"https:\/\/www.tgrthaber.com\/mavikadin\/wp-json\/wp\/v2\/posts\/206580"}],"collection":[{"href":"https:\/\/www.tgrthaber.com\/mavikadin\/wp-json\/wp\/v2\/posts"}],"about":[{"href":"https:\/\/www.tgrthaber.com\/mavikadin\/wp-json\/wp\/v2\/types\/post"}],"author":[{"embeddable":true,"href":"https:\/\/www.tgrthaber.com\/mavikadin\/wp-json\/wp\/v2\/users\/16"}],"replies":[{"embeddable":true,"href":"https:\/\/www.tgrthaber.com\/mavikadin\/wp-json\/wp\/v2\/comments?post=206580"}],"version-history":[{"count":1,"href":"https:\/\/www.tgrthaber.com\/mavikadin\/wp-json\/wp\/v2\/posts\/206580\/revisions"}],"predecessor-version":[{"id":206588,"href":"https:\/\/www.tgrthaber.com\/mavikadin\/wp-json\/wp\/v2\/posts\/206580\/revisions\/206588"}],"wp:featuredmedia":[{"embeddable":true,"href":"https:\/\/www.tgrthaber.com\/mavikadin\/wp-json\/wp\/v2\/media\/206587"}],"wp:attachment":[{"href":"https:\/\/www.tgrthaber.com\/mavikadin\/wp-json\/wp\/v2\/media?parent=206580"}],"wp:term":[{"taxonomy":"category","embeddable":true,"href":"https:\/\/www.tgrthaber.com\/mavikadin\/wp-json\/wp\/v2\/categories?post=206580"},{"taxonomy":"post_tag","embeddable":true,"href":"https:\/\/www.tgrthaber.com\/mavikadin\/wp-json\/wp\/v2\/tags?post=206580"}],"curies":[{"name":"wp","href":"https:\/\/api.w.org\/{rel}","templated":true}]}}