{"id":206589,"date":"2025-07-17T18:27:42","date_gmt":"2025-07-17T15:27:42","guid":{"rendered":"https:\/\/www.tgrthaber.com\/mavikadin\/?p=206589"},"modified":"2025-07-17T18:30:55","modified_gmt":"2025-07-17T15:30:55","slug":"masterchef-turkiye-bugun-var-mi-masterchef-turkiye-17-temmuz-saat-kacta-nerede-yayinlanacak","status":"publish","type":"post","link":"https:\/\/www.tgrthaber.com\/mavikadin\/masterchef-turkiye-bugun-var-mi-masterchef-turkiye-17-temmuz-saat-kacta-nerede-yayinlanacak\/","title":{"rendered":"Masterchef T\u00fcrkiye bug\u00fcn var m\u0131? Masterchef T\u00fcrkiye 17 temmuz saat ka\u00e7ta nerede yay\u0131nlanacak?"},"content":{"rendered":"<p>Ekranlar\u0131n sevilerek seyredilen yar\u0131\u015fma program\u0131 MasterChef T\u00fcrkiye&#8217;de ana kadro sava\u015flar\u0131 ba\u015flad\u0131. \u00dc\u00e7l\u00fc d\u00fcellolar\u0131n sona erdi\u011fi programda yar\u0131\u015fmac\u0131lar \u015fimdi ana kadroya girebilmek i\u00e7in m\u00fccadele ediyor. 16 ki\u015filik grup i\u00e7erisinde 5 ki\u015finin ana kadroya girdi\u011fi programda\u00a0 2. grup ana kadroda yer alabilmek i\u00e7in m\u00fccadele edecek. MasterChef izleyicileri merakla beklenen b\u00f6l\u00fcm\u00fcn bu ak\u015fam yay\u0131nlan\u0131p yay\u0131nlanmayaca\u011f\u0131n\u0131 ara\u015ft\u0131r\u0131yor. Peki MasterChef T\u00fcrkiye 17 Temmuz 2025 bu ak\u015fam var m\u0131? MasterChef T\u00fcrkiye 17 Temmuz saat ka\u00e7ta nerede yay\u0131nlanacak? \u0130\u015fte detaylar&#8230;<\/p>\n<h3>MASTERCHEF T\u00dcRK\u0130YE BUG\u00dcN VAR MI? MASTERCHEF T\u00dcRK\u0130YE 17 TEMMUZ SAAT KA\u00c7TA NEREDE YAYINLANACAK?<\/h3>\n<p>TV8 ekranlar\u0131n\u0131n sevilen yemek yar\u0131\u015fmas\u0131 program\u0131 sezona bomba gibi ba\u015flad\u0131. Birbirinden yetenekli yar\u0131\u015fmac\u0131lar\u0131n yer ald\u0131\u011f\u0131 programda \u015fimdi en iyiler ana kadroya girebilmek i\u00e7in m\u00fccadele ediyor. Her ak\u015fam lezzetli ve farkl\u0131 yemeklerin yap\u0131ld\u0131\u011f\u0131 programda yar\u0131\u015fmac\u0131lar ellerinden geleni yaparak MasterChef hayallerine devam etmek istiyor. 16 ki\u015filik grup i\u00e7erisinde 5 ki\u015finin ana kadroya girdi\u011fi programda bu ak\u015fam 2. grup ana kadroya girebilmek i\u00e7in m\u00fccadele edecek.<\/p>\n<p><img loading=\"lazy\" decoding=\"async\" class=\"alignnone wp-image-206590 size-full\" src=\"https:\/\/www.tgrthaber.com\/mavikadin\/wp-content\/uploads\/Ekran-Resmi-2025-07-17-18.20.00.png\" alt=\"\" width=\"1000\" height=\"576\" title=\"\" srcset=\"https:\/\/www.tgrthaber.com\/mavikadin\/wp-content\/uploads\/Ekran-Resmi-2025-07-17-18.20.00.png 1000w, https:\/\/www.tgrthaber.com\/mavikadin\/wp-content\/uploads\/Ekran-Resmi-2025-07-17-18.20.00-300x173.png 300w, https:\/\/www.tgrthaber.com\/mavikadin\/wp-content\/uploads\/Ekran-Resmi-2025-07-17-18.20.00-768x442.png 768w\" sizes=\"(max-width: 1000px) 100vw, 1000px\" \/><\/p>\n<hr \/>\n<p>\u015eeflerin verdi\u011fi imam bay\u0131ld\u0131y\u0131 en g\u00fczel \u015fekilde haz\u0131rlayan yar\u0131\u015fmac\u0131 MasterChef ana kadroya giren 6. yar\u0131\u015fmac\u0131 olmaya hak kazanacak. \u0130zleyiciler heyecan\u0131n doruk noktas\u0131nda oldu\u011fu program\u0131n bu ak\u015fam yay\u0131nlan\u0131p yay\u0131nlanmayaca\u011f\u0131n\u0131 merak ediyor. MasterChef T\u00fcrkiye her ak\u015fam oldu\u011fu gibi bu ak\u015fam da saat 20:00&#8217;da TV8 ekranlar\u0131nda yer alacak.<\/p>\n<p><img loading=\"lazy\" decoding=\"async\" class=\"alignnone wp-image-206591 size-full\" src=\"https:\/\/www.tgrthaber.com\/mavikadin\/wp-content\/uploads\/Ekran-Resmi-2025-07-17-18.20.08.png\" alt=\"\" width=\"1008\" height=\"664\" title=\"\" srcset=\"https:\/\/www.tgrthaber.com\/mavikadin\/wp-content\/uploads\/Ekran-Resmi-2025-07-17-18.20.08.png 1008w, https:\/\/www.tgrthaber.com\/mavikadin\/wp-content\/uploads\/Ekran-Resmi-2025-07-17-18.20.08-300x198.png 300w, https:\/\/www.tgrthaber.com\/mavikadin\/wp-content\/uploads\/Ekran-Resmi-2025-07-17-18.20.08-768x506.png 768w\" sizes=\"(max-width: 1008px) 100vw, 1008px\" \/><\/p>\n<hr \/>\n<h3>MASTERCHEF T\u00dcRK\u0130YE 2025 ANA KADROYA G\u0130REN \u0130S\u0130MLER K\u0130MLER?<\/h3>\n<p>Furkan Kahraman<\/p>\n<p>Eyl\u00fcl Azra Sosyal<\/p>\n<p>\u00c7a\u011fatay Do\u011fanay<\/p>\n<p>Onur Dikba\u015f<\/p>\n<p>Hilal A\u011fca<\/p>\n<p><img loading=\"lazy\" decoding=\"async\" class=\"alignnone wp-image-206592 size-full\" src=\"https:\/\/www.tgrthaber.com\/mavikadin\/wp-content\/uploads\/Ekran-Resmi-2025-07-17-18.20.17.png\" alt=\"\" width=\"998\" height=\"610\" title=\"\" srcset=\"https:\/\/www.tgrthaber.com\/mavikadin\/wp-content\/uploads\/Ekran-Resmi-2025-07-17-18.20.17.png 998w, https:\/\/www.tgrthaber.com\/mavikadin\/wp-content\/uploads\/Ekran-Resmi-2025-07-17-18.20.17-300x183.png 300w, https:\/\/www.tgrthaber.com\/mavikadin\/wp-content\/uploads\/Ekran-Resmi-2025-07-17-18.20.17-768x469.png 768w\" sizes=\"(max-width: 998px) 100vw, 998px\" \/><\/p>\n<hr \/>\n<h3>MASTERCHEF T\u00dcRK\u0130YE 2025 YEDEK YARI\u015eMACI K\u0130M OLDU?<\/h3>\n<p class=\"p2\">MasterChef T\u00fcrkiye 2025\u2019in ilk yedek yar\u0131\u015fmac\u0131lar\u0131<span class=\"Apple-converted-space\">\u00a0 <\/span>Elif, Bilal, Meryem ve Do\u011fukan oldu.<\/p>\n<p><img loading=\"lazy\" decoding=\"async\" class=\"alignnone wp-image-206593 size-full\" src=\"https:\/\/www.tgrthaber.com\/mavikadin\/wp-content\/uploads\/Ekran-Resmi-2025-07-17-18.20.23.png\" alt=\"\" width=\"1006\" height=\"606\" title=\"\" srcset=\"https:\/\/www.tgrthaber.com\/mavikadin\/wp-content\/uploads\/Ekran-Resmi-2025-07-17-18.20.23.png 1006w, https:\/\/www.tgrthaber.com\/mavikadin\/wp-content\/uploads\/Ekran-Resmi-2025-07-17-18.20.23-300x181.png 300w, https:\/\/www.tgrthaber.com\/mavikadin\/wp-content\/uploads\/Ekran-Resmi-2025-07-17-18.20.23-768x463.png 768w\" sizes=\"(max-width: 1006px) 100vw, 1006px\" \/><\/p>\n<hr \/>\n<h3>MASTERCHEF T\u00dcRK\u0130YE&#8217;YE NASIL BA\u015eVURULUR?<\/h3>\n<p>MasterChef T\u00fcrkiye yeni sezon ba\u015fvurular\u0131 \u015fuan i\u00e7in bitmi\u015f durumda. Gelecek sezon ba\u015fvurmak isteyenler TV8&#8217;in resmi internet sitesinden gerekli olan formu eksiksiz bir \u015fekilde doldurarak ba\u015fvurular\u0131n\u0131 yapabilecek. Ba\u015fvuru formunun yan\u0131 s\u0131ra yar\u0131\u015fmac\u0131 adaylar\u0131n\u0131n kendilerini tan\u0131tt\u0131klar\u0131 bir video eklemeleri olduk\u00e7a \u00f6nem ta\u015f\u0131yor.<\/p>\n<p>&nbsp;<\/p>\n<p>&nbsp;<\/p>\n","protected":false},"excerpt":{"rendered":"<p>MasterChef T\u00fcrkiye&#8217;de ana kadro heyecan\u0131 ya\u015fan\u0131yor. 2. grubun yer alaca\u011f\u0131 programda \u015fimdi ana kadroya giren 6. yar\u0131\u015fmac\u0131 a\u00e7\u0131klanacak. Peki Masterchef T\u00fcrkiye bug\u00fcn var m\u0131? Masterchef T\u00fcrkiye 17 temmuz saat ka\u00e7ta nerede yay\u0131nlanacak? \u0130\u015fte merak edilen sorunun cevab\u0131&#8230; <\/p>\n","protected":false},"author":16,"featured_media":206595,"comment_status":"closed","ping_status":"closed","sticky":false,"template":"","format":"standard","meta":{"rank_math_lock_modified_date":false,"footnotes":""},"categories":[76],"tags":[133,2218,28516,28515,28514],"class_list":["post-206589","post","type-post","status-publish","format-standard","has-post-thumbnail","hentry","category-magazin","tag-magazin","tag-magazin-haberleri","tag-masterchef-17-temmuz-nerede-saat-kacta-yayinlanacak","tag-masterchef-turkiye-17-temmuz-2025-bu-aksam-var-mi","tag-masterchef-turkiye-bu-aksam-var-mi"],"_links":{"self":[{"href":"https:\/\/www.tgrthaber.com\/mavikadin\/wp-json\/wp\/v2\/posts\/206589"}],"collection":[{"href":"https:\/\/www.tgrthaber.com\/mavikadin\/wp-json\/wp\/v2\/posts"}],"about":[{"href":"https:\/\/www.tgrthaber.com\/mavikadin\/wp-json\/wp\/v2\/types\/post"}],"author":[{"embeddable":true,"href":"https:\/\/www.tgrthaber.com\/mavikadin\/wp-json\/wp\/v2\/users\/16"}],"replies":[{"embeddable":true,"href":"https:\/\/www.tgrthaber.com\/mavikadin\/wp-json\/wp\/v2\/comments?post=206589"}],"version-history":[{"count":3,"href":"https:\/\/www.tgrthaber.com\/mavikadin\/wp-json\/wp\/v2\/posts\/206589\/revisions"}],"predecessor-version":[{"id":206602,"href":"https:\/\/www.tgrthaber.com\/mavikadin\/wp-json\/wp\/v2\/posts\/206589\/revisions\/206602"}],"wp:featuredmedia":[{"embeddable":true,"href":"https:\/\/www.tgrthaber.com\/mavikadin\/wp-json\/wp\/v2\/media\/206595"}],"wp:attachment":[{"href":"https:\/\/www.tgrthaber.com\/mavikadin\/wp-json\/wp\/v2\/media?parent=206589"}],"wp:term":[{"taxonomy":"category","embeddable":true,"href":"https:\/\/www.tgrthaber.com\/mavikadin\/wp-json\/wp\/v2\/categories?post=206589"},{"taxonomy":"post_tag","embeddable":true,"href":"https:\/\/www.tgrthaber.com\/mavikadin\/wp-json\/wp\/v2\/tags?post=206589"}],"curies":[{"name":"wp","href":"https:\/\/api.w.org\/{rel}","templated":true}]}}