{"id":206621,"date":"2025-07-17T20:31:09","date_gmt":"2025-07-17T17:31:09","guid":{"rendered":"https:\/\/www.tgrthaber.com\/mavikadin\/?p=206621"},"modified":"2025-07-17T20:31:10","modified_gmt":"2025-07-17T17:31:10","slug":"masterchef-sampiyonu-cemrenin-kardesi-de-meger-unluymus-bakin-o-isim-kim-cikti","status":"publish","type":"post","link":"https:\/\/www.tgrthaber.com\/mavikadin\/masterchef-sampiyonu-cemrenin-kardesi-de-meger-unluymus-bakin-o-isim-kim-cikti\/","title":{"rendered":"MasterChef \u015fampiyonu Cemre&#8217;nin karde\u015fi de me\u011fer \u00fcnl\u00fcym\u00fc\u015f! Bak\u0131n o isim kim \u00e7\u0131kt\u0131!"},"content":{"rendered":"<p>MasterChef&#8217;in ekranlara damga vuran yar\u0131\u015fmac\u0131s\u0131 ve MasterChef \u015fampiyonu Cemre Uyan\u0131k, \u00f6zel hayat\u0131yla dikkatleri \u00fczerine \u00e7ekti. Son zamanlarda sosyal medyada g\u00fcndeme gelen bir soru kafalar\u0131 kar\u0131\u015ft\u0131rd\u0131. Cemre Uyan\u0131k ve voleybolcu Deniz Uyan\u0131k karde\u015f mi? \u0130nanmas\u0131 zor ama MasterChef \u015fampiyonu Cemre&#8217;nin karde\u015fi de \u00fcnl\u00fc \u00e7\u0131kt\u0131.\u00a0 O ismi duyunca \u00e7ok \u015fa\u015f\u0131racaks\u0131n\u0131z. \u0130\u015fte detaylar&#8230;<\/p>\n<h3>MASTERCHEF \u015eAMP\u0130YONU CEMRE&#8217;N\u0130N KARDE\u015e\u0130 DE ME\u011eER \u00dcNL\u00dcYM\u00dc\u015e! BAKIN O \u0130S\u0130M K\u0130M \u00c7IKTI<\/h3>\n<p>Cemre Uyan\u0131k MasterChef T\u00fcrkiy&#8217;de 2019 y\u0131l\u0131nda yar\u0131\u015farak ad\u0131n\u0131 duyurmay\u0131 ba\u015farm\u0131\u015f bir isim. Yar\u0131\u015fmada g\u00f6sterdi\u011fi lider ruhu, tabaklar\u0131ndaki \u00f6zg\u00fcnl\u00fck ve e\u011flenceli ki\u015fili\u011fi onu MasterChef&#8217;in unutulmaz y\u00fczleri aras\u0131na soktu. MasterChef&#8217;te \u015fampiyonlu\u011fu elde eden Cemre Uyan\u0131k, yar\u0131\u015fma sonras\u0131 Uzak Do\u011fu mutfa\u011f\u0131na y\u00f6neldi ve farkl\u0131 restoranlarda \u00e7al\u0131\u015ft\u0131. Men\u00fc tasar\u0131mlar\u0131 ve sosyal medyada payla\u015ft\u0131\u011f\u0131 tariflerle herkesin dikkatini \u00e7ekmeyi ba\u015fard\u0131.<\/p>\n<p><img loading=\"lazy\" decoding=\"async\" class=\"alignnone wp-image-206625\" src=\"https:\/\/www.tgrthaber.com\/mavikadin\/wp-content\/uploads\/5e090da15542811f38225de1-300x176.gif\" alt=\"\" width=\"1208\" height=\"709\" title=\"\"><\/p>\n<hr \/>\n<p>Deniz Uyan\u0131k ise voleybol d\u00fcnyas\u0131nda tan\u0131nan bir isim. Gen\u00e7 sporcu kariyerine olduk\u00e7a k\u00fc\u00e7\u00fck ya\u015flarda ba\u015flam\u0131\u015f. PTT Spor, Be\u015fikta\u015f, Bolu Belediyespor gibi \u00f6nemli tak\u0131mlarda forma giymi\u015ftir.G\u00fc\u00e7l\u00fc oyun tarz\u0131yla dikkat \u00e7eken Deniz, \u00f6zellikle Pas\u00f6r \u00e7apraz\u0131 pozisyonuyla sahalar\u0131n aranan ismi.<\/p>\n<p><img loading=\"lazy\" decoding=\"async\" class=\"alignnone wp-image-206626\" src=\"https:\/\/www.tgrthaber.com\/mavikadin\/wp-content\/uploads\/hqdefault-1-1-300x225.jpg\" alt=\"\" width=\"1208\" height=\"906\" title=\"\" srcset=\"https:\/\/www.tgrthaber.com\/mavikadin\/wp-content\/uploads\/hqdefault-1-1-300x225.jpg 300w, https:\/\/www.tgrthaber.com\/mavikadin\/wp-content\/uploads\/hqdefault-1-1.jpg 480w\" sizes=\"(max-width: 1208px) 100vw, 1208px\" \/><\/p>\n<hr \/>\n<p>\u0130ki farkl\u0131 alanda \u00fcn salm\u0131\u015f isimlerin soyad\u0131 benzerli\u011fi tesad\u00fcf m\u00fc dersiniz? Kesinlikle hay\u0131r! Cemre ve Deniz Uyan\u0131k resmen \u00f6z karde\u015fler. Biri MasterChef \u015fampiyonu, di\u011feri ise voleybol sahalar\u0131n\u0131n aran\u0131lan y\u00fcz\u00fc.<\/p>\n<p><img loading=\"lazy\" decoding=\"async\" class=\"alignnone wp-image-206627\" src=\"https:\/\/www.tgrthaber.com\/mavikadin\/wp-content\/uploads\/63a94c4a86b24a527c9a5636-300x169.webp\" alt=\"\" width=\"1208\" height=\"679\" title=\"\" srcset=\"https:\/\/www.tgrthaber.com\/mavikadin\/wp-content\/uploads\/63a94c4a86b24a527c9a5636-300x169.webp 300w, https:\/\/www.tgrthaber.com\/mavikadin\/wp-content\/uploads\/63a94c4a86b24a527c9a5636-768x432.webp 768w, https:\/\/www.tgrthaber.com\/mavikadin\/wp-content\/uploads\/63a94c4a86b24a527c9a5636.webp 770w\" sizes=\"(max-width: 1208px) 100vw, 1208px\" \/><\/p>\n<hr \/>\n<h3>\u00c7ANAKKALE DO\u011eUMLU KARDE\u015eLER \u015eA\u015eIRTTI<\/h3>\n<p>Her ikisi de \u00c7anakkale do\u011fumlu. Cemre Uyan\u0131k, her daim b\u00f6lgenin mutfak k\u00fclt\u00fcr\u00fcn\u00fc benimsedi\u011fini vurgularken, Deniz Uyan\u0131k ise voleybol tutkusunun bu \u015fehirde ba\u015flad\u0131\u011f\u0131n\u0131 dilen getiriyor. Cemre Uyan\u0131k MasterChef sezonu boyunca ailesinin ve \u00f6zellikle karde\u015fi Deniz&#8217;in kendisine \u00e7ok destek oldu\u011funu s\u00f6yledi.<\/p>\n<p>Deniz de ablas\u0131n\u0131 MasterChef boyunca gururla izledi\u011fini belirtti. Farkl\u0131 alanlarda \u00fcn yapm\u0131\u015f Cemre ve Deniz uyan\u0131k \u00f6z karde\u015fler. Biri mutfakta biri de sahada olan ba\u015far\u0131lar\u0131yla gen\u00e7lere adeta ilham olacak i\u015fler \u00e7\u0131kart\u0131yorlar.<\/p>\n","protected":false},"excerpt":{"rendered":"<p>MasterChef T\u00fcrkiye&#8217;ye ad\u0131n\u0131 yazd\u0131ran Cemre Uyan\u0131k, bu kez karde\u015fiyle g\u00fcndemde. \u015eampiyon oolduktan sonra aile hayat\u0131 da merak edilen MasterChef Cemre&#8217;nin karde\u015fi sosyal medyada da merak konusu olmu\u015ftu. &#8216;MasterChef Cemre&#8217;nin karde\u015fi kim?&#8217;sorusu zaman zaman ara\u015ft\u0131r\u0131l\u0131yordu. Me\u011fer MasterChef \u015fampiyonu Cemre&#8217;nin karde\u015fi de \u00fcnl\u00fcym\u00fc\u015f! Hem de ba\u015far\u0131dan ba\u015far\u0131ya ko\u015fan bir isim. \u0130\u015fte detaylar&#8230;<\/p>\n","protected":false},"author":35,"featured_media":206624,"comment_status":"closed","ping_status":"closed","sticky":false,"template":"","format":"standard","meta":{"rank_math_lock_modified_date":false,"footnotes":""},"categories":[76],"tags":[133,28523,28524,2511],"class_list":["post-206621","post","type-post","status-publish","format-standard","has-post-thumbnail","hentry","category-magazin","tag-magazin","tag-masterchef-cemre","tag-masterchef-sampiyanu-cemre","tag-masterchef-turkiye"],"_links":{"self":[{"href":"https:\/\/www.tgrthaber.com\/mavikadin\/wp-json\/wp\/v2\/posts\/206621"}],"collection":[{"href":"https:\/\/www.tgrthaber.com\/mavikadin\/wp-json\/wp\/v2\/posts"}],"about":[{"href":"https:\/\/www.tgrthaber.com\/mavikadin\/wp-json\/wp\/v2\/types\/post"}],"author":[{"embeddable":true,"href":"https:\/\/www.tgrthaber.com\/mavikadin\/wp-json\/wp\/v2\/users\/35"}],"replies":[{"embeddable":true,"href":"https:\/\/www.tgrthaber.com\/mavikadin\/wp-json\/wp\/v2\/comments?post=206621"}],"version-history":[{"count":2,"href":"https:\/\/www.tgrthaber.com\/mavikadin\/wp-json\/wp\/v2\/posts\/206621\/revisions"}],"predecessor-version":[{"id":206629,"href":"https:\/\/www.tgrthaber.com\/mavikadin\/wp-json\/wp\/v2\/posts\/206621\/revisions\/206629"}],"wp:featuredmedia":[{"embeddable":true,"href":"https:\/\/www.tgrthaber.com\/mavikadin\/wp-json\/wp\/v2\/media\/206624"}],"wp:attachment":[{"href":"https:\/\/www.tgrthaber.com\/mavikadin\/wp-json\/wp\/v2\/media?parent=206621"}],"wp:term":[{"taxonomy":"category","embeddable":true,"href":"https:\/\/www.tgrthaber.com\/mavikadin\/wp-json\/wp\/v2\/categories?post=206621"},{"taxonomy":"post_tag","embeddable":true,"href":"https:\/\/www.tgrthaber.com\/mavikadin\/wp-json\/wp\/v2\/tags?post=206621"}],"curies":[{"name":"wp","href":"https:\/\/api.w.org\/{rel}","templated":true}]}}