{"id":206623,"date":"2025-07-17T20:41:46","date_gmt":"2025-07-17T17:41:46","guid":{"rendered":"https:\/\/www.tgrthaber.com\/mavikadin\/?p=206623"},"modified":"2025-07-17T20:41:46","modified_gmt":"2025-07-17T17:41:46","slug":"bu-aksam-cift-kisilik-oda-var-mi-cift-kisilik-oda-nasil-bitti","status":"publish","type":"post","link":"https:\/\/www.tgrthaber.com\/mavikadin\/bu-aksam-cift-kisilik-oda-var-mi-cift-kisilik-oda-nasil-bitti\/","title":{"rendered":"Bu ak\u015fam \u00c7ift Ki\u015filik Oda var m\u0131? \u00c7ift Ki\u015filik Oda nas\u0131l bitti?"},"content":{"rendered":"<p class=\"p2\">Ekranlar\u0131n sevilerek seyredilen dizisi \u00c7ift Ki\u015filik Oda hakk\u0131nda \u00e7\u0131kan final haberleri izleyicileri merakland\u0131rd\u0131. G\u00fc\u00e7l\u00fc kadrosu ve yaz sezonuna damga vuran hikayesiyle dikkat \u00e7eken dizinin bu ak\u015fam yay\u0131nlan\u0131p yay\u0131nlanmayaca\u011f\u0131 merak edildi. Peki 17 Temmuz 2025 \u00c7ift Ki\u015filik Oda bu ak\u015fam var m\u0131 yok mu? \u00c7ift ki\u015filik oda nas\u0131l bitti? \u0130\u015fte detaylar\u2026<\/p>\n<h3>BU AK\u015eAM \u00c7\u0130FT K\u0130\u015e\u0130L\u0130K ODA VAR MI? \u00c7\u0130FT K\u0130\u015e\u0130L\u0130K ODA NASIL B\u0130TT\u0130?<\/h3>\n<p class=\"p1\">NOW TV ekranlar\u0131n\u0131n sevilerek seyredilen dizisi \u00c7ift Ki\u015filik Oda yaz sezonuna damga vuran yap\u0131mlardan biri. Ba\u015frollerinde , Ula\u015f Tuna Astepe ve Devrim \u00d6zkan\u2019\u0131n oynad\u0131\u011f\u0131 dizi<span class=\"Apple-converted-space\">\u00a0 <\/span>G\u00fcney Kore dizisi King the Land\u2019den uyarlanan romantik-komedi t\u00fcr\u00fcndeki hikayesiyle k\u0131sa s\u00fcrede ad\u0131ndan s\u00f6z ettiren yap\u0131mlar aras\u0131nda yerini ald\u0131.<\/p>\n<p><img loading=\"lazy\" decoding=\"async\" class=\"alignnone wp-image-206635 size-full\" src=\"https:\/\/www.tgrthaber.com\/mavikadin\/wp-content\/uploads\/Ekran-Resmi-2025-07-17-20.36.36.png\" alt=\"\" width=\"996\" height=\"670\" title=\"\" srcset=\"https:\/\/www.tgrthaber.com\/mavikadin\/wp-content\/uploads\/Ekran-Resmi-2025-07-17-20.36.36.png 996w, https:\/\/www.tgrthaber.com\/mavikadin\/wp-content\/uploads\/Ekran-Resmi-2025-07-17-20.36.36-300x202.png 300w, https:\/\/www.tgrthaber.com\/mavikadin\/wp-content\/uploads\/Ekran-Resmi-2025-07-17-20.36.36-768x517.png 768w\" sizes=\"(max-width: 996px) 100vw, 996px\" \/><\/p>\n<hr \/>\n<p class=\"p1\">Final haberleriyle izleyiciyi merakland\u0131ran dizinin bu ak\u015fam ekranlarda yer al\u0131p almayaca\u011f\u0131 ara\u015ft\u0131r\u0131l\u0131yor. Peki, 17 Temmuz \u00c7ift Ki\u015filik Oda bu ak\u015fam var m\u0131, yok mu, neden yok? \u00c7ift Ki\u015filik Oda final mi yap\u0131yor, ne zaman final yapacak?<\/p>\n<p><img loading=\"lazy\" decoding=\"async\" class=\"alignnone wp-image-206632 size-full\" src=\"https:\/\/www.tgrthaber.com\/mavikadin\/wp-content\/uploads\/Ekran-Resmi-2025-07-17-20.36.23.png\" alt=\"\" width=\"1006\" height=\"642\" title=\"\" srcset=\"https:\/\/www.tgrthaber.com\/mavikadin\/wp-content\/uploads\/Ekran-Resmi-2025-07-17-20.36.23.png 1006w, https:\/\/www.tgrthaber.com\/mavikadin\/wp-content\/uploads\/Ekran-Resmi-2025-07-17-20.36.23-300x191.png 300w, https:\/\/www.tgrthaber.com\/mavikadin\/wp-content\/uploads\/Ekran-Resmi-2025-07-17-20.36.23-768x490.png 768w\" sizes=\"(max-width: 1006px) 100vw, 1006px\" \/><\/p>\n<hr \/>\n<p class=\"p3\">Ekranlar\u0131n sevilen dizisi \u00c7ift Ki\u015filik Oda her hafta Per\u015fembe g\u00fcn\u00fc NOW TV yay\u0131n ak\u0131\u015f\u0131nda yer al\u0131yordu. 17 Temmuz 2025 Per\u015fembe g\u00fcn\u00fc yay\u0131n ak\u0131\u015f\u0131nda dizinin yeni b\u00f6l\u00fcm\u00fc yerine tekrar b\u00f6l\u00fcm\u00fc yer ald\u0131. \u0130zleyiciler yeni b\u00f6l\u00fcm neden yok sorusunun cevab\u0131n\u0131 ara\u015ft\u0131r\u0131yor. NOW TV\u2019nin resmi yay\u0131n ak\u0131\u015f\u0131na g\u00f6re, saat 20:00\u2019de \u00c7ift Ki\u015filik Oda\u2019n\u0131n yeni b\u00f6l\u00fcm\u00fc yerine eski bir b\u00f6l\u00fcm\u00fcn tekrar yay\u0131n\u0131 yap\u0131lacak. Merakla beklenen dizinin yeni b\u00f6l\u00fcm\u00fc ise 24 Temmuz&#8217;da Now&#8217;da yay\u0131nlanacak.<\/p>\n<p><img loading=\"lazy\" decoding=\"async\" class=\"alignnone wp-image-206633 size-full\" src=\"https:\/\/www.tgrthaber.com\/mavikadin\/wp-content\/uploads\/Ekran-Resmi-2025-07-17-20.36.27.png\" alt=\"\" width=\"1022\" height=\"558\" title=\"\" srcset=\"https:\/\/www.tgrthaber.com\/mavikadin\/wp-content\/uploads\/Ekran-Resmi-2025-07-17-20.36.27.png 1022w, https:\/\/www.tgrthaber.com\/mavikadin\/wp-content\/uploads\/Ekran-Resmi-2025-07-17-20.36.27-300x164.png 300w, https:\/\/www.tgrthaber.com\/mavikadin\/wp-content\/uploads\/Ekran-Resmi-2025-07-17-20.36.27-768x419.png 768w\" sizes=\"(max-width: 1022px) 100vw, 1022px\" \/><\/p>\n<hr \/>\n<h3 class=\"p1\"><b>\u00c7\u0130FT K\u0130\u015e\u0130L\u0130K ODA F\u0130NAL\u00a0M\u0130\u00a0YAPACAK?<\/b><\/h3>\n<p class=\"p3\">Ekranlar\u0131n sevilen dizisi \u00c7ift Ki\u015filik Oda i\u00e7in al\u0131nan final karar\u0131 seyircileri \u00fczd\u00fc. Birsen Altunta\u015f\u2019\u0131n haberine g\u00f6re dizi 8. B\u00f6l\u00fcm\u00fcyle ekranlara veda etmeye haz\u0131rlan\u0131yor. Reytinglerde g\u00fcn birincisi olmas\u0131na ra\u011fmen neden dizinin final yapma karar\u0131 ald\u0131\u011f\u0131 izleyiciler taraf\u0131ndan merak edilirken beklenen a\u00e7\u0131klama geli.<\/p>\n<p><img loading=\"lazy\" decoding=\"async\" class=\"alignnone wp-image-206634 size-large\" src=\"https:\/\/www.tgrthaber.com\/mavikadin\/wp-content\/uploads\/Ekran-Resmi-2025-07-17-20.36.43-1024x549.png\" alt=\"\" width=\"1024\" height=\"549\" title=\"\" srcset=\"https:\/\/www.tgrthaber.com\/mavikadin\/wp-content\/uploads\/Ekran-Resmi-2025-07-17-20.36.43-1024x549.png 1024w, https:\/\/www.tgrthaber.com\/mavikadin\/wp-content\/uploads\/Ekran-Resmi-2025-07-17-20.36.43-300x161.png 300w, https:\/\/www.tgrthaber.com\/mavikadin\/wp-content\/uploads\/Ekran-Resmi-2025-07-17-20.36.43-768x412.png 768w, https:\/\/www.tgrthaber.com\/mavikadin\/wp-content\/uploads\/Ekran-Resmi-2025-07-17-20.36.43.png 1030w\" sizes=\"(max-width: 1024px) 100vw, 1024px\" \/><\/p>\n<hr \/>\n<p class=\"p3\">Dizinin yaz sezonunda beklenen reklam gelirlerini elde edememesi dizinin erken final yapmas\u0131na neden oldu. \u00c7ift Ki\u015filik Oda\u2019n\u0131n 7. b\u00f6l\u00fcm\u00fc 24 Temmuz 2025 Per\u015fembe ak\u015fam\u0131 saat 20:00\u2019de yay\u0131nlanacak. Dizinin finali ise 31 Temmuz 2025\u2019te yay\u0131nlanacak.<\/p>\n","protected":false},"excerpt":{"rendered":"<p>Yaz sezonunun sevilerek seyredilen dizisi \u00c7ift Ki\u015filik Oda&#8217;n\u0131n final karar\u0131 seyirciyi \u00fczm\u00fc\u015ft\u00fc. Dizinin bu ak\u015fam ekrana gelip gelmeyece\u011fi merak ediliyor. Peki bu ak\u015fam \u00e7ift ki\u015filik oda var m\u0131? \u00c7ift ki\u015filik oda nas\u0131l bitti? \u0130\u015fte cevab\u0131&#8230; <\/p>\n","protected":false},"author":16,"featured_media":206636,"comment_status":"closed","ping_status":"closed","sticky":false,"template":"","format":"standard","meta":{"rank_math_lock_modified_date":false,"footnotes":""},"categories":[602],"tags":[28525,28526,28527,28528,2628],"class_list":["post-206623","post","type-post","status-publish","format-standard","has-post-thumbnail","hentry","category-diziler","tag-bu-aksam-cift-kisilik-oda-var-mi","tag-cift-kisilik-oda-dizisi-bu-aksam-var-mi","tag-cift-kisilik-oda-dizisi-final-mi-yapti","tag-cift-kisilik-oda-dizisi-yeni-bolum-ne-zaman","tag-dizi-haberleri"],"_links":{"self":[{"href":"https:\/\/www.tgrthaber.com\/mavikadin\/wp-json\/wp\/v2\/posts\/206623"}],"collection":[{"href":"https:\/\/www.tgrthaber.com\/mavikadin\/wp-json\/wp\/v2\/posts"}],"about":[{"href":"https:\/\/www.tgrthaber.com\/mavikadin\/wp-json\/wp\/v2\/types\/post"}],"author":[{"embeddable":true,"href":"https:\/\/www.tgrthaber.com\/mavikadin\/wp-json\/wp\/v2\/users\/16"}],"replies":[{"embeddable":true,"href":"https:\/\/www.tgrthaber.com\/mavikadin\/wp-json\/wp\/v2\/comments?post=206623"}],"version-history":[{"count":2,"href":"https:\/\/www.tgrthaber.com\/mavikadin\/wp-json\/wp\/v2\/posts\/206623\/revisions"}],"predecessor-version":[{"id":206638,"href":"https:\/\/www.tgrthaber.com\/mavikadin\/wp-json\/wp\/v2\/posts\/206623\/revisions\/206638"}],"wp:featuredmedia":[{"embeddable":true,"href":"https:\/\/www.tgrthaber.com\/mavikadin\/wp-json\/wp\/v2\/media\/206636"}],"wp:attachment":[{"href":"https:\/\/www.tgrthaber.com\/mavikadin\/wp-json\/wp\/v2\/media?parent=206623"}],"wp:term":[{"taxonomy":"category","embeddable":true,"href":"https:\/\/www.tgrthaber.com\/mavikadin\/wp-json\/wp\/v2\/categories?post=206623"},{"taxonomy":"post_tag","embeddable":true,"href":"https:\/\/www.tgrthaber.com\/mavikadin\/wp-json\/wp\/v2\/tags?post=206623"}],"curies":[{"name":"wp","href":"https:\/\/api.w.org\/{rel}","templated":true}]}}