{"id":206640,"date":"2025-07-17T21:28:22","date_gmt":"2025-07-17T18:28:22","guid":{"rendered":"https:\/\/www.tgrthaber.com\/mavikadin\/?p=206640"},"modified":"2025-07-17T21:30:02","modified_gmt":"2025-07-17T18:30:02","slug":"ayse-tokyazin-katili-cemil-kocun-ifadesi-neydi-ayse-tokyaz-nasil-oldurulmus","status":"publish","type":"post","link":"https:\/\/www.tgrthaber.com\/mavikadin\/ayse-tokyazin-katili-cemil-kocun-ifadesi-neydi-ayse-tokyaz-nasil-oldurulmus\/","title":{"rendered":"Ay\u015fe Tokyaz&#8217;\u0131n katili Cemil Ko\u00e7&#8217;un ifadesi neydi? Ay\u015fe Tokyaz nas\u0131l \u00f6ld\u00fcr\u00fclm\u00fc\u015f?"},"content":{"rendered":"<p>\u0130stanbul Ey\u00fcpsultan&#8217;da ger\u00e7ekle\u015fen canice i\u015flenmi\u015f cinayet kamuoyunda resmen infiale yol a\u00e7t\u0131. \u00dcniversite \u00f6\u011frencisi Ay\u015fe Tokyaz&#8217;\u0131n \u00f6l\u00fcm\u00fcne ili\u015fkin soru\u015fturma devam ederken, cinayeti i\u015fleyen eski polis memuru Cemil Ko\u00e7&#8217;un ifadesi soru i\u015faretleriyle dolu bir tablo \u00e7\u0131kard\u0131. Herkes katil Cemil Ko\u00e7&#8217;un ne ifade verdi\u011fini merak ediyor. Gen\u00e7 ya\u015fta ya\u015fama veda eden \u00fcniversite \u00f6\u011frencisi Ay\u015fe Tokyaz nas\u0131l \u00f6ld\u00fcr\u00fcld\u00fc? Kan donduran cinayete dair son geli\u015fmeler haberimizde&#8230;<\/p>\n<h3>AY\u015eE TOKYAZ&#8217;IN KAT\u0130L\u0130 CEM\u0130L KO\u00c7&#8217;UN \u0130FADES\u0130 NEYD\u0130?<\/h3>\n<p>Vah\u015fetin ard\u0131ndan g\u00f6zalt\u0131na al\u0131nan eski polis memuru Cemil Ko\u00e7, verdi\u011fi ifadelerle resmen kafalar\u0131 kar\u0131\u015ft\u0131rd\u0131. G\u00fcvenlik kameras\u0131ndan \u00e7\u0131kan g\u00f6r\u00fcnt\u00fcler de Ay\u015fe Tokyaz&#8217;\u0131n \u00f6l\u00fcm\u00fcne dair tart\u0131\u015fmalar\u0131n fitilini ate\u015fledi. Cinayetin kaza m\u0131 yoksa planlanm\u0131\u015f bir cinayet mi oldu\u011fu ise savc\u0131l\u0131\u011fa sunulan delillerle g\u00fcn y\u00fcz\u00fcne \u00e7\u0131kacakm\u0131\u015f gibi g\u00f6r\u00fcn\u00fcyor.<\/p>\n<p><img loading=\"lazy\" decoding=\"async\" class=\"alignnone wp-image-206650\" src=\"https:\/\/www.tgrthaber.com\/mavikadin\/wp-content\/uploads\/t25_ayse-tokn-katilinden-kan-546-300x169.webp\" alt=\"\" width=\"1208\" height=\"678\" title=\"\" srcset=\"https:\/\/www.tgrthaber.com\/mavikadin\/wp-content\/uploads\/t25_ayse-tokn-katilinden-kan-546-300x169.webp 300w, https:\/\/www.tgrthaber.com\/mavikadin\/wp-content\/uploads\/t25_ayse-tokn-katilinden-kan-546-1024x575.webp 1024w, https:\/\/www.tgrthaber.com\/mavikadin\/wp-content\/uploads\/t25_ayse-tokn-katilinden-kan-546-768x431.webp 768w, https:\/\/www.tgrthaber.com\/mavikadin\/wp-content\/uploads\/t25_ayse-tokn-katilinden-kan-546.webp 1200w\" sizes=\"(max-width: 1208px) 100vw, 1208px\" \/><\/p>\n<hr \/>\n<p>Cemil Ko\u00e7 ifadesinde Ay\u015fe Tokyaz&#8217;\u0131n evde bulunan dar merdivenleri kullan\u0131rken d\u00fc\u015ft\u00fc\u011f\u00fcn\u00fc, kafas\u0131n\u0131 \u00e7arpt\u0131\u011f\u0131n\u0131 ve sonras\u0131nda bilincini kaybetti\u011fibi s\u00f6yledi. Ko\u00e7, Ay\u015fe Tokyaz&#8217;\u0131 yerde o \u015fekilde g\u00f6r\u00fcnce \u00e7ok panik yapt\u0131\u011f\u0131n\u0131 ve ne yapaca\u011f\u0131n\u0131 bilemedi\u011finden arkada\u015flar\u0131ndan yard\u0131m istedi\u011fini dile getirdi. Ay\u015fe Tokyaz&#8217;\u0131n cans\u0131z bbedenini valize yerle\u015ftirerek, yok etmek isteyen eski polis memuru Ko\u00e7, valizi Ey\u00fcpsultan&#8217;da bir soka\u011fa b\u0131rakt\u0131\u011f\u0131n\u0131 da itifar etti.<\/p>\n<p><img loading=\"lazy\" decoding=\"async\" class=\"alignnone wp-image-206651\" src=\"https:\/\/www.tgrthaber.com\/mavikadin\/wp-content\/uploads\/ayse-tokyazi-doverek-oldurmusu-parcalara-ayirdigi-cesedi-valizle-boyle-tasimis-17526503624587-300x169.jpg\" alt=\"\" width=\"1208\" height=\"680\" title=\"\" srcset=\"https:\/\/www.tgrthaber.com\/mavikadin\/wp-content\/uploads\/ayse-tokyazi-doverek-oldurmusu-parcalara-ayirdigi-cesedi-valizle-boyle-tasimis-17526503624587-300x169.jpg 300w, https:\/\/www.tgrthaber.com\/mavikadin\/wp-content\/uploads\/ayse-tokyazi-doverek-oldurmusu-parcalara-ayirdigi-cesedi-valizle-boyle-tasimis-17526503624587-1024x576.jpg 1024w, https:\/\/www.tgrthaber.com\/mavikadin\/wp-content\/uploads\/ayse-tokyazi-doverek-oldurmusu-parcalara-ayirdigi-cesedi-valizle-boyle-tasimis-17526503624587-768x432.jpg 768w, https:\/\/www.tgrthaber.com\/mavikadin\/wp-content\/uploads\/ayse-tokyazi-doverek-oldurmusu-parcalara-ayirdigi-cesedi-valizle-boyle-tasimis-17526503624587.jpg 1280w\" sizes=\"(max-width: 1208px) 100vw, 1208px\" \/><\/p>\n<hr \/>\n<p>G\u00fcvenlik kameralar\u0131n\u0131n da fi\u015fini \u00e7ekti\u011fini itifar eden cani, dedlil b\u0131rakmamak i\u00e7in bu i\u015flemi yapt\u0131\u011f\u0131n\u0131 dile getirdi. Katil Cemil Ko\u00e7 taksi \u015fof\u00f6r\u00fcyle anla\u015ft\u0131\u011f\u0131n\u0131 ve cesedi ta\u015f\u0131mas\u0131 i\u00e7in ona 500 bin TL para teklif etti\u011fini de soru\u015fturmada itifar etti.<\/p>\n<p><img loading=\"lazy\" decoding=\"async\" class=\"alignnone wp-image-206652\" src=\"https:\/\/www.tgrthaber.com\/mavikadin\/wp-content\/uploads\/1200x675-1752603383152-300x169.webp\" alt=\"\" width=\"1208\" height=\"680\" title=\"\" srcset=\"https:\/\/www.tgrthaber.com\/mavikadin\/wp-content\/uploads\/1200x675-1752603383152-300x169.webp 300w, https:\/\/www.tgrthaber.com\/mavikadin\/wp-content\/uploads\/1200x675-1752603383152-1024x576.webp 1024w, https:\/\/www.tgrthaber.com\/mavikadin\/wp-content\/uploads\/1200x675-1752603383152-768x432.webp 768w, https:\/\/www.tgrthaber.com\/mavikadin\/wp-content\/uploads\/1200x675-1752603383152.webp 1200w\" sizes=\"(max-width: 1208px) 100vw, 1208px\" \/><\/p>\n<hr \/>\n<h3>AY\u015eE TOKYAZ NASIL \u00d6LD\u00dcR\u00dcLM\u00dc\u015e?<\/h3>\n<p>Ay\u015fe Tokyaz cinayeti 13 Temmuz 2025 g\u00fcn\u00fc Ey\u00fcpsultan Mithatpa\u015fa Mahallesi&#8217;nde i\u015flenmi\u015f. Yol kenar\u0131nda bulunan valiz i\u00e7erisindeki cans\u0131z bedenin Ay\u015fe Tokyaz&#8217;a ait oldu\u011fu belirlendi. Polisler cep telefonu sinyalleri ve g\u00fcvenlik kameralar\u0131ndan edindikleri g\u00f6r\u00fcnt\u00fclerle Cemil Ko\u00e7&#8217;un K\u00fc\u00e7\u00fck\u00e7ekmece&#8217;de bulunan evine gitti.<\/p>\n<p><img loading=\"lazy\" decoding=\"async\" class=\"alignnone wp-image-206653\" src=\"https:\/\/www.tgrthaber.com\/mavikadin\/wp-content\/uploads\/ayse-tokyaz-1-hixb-300x169.webp\" alt=\"\" width=\"1208\" height=\"680\" title=\"\" srcset=\"https:\/\/www.tgrthaber.com\/mavikadin\/wp-content\/uploads\/ayse-tokyaz-1-hixb-300x169.webp 300w, https:\/\/www.tgrthaber.com\/mavikadin\/wp-content\/uploads\/ayse-tokyaz-1-hixb-1024x576.webp 1024w, https:\/\/www.tgrthaber.com\/mavikadin\/wp-content\/uploads\/ayse-tokyaz-1-hixb-768x432.webp 768w, https:\/\/www.tgrthaber.com\/mavikadin\/wp-content\/uploads\/ayse-tokyaz-1-hixb.webp 1280w\" sizes=\"(max-width: 1208px) 100vw, 1208px\" \/><\/p>\n<hr \/>\n<p>Olay yerinde geni\u015f \u00e7apl\u0131 inceleme ba\u015flat\u0131ld\u0131. Yap\u0131lan incelemeler sonuncunda, evde temizlik yap\u0131ld\u0131\u011f\u0131, baz\u0131 duvarlar\u0131n k\u0131rm\u0131z\u0131ya boyand\u0131\u011f\u0131 ve kan izlerini yok etmek i\u00e7in yo\u011fun \u00e7aba sarfedildi\u011fi \u00f6\u011frenildi. Bu detaylar Ay\u015fe Korkmaz&#8217;\u0131n kaza ile de\u011fil, planl\u0131 bir \u015fekilde \u00f6ld\u00fcr\u00fclm\u00fc\u015f olma ihtimalini de g\u00fc\u00e7lendiren detaylar olarak \u00f6ne \u00e7\u0131kt\u0131.<\/p>\n<h3>CEM\u0130L KO\u00c7 VE 6 \u015e\u00dcPHEL\u0130 TUTUKLANDI<\/h3>\n<p>Ay\u015fe Tokyaz&#8217;\u0131n \u00f6l\u00fcm\u00fcne dair yap\u0131lan soru\u015fturmada Cemil Ko\u00e7 ba\u015fta olmak \u00fczere, &#8216;tasarlayarak \u00f6ld\u00fcrme&#8217; ve &#8216;yard\u0131m etme&#8217;su\u00e7lar\u0131ndan 6 ki\u015fi tutukland\u0131. Olayla ilgili soru\u015fturma hala devam ediyor.<\/p>\n","protected":false},"excerpt":{"rendered":"<p>\u0130stanbul&#8217;un g\u00f6be\u011finde, bir valiz i\u00e7erisinde bulunan Ay\u015fe Tokyaz&#8217;\u0131n cesedi, t\u00fcm T\u00fcrkiye&#8217;yi sarsarken, olay\u0131n kilit ismi eski polis memuru olan Cemil Ko\u00e7&#8217;un verdi\u011fi ifade kafalar\u0131 da kar\u0131\u015ft\u0131rd\u0131. Peki Ay\u015fe Tokyaz&#8217;\u0131n katili Cemil Ko\u00e7&#8217;un ifadesi neydi? \u00dcniversite \u00f6\u011frencisi Ay\u015fe Tokyaz nas\u0131l \u00f6ld\u00fcr\u00fcld\u00fc? \u0130\u015fte merak edilen o detay&#8230;<\/p>\n","protected":false},"author":35,"featured_media":206641,"comment_status":"closed","ping_status":"closed","sticky":false,"template":"","format":"standard","meta":{"rank_math_lock_modified_date":false,"footnotes":""},"categories":[76],"tags":[28201,28242,28529,28530,133],"class_list":["post-206640","post","type-post","status-publish","format-standard","has-post-thumbnail","hentry","category-magazin","tag-ayse-tokyaz","tag-ayse-tokyaz-cinayeti","tag-cemil-koc","tag-cemil-koc-ifadesi","tag-magazin"],"_links":{"self":[{"href":"https:\/\/www.tgrthaber.com\/mavikadin\/wp-json\/wp\/v2\/posts\/206640"}],"collection":[{"href":"https:\/\/www.tgrthaber.com\/mavikadin\/wp-json\/wp\/v2\/posts"}],"about":[{"href":"https:\/\/www.tgrthaber.com\/mavikadin\/wp-json\/wp\/v2\/types\/post"}],"author":[{"embeddable":true,"href":"https:\/\/www.tgrthaber.com\/mavikadin\/wp-json\/wp\/v2\/users\/35"}],"replies":[{"embeddable":true,"href":"https:\/\/www.tgrthaber.com\/mavikadin\/wp-json\/wp\/v2\/comments?post=206640"}],"version-history":[{"count":3,"href":"https:\/\/www.tgrthaber.com\/mavikadin\/wp-json\/wp\/v2\/posts\/206640\/revisions"}],"predecessor-version":[{"id":206657,"href":"https:\/\/www.tgrthaber.com\/mavikadin\/wp-json\/wp\/v2\/posts\/206640\/revisions\/206657"}],"wp:featuredmedia":[{"embeddable":true,"href":"https:\/\/www.tgrthaber.com\/mavikadin\/wp-json\/wp\/v2\/media\/206641"}],"wp:attachment":[{"href":"https:\/\/www.tgrthaber.com\/mavikadin\/wp-json\/wp\/v2\/media?parent=206640"}],"wp:term":[{"taxonomy":"category","embeddable":true,"href":"https:\/\/www.tgrthaber.com\/mavikadin\/wp-json\/wp\/v2\/categories?post=206640"},{"taxonomy":"post_tag","embeddable":true,"href":"https:\/\/www.tgrthaber.com\/mavikadin\/wp-json\/wp\/v2\/tags?post=206640"}],"curies":[{"name":"wp","href":"https:\/\/api.w.org\/{rel}","templated":true}]}}