{"id":206649,"date":"2025-07-17T23:06:27","date_gmt":"2025-07-17T20:06:27","guid":{"rendered":"https:\/\/www.tgrthaber.com\/mavikadin\/?p=206649"},"modified":"2025-07-17T23:07:17","modified_gmt":"2025-07-17T20:07:17","slug":"masterchefte-begenilen-lezzet-tum-restoranlar-bu-yontemle-yapiyor-tarifin-sirri-herkesin-dilinde","status":"publish","type":"post","link":"https:\/\/www.tgrthaber.com\/mavikadin\/masterchefte-begenilen-lezzet-tum-restoranlar-bu-yontemle-yapiyor-tarifin-sirri-herkesin-dilinde\/","title":{"rendered":"MasterChef&#8217;te be\u011fenilen lezzet! T\u00fcm restoranlar bu y\u00f6ntemle yap\u0131yor tarifin s\u0131rr\u0131 herkesin dilinde"},"content":{"rendered":"<p>TV8 ekranlar\u0131n\u0131n sevilerek seyredilen yar\u0131\u015fma program\u0131 MasterChef T\u00fcrkiye&#8217;de bu ak\u015fam hem g\u00f6r\u00fcnt\u00fcs\u00fc hem de lezzetiyle herkesi mest eden imam bay\u0131ld\u0131 tarifi yap\u0131ld\u0131. T\u00fcrk mutfa\u011f\u0131n\u0131n en be\u011fenilen lezzetlerinden biri olan zeytinya\u011fl\u0131lar kategorisinde yer alan\u00a0 ve sa\u011fl\u0131kl\u0131 beslenmek isteyenlerin vazge\u00e7ilmezleri aras\u0131na giren bu tarifin \u00f6yle bir s\u0131rr\u0131 var ki t\u00fcm restoranlar bu y\u00f6ntemi kullan\u0131yor. Peki MasterChef&#8217;te de yap\u0131lan imam bay\u0131ld\u0131 tarifinin p\u00fcf noktalar\u0131 neler? \u0130\u015fte malzeme listesi ve haz\u0131rlan\u0131\u015f\u0131&#8230;<\/p>\n<h3>MASTERCHEF&#8217;TE BE\u011eEN\u0130LEN LEZZET! T\u00dcM RESTORANLAR BU Y\u00d6NTEMLE YAPIYOR TAR\u0130F\u0130N SIRRI HERKES\u0130N D\u0130L\u0130NDE!<\/h3>\n<p>MasterChef mutfa\u011f\u0131nda bu ak\u015fam imam bay\u0131ld\u0131 yap\u0131ld\u0131. T\u00fcrk mutfa\u011f\u0131n\u0131n en sevilen lezzetlerinden biri olan bu \u015fahane tarifin en ince p\u00fcf noktas\u0131na kadar verilen detaylar izleyiciyi heyecanland\u0131rd\u0131. Bizlerde sizler i\u00e7in malzeme listesi ve haz\u0131rlan\u0131\u015f detaylar\u0131n\u0131 \u00f6\u011frendik. \u0130\u015fte hem tad\u0131yla hem de g\u00f6r\u00fcnt\u00fcs\u00fcyle yiyenleri mest edecek enfes imam bay\u0131ld\u0131 tarifi&#8230;<\/p>\n<p><img loading=\"lazy\" decoding=\"async\" class=\"alignnone wp-image-206697 size-large\" src=\"https:\/\/www.tgrthaber.com\/mavikadin\/wp-content\/uploads\/Ekran-Resmi-2025-07-17-22.55.49-1024x638.png\" alt=\"\" width=\"1024\" height=\"638\" title=\"\" srcset=\"https:\/\/www.tgrthaber.com\/mavikadin\/wp-content\/uploads\/Ekran-Resmi-2025-07-17-22.55.49-1024x638.png 1024w, https:\/\/www.tgrthaber.com\/mavikadin\/wp-content\/uploads\/Ekran-Resmi-2025-07-17-22.55.49-300x187.png 300w, https:\/\/www.tgrthaber.com\/mavikadin\/wp-content\/uploads\/Ekran-Resmi-2025-07-17-22.55.49-768x478.png 768w, https:\/\/www.tgrthaber.com\/mavikadin\/wp-content\/uploads\/Ekran-Resmi-2025-07-17-22.55.49-1536x957.png 1536w, https:\/\/www.tgrthaber.com\/mavikadin\/wp-content\/uploads\/Ekran-Resmi-2025-07-17-22.55.49.png 1628w\" sizes=\"(max-width: 1024px) 100vw, 1024px\" \/><\/p>\n<hr \/>\n<h3>Malzemeler:<\/h3>\n<p class=\"p2\">&#8211; 5 adet patl\u0131can<br \/>\n&#8211; 2 b\u00fcy\u00fck boy so\u011fan<br \/>\n&#8211; 3 adet ye\u015fil biber<br \/>\n&#8211; 3 adet domates<br \/>\n&#8211; 6-7 di\u015f sar\u0131msak<br \/>\n&#8211; Yar\u0131m demet maydanoz<br \/>\n&#8211; S\u0131v\u0131 ya\u011f<br \/>\n&#8211; Pul biber<br \/>\n&#8211; Karabiber<br \/>\n&#8211; Tuz<\/p>\n<p><img loading=\"lazy\" decoding=\"async\" class=\"alignnone wp-image-206698 size-large\" src=\"https:\/\/www.tgrthaber.com\/mavikadin\/wp-content\/uploads\/Ekran-Resmi-2025-07-17-22.55.54-1024x724.png\" alt=\"\" width=\"1024\" height=\"724\" title=\"\" srcset=\"https:\/\/www.tgrthaber.com\/mavikadin\/wp-content\/uploads\/Ekran-Resmi-2025-07-17-22.55.54-1024x724.png 1024w, https:\/\/www.tgrthaber.com\/mavikadin\/wp-content\/uploads\/Ekran-Resmi-2025-07-17-22.55.54-300x212.png 300w, https:\/\/www.tgrthaber.com\/mavikadin\/wp-content\/uploads\/Ekran-Resmi-2025-07-17-22.55.54-768x543.png 768w, https:\/\/www.tgrthaber.com\/mavikadin\/wp-content\/uploads\/Ekran-Resmi-2025-07-17-22.55.54-1536x1086.png 1536w, https:\/\/www.tgrthaber.com\/mavikadin\/wp-content\/uploads\/Ekran-Resmi-2025-07-17-22.55.54.png 1658w\" sizes=\"(max-width: 1024px) 100vw, 1024px\" \/><\/p>\n<hr \/>\n<h3>HAZIRLANI\u015eI:<\/h3>\n<p class=\"p1\">\u0130lk olarak patl\u0131canlar\u0131 alacal\u0131 bir \u015fekilde do\u011fray\u0131n. Ard\u0131ndan ac\u0131 suyunun \u00e7\u0131kmas\u0131 i\u00e7in tuzlu suda bekletin. Ard\u0131ndan tuzu ak\u0131tt\u0131ktan sonra ka\u011f\u0131t havluyla kurulay\u0131n ve patl\u0131canlar\u0131n her iki y\u00f6n\u00fcn\u00fc de s\u0131v\u0131 ya\u011fda k\u0131zart\u0131n. K\u0131zartma i\u015flemi bitti\u011finde taba\u011fa koyaca\u011f\u0131n\u0131z patl\u0131canlar\u0131n ya\u011f \u00e7ekmemesi i\u00e7in ya\u011fl\u0131 ka\u011f\u0131t havlu yerle\u015ftirin. Bu y\u00f6ntem patl\u0131canlar\u0131n \u00fczerindeki fazla ya\u011f\u0131 \u00e7ekecektir.<\/p>\n<p><img loading=\"lazy\" decoding=\"async\" class=\"alignnone wp-image-206699 size-large\" src=\"https:\/\/www.tgrthaber.com\/mavikadin\/wp-content\/uploads\/Ekran-Resmi-2025-07-17-22.56.02-1024x578.png\" alt=\"\" width=\"1024\" height=\"578\" title=\"\" srcset=\"https:\/\/www.tgrthaber.com\/mavikadin\/wp-content\/uploads\/Ekran-Resmi-2025-07-17-22.56.02-1024x578.png 1024w, https:\/\/www.tgrthaber.com\/mavikadin\/wp-content\/uploads\/Ekran-Resmi-2025-07-17-22.56.02-300x169.png 300w, https:\/\/www.tgrthaber.com\/mavikadin\/wp-content\/uploads\/Ekran-Resmi-2025-07-17-22.56.02-768x433.png 768w, https:\/\/www.tgrthaber.com\/mavikadin\/wp-content\/uploads\/Ekran-Resmi-2025-07-17-22.56.02-1536x867.png 1536w, https:\/\/www.tgrthaber.com\/mavikadin\/wp-content\/uploads\/Ekran-Resmi-2025-07-17-22.56.02.png 1652w\" sizes=\"(max-width: 1024px) 100vw, 1024px\" \/><\/p>\n<hr \/>\n<p class=\"p1\">\u0130\u00e7 harc\u0131 haz\u0131rlamak i\u00e7in \u00f6nce so\u011fanlar\u0131 do\u011fray\u0131n. Ard\u0131ndan 2-3 ka\u015f\u0131k s\u0131v\u0131 ya\u011f da kavurun. So\u011fanlar\u0131n \u00fczerine biber ve sar\u0131msaklar\u0131 ekleyin. Ard\u0131ndan k\u00fcp k\u00fcp do\u011frad\u0131\u011f\u0131n\u0131z domatesleri de ilave ederek baharatlarla birlikte suyunu \u00e7ekene kadar kavurun. Son olarak ince k\u0131y\u0131lm\u0131\u015f maydonozu da ekleyin ve ocaktan al\u0131n.<\/p>\n<p><img loading=\"lazy\" decoding=\"async\" class=\"alignnone wp-image-206700 size-large\" src=\"https:\/\/www.tgrthaber.com\/mavikadin\/wp-content\/uploads\/Ekran-Resmi-2025-07-17-22.56.06-1024x698.png\" alt=\"\" width=\"1024\" height=\"698\" title=\"\" srcset=\"https:\/\/www.tgrthaber.com\/mavikadin\/wp-content\/uploads\/Ekran-Resmi-2025-07-17-22.56.06-1024x698.png 1024w, https:\/\/www.tgrthaber.com\/mavikadin\/wp-content\/uploads\/Ekran-Resmi-2025-07-17-22.56.06-300x205.png 300w, https:\/\/www.tgrthaber.com\/mavikadin\/wp-content\/uploads\/Ekran-Resmi-2025-07-17-22.56.06-768x524.png 768w, https:\/\/www.tgrthaber.com\/mavikadin\/wp-content\/uploads\/Ekran-Resmi-2025-07-17-22.56.06-1536x1047.png 1536w, https:\/\/www.tgrthaber.com\/mavikadin\/wp-content\/uploads\/Ekran-Resmi-2025-07-17-22.56.06.png 1590w\" sizes=\"(max-width: 1024px) 100vw, 1024px\" \/><\/p>\n<hr \/>\n<p class=\"p1\">Patl\u0131canlar\u0131 bir f\u0131r\u0131n tepsisine yerle\u015ftirin ve boydan bir \u00e7izgi \u00e7ekerek i\u00e7inin a\u00e7\u0131lmas\u0131n\u0131 sa\u011flay\u0131n. Haz\u0131rlad\u0131\u011f\u0131n\u0131z i\u00e7 harc\u0131 buraya yerle\u015ftirin. Kavurma tavas\u0131nda kalan domates suyunu da patl\u0131canlar\u0131n \u00fczerinde gezdirin. B\u00f6ylece yeme\u011finiz daha lezzetli olacakt\u0131r. 190 derece ayarlad\u0131\u011f\u0131n\u0131z f\u0131r\u0131nda 30 dakika kadar pi\u015firin. \u015eimdiden afiyetler olsun.<\/p>\n<p>&nbsp;<\/p>\n<p>&nbsp;<\/p>\n","protected":false},"excerpt":{"rendered":"<p>MasterChef&#8217;te bu ak\u015fam T\u00fcrk mutfa\u011f\u0131n\u0131n en sevilen lezzetlerinden biri olan imam bay\u0131ld\u0131 yap\u0131ld\u0131. K\u0131yma yerine, bol so\u011fanl\u0131, sar\u0131msakl\u0131 ve domatesli i\u00e7 harc\u0131yla haz\u0131rlanan\u0131 imam bay\u0131ld\u0131 tarifinin nas\u0131l yap\u0131ld\u0131\u011f\u0131n\u0131 merak ediyorsan\u0131z i\u00e7eri\u011fimize g\u00f6z atabilirsiniz. \u0130\u015fte en lezzetli Masterchef imam bay\u0131ld\u0131 tarifi.. <\/p>\n","protected":false},"author":16,"featured_media":206701,"comment_status":"closed","ping_status":"closed","sticky":false,"template":"","format":"standard","meta":{"rank_math_lock_modified_date":false,"footnotes":""},"categories":[191],"tags":[28544,28543,2842,355,3411],"class_list":["post-206649","post","type-post","status-publish","format-standard","has-post-thumbnail","hentry","category-yemek-tarifleri","tag-masterchef-imam-bayildi-nasil-yapilir","tag-masterchef-imam-bayildi-tarifi","tag-masterchef-yemek-tarifleri","tag-yemek","tag-yemek-tarifleri"],"_links":{"self":[{"href":"https:\/\/www.tgrthaber.com\/mavikadin\/wp-json\/wp\/v2\/posts\/206649"}],"collection":[{"href":"https:\/\/www.tgrthaber.com\/mavikadin\/wp-json\/wp\/v2\/posts"}],"about":[{"href":"https:\/\/www.tgrthaber.com\/mavikadin\/wp-json\/wp\/v2\/types\/post"}],"author":[{"embeddable":true,"href":"https:\/\/www.tgrthaber.com\/mavikadin\/wp-json\/wp\/v2\/users\/16"}],"replies":[{"embeddable":true,"href":"https:\/\/www.tgrthaber.com\/mavikadin\/wp-json\/wp\/v2\/comments?post=206649"}],"version-history":[{"count":3,"href":"https:\/\/www.tgrthaber.com\/mavikadin\/wp-json\/wp\/v2\/posts\/206649\/revisions"}],"predecessor-version":[{"id":206704,"href":"https:\/\/www.tgrthaber.com\/mavikadin\/wp-json\/wp\/v2\/posts\/206649\/revisions\/206704"}],"wp:featuredmedia":[{"embeddable":true,"href":"https:\/\/www.tgrthaber.com\/mavikadin\/wp-json\/wp\/v2\/media\/206701"}],"wp:attachment":[{"href":"https:\/\/www.tgrthaber.com\/mavikadin\/wp-json\/wp\/v2\/media?parent=206649"}],"wp:term":[{"taxonomy":"category","embeddable":true,"href":"https:\/\/www.tgrthaber.com\/mavikadin\/wp-json\/wp\/v2\/categories?post=206649"},{"taxonomy":"post_tag","embeddable":true,"href":"https:\/\/www.tgrthaber.com\/mavikadin\/wp-json\/wp\/v2\/tags?post=206649"}],"curies":[{"name":"wp","href":"https:\/\/api.w.org\/{rel}","templated":true}]}}