{"id":206676,"date":"2025-07-17T22:22:49","date_gmt":"2025-07-17T19:22:49","guid":{"rendered":"https:\/\/www.tgrthaber.com\/mavikadin\/?p=206676"},"modified":"2025-07-17T22:34:52","modified_gmt":"2025-07-17T19:34:52","slug":"mehmet-ali-tuncer-evli-mi-esi-kimdir-mehmet-ali-tuncer-cocuklari-var-mi","status":"publish","type":"post","link":"https:\/\/www.tgrthaber.com\/mavikadin\/mehmet-ali-tuncer-evli-mi-esi-kimdir-mehmet-ali-tuncer-cocuklari-var-mi\/","title":{"rendered":"Mehmet Ali Tuncer evli mi e\u015fi kimdir? Mehmet Ali Tuncer \u00e7ocuklar\u0131 var m\u0131?"},"content":{"rendered":"<p class=\"p1\">TRT 1 ekranlar\u0131n\u0131n sevilen dizisi &#8216;A\u015fk\u0131n Yolculu\u011fu Yunus Emre&#8217; Boluluzade Ali Taygu karakteri ile seyircinin kalbinde taht kuran usta oyuncu Mehmet Ali Tuncer, tedavi g\u00f6rd\u00fc\u011f\u00fc hastanede ge\u00e7irdi\u011fi kalp krizi nedeniyle hayat\u0131n\u0131 kaybetti. Usta oyuncunun vefat haberi sonras\u0131 \u00f6zel ya\u015fam\u0131 merak edildi. Peki Mehmet Ali Tuncer evli mi e\u015fi var m\u0131? \u00c7ocuklar\u0131 var m\u0131? \u0130\u015fte hayat\u0131na dair merak edilenler\u2026<\/p>\n<h3>VEFAT EDEN MEHMET AL\u0130 TUNCER EVL\u0130 M\u0130 E\u015e\u0130 K\u0130M \u00c7OCUKLARI VAR MI?<\/h3>\n<p class=\"p1\">\u2018The \u0130mam\u2019, \u2018A\u015fk\u0131n Yolculu\u011fu Yunus Emre\u2019, \u2018Konstantin\u2019in \u015eifreleri\u2019, \u2018Dur Yolcu\u2019, \u2018A\u015fk\u0131m\u0131zda \u00d6l\u00fcm Var\u2019 ve \u2018\u00c7arli \u0130\u015f Ba\u015f\u0131nda\u2019 gibi dizilerde oynad\u0131\u011f\u0131 karakterlerle izleyicinin be\u011fenisini kazanan Mehmet Ali Tuncer hayat\u0131n\u0131 kaybetti. 57 ya\u015f\u0131ndaki usta isim kalp nedeniyle tedavi g\u00f6rd\u00fc\u011f\u00fc hastanede kalp krizi ge\u00e7irerek hayata g\u00f6zlerini yumdu.<\/p>\n<p><img loading=\"lazy\" decoding=\"async\" class=\"alignnone wp-image-206682 size-large\" src=\"https:\/\/www.tgrthaber.com\/mavikadin\/wp-content\/uploads\/Ekran-Resmi-2025-07-17-21.40.32-1-1024x548.png\" alt=\"\" width=\"1024\" height=\"548\" title=\"\" srcset=\"https:\/\/www.tgrthaber.com\/mavikadin\/wp-content\/uploads\/Ekran-Resmi-2025-07-17-21.40.32-1-1024x548.png 1024w, https:\/\/www.tgrthaber.com\/mavikadin\/wp-content\/uploads\/Ekran-Resmi-2025-07-17-21.40.32-1-300x160.png 300w, https:\/\/www.tgrthaber.com\/mavikadin\/wp-content\/uploads\/Ekran-Resmi-2025-07-17-21.40.32-1-768x411.png 768w, https:\/\/www.tgrthaber.com\/mavikadin\/wp-content\/uploads\/Ekran-Resmi-2025-07-17-21.40.32-1.png 1036w\" sizes=\"(max-width: 1024px) 100vw, 1024px\" \/><\/p>\n<hr \/>\n<p class=\"p1\">Mehmet Ali Tuncer\u2019in vefat haberini<span class=\"Apple-converted-space\">\u00a0 <\/span>i\u015f insan\u0131 Ekrem Tuncer a\u00e7\u0131klad\u0131.<span class=\"Apple-converted-space\">\u00a0 <\/span>Mehmet Ali Tuncer\u2019in vefat haberini alan Ahmet Yenilmez ise sosyal medya hesab\u0131ndan yapt\u0131\u011f\u0131 payla\u015f\u0131m\u0131nda \u015fu ifadeleri kulland\u0131:<span class=\"Apple-converted-space\">\u00a0 <\/span>\u201cBaz\u0131 bilinmeyen, \u00e7ok me\u015fhur olmayan insanlar vard\u0131r. O insanlar, \u00e7ok me\u015fhur ve bilinen insanlar\u0131 bir arada tutar. Tuncer de \u00f6yle biriydi, hem\u015fehrimdi. Oyuncu olmas\u0131n\u0131n \u00f6tesinde saf, duru, tertemiz bir Anadolu m\u00fcnevveriydi, delikanl\u0131yd\u0131. Allah mekan\u0131n\u0131 cennet eylesin.\u201d<\/p>\n<p><img loading=\"lazy\" decoding=\"async\" class=\"alignnone wp-image-206683 size-full\" src=\"https:\/\/www.tgrthaber.com\/mavikadin\/wp-content\/uploads\/Ekran-Resmi-2025-07-17-21.40.27-1.png\" alt=\"\" width=\"988\" height=\"620\" title=\"\" srcset=\"https:\/\/www.tgrthaber.com\/mavikadin\/wp-content\/uploads\/Ekran-Resmi-2025-07-17-21.40.27-1.png 988w, https:\/\/www.tgrthaber.com\/mavikadin\/wp-content\/uploads\/Ekran-Resmi-2025-07-17-21.40.27-1-300x188.png 300w, https:\/\/www.tgrthaber.com\/mavikadin\/wp-content\/uploads\/Ekran-Resmi-2025-07-17-21.40.27-1-768x482.png 768w\" sizes=\"(max-width: 988px) 100vw, 988px\" \/><\/p>\n<hr \/>\n<p class=\"p1\">Usta oyuncunun evli olmad\u0131\u011f\u0131 biliniyor. \u00c7ocuklar\u0131 yok. \u00d6zel hayat\u0131na dair pek fazla bilgi bulunmayan Mehmet Ali Tuncer, daha \u00e7ok yer ald\u0131\u011f\u0131 yap\u0131mlarda g\u00f6sterdi\u011fi ba\u015far\u0131l\u0131 performansla ad\u0131ndan s\u00f6z ettiriyor.<\/p>\n<p><img loading=\"lazy\" decoding=\"async\" class=\"alignnone wp-image-206684 size-full\" src=\"https:\/\/www.tgrthaber.com\/mavikadin\/wp-content\/uploads\/Ekran-Resmi-2025-07-17-21.40.42-1.png\" alt=\"\" width=\"982\" height=\"584\" title=\"\" srcset=\"https:\/\/www.tgrthaber.com\/mavikadin\/wp-content\/uploads\/Ekran-Resmi-2025-07-17-21.40.42-1.png 982w, https:\/\/www.tgrthaber.com\/mavikadin\/wp-content\/uploads\/Ekran-Resmi-2025-07-17-21.40.42-1-300x178.png 300w, https:\/\/www.tgrthaber.com\/mavikadin\/wp-content\/uploads\/Ekran-Resmi-2025-07-17-21.40.42-1-768x457.png 768w\" sizes=\"(max-width: 982px) 100vw, 982px\" \/><\/p>\n<hr \/>\n<h3 class=\"p1\">MEHMET AL\u0130 TUNCER K\u0130MD\u0130R?<\/h3>\n<p class=\"p1\">Mehmet Ali Tuncer \u0130stanbul\u2019da 1968 y\u0131l\u0131nda d\u00fcnyaya gelmi\u015ftir. Tiyatroya olan merak\u0131 daha ilkokul y\u0131llar\u0131nda ba\u015flam\u0131\u015ft\u0131r. TRT ekranlar\u0131n\u0131n sevilen dizisi<span class=\"Apple-converted-space\">\u00a0 <\/span>\u2018A\u015fk\u0131n Yolculu\u011fu Yunus Emre\u2019de Boluluzade Ali Taygu karakteri ile izleyicilerin be\u011fenisini kazanm\u0131\u015ft\u0131r.<\/p>\n<p><img loading=\"lazy\" decoding=\"async\" class=\"alignnone wp-image-206685 size-large\" src=\"https:\/\/www.tgrthaber.com\/mavikadin\/wp-content\/uploads\/Ekran-Resmi-2025-07-17-21.40.12-1-1024x669.png\" alt=\"\" width=\"1024\" height=\"669\" title=\"\" srcset=\"https:\/\/www.tgrthaber.com\/mavikadin\/wp-content\/uploads\/Ekran-Resmi-2025-07-17-21.40.12-1-1024x669.png 1024w, https:\/\/www.tgrthaber.com\/mavikadin\/wp-content\/uploads\/Ekran-Resmi-2025-07-17-21.40.12-1-300x196.png 300w, https:\/\/www.tgrthaber.com\/mavikadin\/wp-content\/uploads\/Ekran-Resmi-2025-07-17-21.40.12-1-768x502.png 768w, https:\/\/www.tgrthaber.com\/mavikadin\/wp-content\/uploads\/Ekran-Resmi-2025-07-17-21.40.12-1.png 1034w\" sizes=\"(max-width: 1024px) 100vw, 1024px\" \/><\/p>\n<hr \/>\n<p class=\"p1\">Tiyatro sahnesine ilk ad\u0131m\u0131 1985 y\u0131l\u0131nda atm\u0131\u015ft\u0131r.<span class=\"Apple-converted-space\"> \u0130lk sahnesinde, <\/span>Ulvi Alacakaptan, Hasan Nail Canat, H\u00fcseyin Goncag\u00fcl ve \u0130brahim Sadri ile birlikte yer alm\u0131\u015ft\u0131r. Deli Y\u00fcrek\u2019 ve \u2018B\u00f6yle mi Olacakt\u0131\u2019 bir d\u00f6nem ekranlarda f\u0131rt\u0131nalar estiren dizilerde g\u00f6sterdi\u011fi ba\u015far\u0131l\u0131 oyunculuk performans\u0131yla ad\u0131ndan s\u00f6z ettirmi\u015ftir.<\/p>\n","protected":false},"excerpt":{"rendered":"<p>Tedavi hastanede kalp krizi nedeniyle hayat\u0131n\u0131 kaybeden usta oyuncu Mehmet Ali Tuncer&#8217;in \u00f6zel hayat\u0131 merak konusu oldu. &#8216;Mehmet Ali Tuncer evli mi e\u015fi kim \u00e7ocuklar\u0131 var m\u0131?&#8217; sorular\u0131n\u0131n cevaplar\u0131 ara\u015ft\u0131r\u0131l\u0131yor. \u0130\u015fte detaylar&#8230; <\/p>\n","protected":false},"author":16,"featured_media":206689,"comment_status":"closed","ping_status":"closed","sticky":false,"template":"","format":"standard","meta":{"rank_math_lock_modified_date":false,"footnotes":""},"categories":[491],"tags":[3374,16521,28540,28539,28538],"class_list":["post-206676","post","type-post","status-publish","format-standard","has-post-thumbnail","hentry","category-biyografi","tag-biyografi","tag-biyografi-haberleri","tag-mehmet-ali-tuncer-cocuklari-var-mi","tag-mehmet-ali-tuncer-esi-kim","tag-mehmet-ali-tuncer-evli-mi"],"_links":{"self":[{"href":"https:\/\/www.tgrthaber.com\/mavikadin\/wp-json\/wp\/v2\/posts\/206676"}],"collection":[{"href":"https:\/\/www.tgrthaber.com\/mavikadin\/wp-json\/wp\/v2\/posts"}],"about":[{"href":"https:\/\/www.tgrthaber.com\/mavikadin\/wp-json\/wp\/v2\/types\/post"}],"author":[{"embeddable":true,"href":"https:\/\/www.tgrthaber.com\/mavikadin\/wp-json\/wp\/v2\/users\/16"}],"replies":[{"embeddable":true,"href":"https:\/\/www.tgrthaber.com\/mavikadin\/wp-json\/wp\/v2\/comments?post=206676"}],"version-history":[{"count":5,"href":"https:\/\/www.tgrthaber.com\/mavikadin\/wp-json\/wp\/v2\/posts\/206676\/revisions"}],"predecessor-version":[{"id":206696,"href":"https:\/\/www.tgrthaber.com\/mavikadin\/wp-json\/wp\/v2\/posts\/206676\/revisions\/206696"}],"wp:featuredmedia":[{"embeddable":true,"href":"https:\/\/www.tgrthaber.com\/mavikadin\/wp-json\/wp\/v2\/media\/206689"}],"wp:attachment":[{"href":"https:\/\/www.tgrthaber.com\/mavikadin\/wp-json\/wp\/v2\/media?parent=206676"}],"wp:term":[{"taxonomy":"category","embeddable":true,"href":"https:\/\/www.tgrthaber.com\/mavikadin\/wp-json\/wp\/v2\/categories?post=206676"},{"taxonomy":"post_tag","embeddable":true,"href":"https:\/\/www.tgrthaber.com\/mavikadin\/wp-json\/wp\/v2\/tags?post=206676"}],"curies":[{"name":"wp","href":"https:\/\/api.w.org\/{rel}","templated":true}]}}