{"id":206681,"date":"2025-07-17T22:22:55","date_gmt":"2025-07-17T19:22:55","guid":{"rendered":"https:\/\/www.tgrthaber.com\/mavikadin\/?p=206681"},"modified":"2025-07-17T22:22:56","modified_gmt":"2025-07-17T19:22:56","slug":"mehmet-ali-tuncer-neden-oldu-mehmet-ali-tuncerin-hastaligi-neydi","status":"publish","type":"post","link":"https:\/\/www.tgrthaber.com\/mavikadin\/mehmet-ali-tuncer-neden-oldu-mehmet-ali-tuncerin-hastaligi-neydi\/","title":{"rendered":"Mehmet Ali Tuncer neden \u00f6ld\u00fc? Mehmet Ali Tuncer\u2019in hastal\u0131\u011f\u0131 neydi?"},"content":{"rendered":"<p>Deli Y\u00fcrek, B\u00f6ylemi Olacakt\u0131, A\u015fk\u0131n Yolculu\u011fu Yunus Emre dizileriyle tan\u0131nan Mehmet Ali Tuncer 57 ya\u015f\u0131nda hayat\u0131n\u0131 kaybetti. \u00dcnl\u00fc ismin \u00f6l\u00fcm\u00fc dizi d\u00fcnyas\u0131n\u0131 ve yak\u0131n arkada\u015flar\u0131n\u0131 yasa bo\u011fdu. Mehmet Ali Tuncer\u2019in \u00f6l\u00fcm nedeninin ne oldu\u011fu merak konusu oldu. Peki, Mehmet Ali Tuncer neden \u00f6ld\u00fc? Mehmet Ali Tuncer\u2019in hastal\u0131\u011f\u0131 neydi?<\/p>\n<h3>MEHMET AL\u0130 TUNCER NEDEN \u00d6LD\u00dc?<\/h3>\n<p>Televizyon dizilerinde oynad\u0131\u011f\u0131 karakterlerle geni\u015f bir izleyici kitlesine ula\u015fan Mehmet Ali Tuncer, rahats\u0131zl\u0131\u011f\u0131ndan \u00f6t\u00fcr\u00fc uzun zamand\u0131r setlerden uzak bir ya\u015fam s\u00fcrd\u00fcr\u00fcyordu. 57 ya\u015f\u0131ndaki \u00fcnl\u00fc oyuncu Mehmet Ali Tuncer, birka\u00e7 y\u0131ld\u0131r kalbi ile alakal\u0131 s\u0131k\u0131nt\u0131lar ya\u015f\u0131yordu. Kalp hastal\u0131\u011f\u0131yla ilgili tedavi g\u00f6ren Mehmet Ali Tuncer, ak\u015fam saatlerinde i\u015f adam\u0131 Ekrem Tuncer, amcas\u0131 Mehmet Ali Tuncer&#8217;in kalp krizi ge\u00e7irerek ya\u015fama veda etti\u011fini a\u00e7\u0131klad\u0131.<\/p>\n<p><img loading=\"lazy\" decoding=\"async\" class=\"alignnone wp-image-206686 size-full\" src=\"https:\/\/www.tgrthaber.com\/mavikadin\/wp-content\/uploads\/mehmet-ali-tuncer-neden-oldu.jpg\" alt=\"\" width=\"1208\" height=\"680\" title=\"\" srcset=\"https:\/\/www.tgrthaber.com\/mavikadin\/wp-content\/uploads\/mehmet-ali-tuncer-neden-oldu.jpg 1208w, https:\/\/www.tgrthaber.com\/mavikadin\/wp-content\/uploads\/mehmet-ali-tuncer-neden-oldu-300x169.jpg 300w, https:\/\/www.tgrthaber.com\/mavikadin\/wp-content\/uploads\/mehmet-ali-tuncer-neden-oldu-1024x576.jpg 1024w, https:\/\/www.tgrthaber.com\/mavikadin\/wp-content\/uploads\/mehmet-ali-tuncer-neden-oldu-768x432.jpg 768w\" sizes=\"(max-width: 1208px) 100vw, 1208px\" \/><\/p>\n<hr \/>\n<h3>MEHMET AL\u0130 TUNCER\u2019\u0130N HASTALI\u011eI NEYD\u0130?<\/h3>\n<p>Usta oyuncu Mehmet Ali Tuncer, birka\u00e7 y\u0131ld\u0131r s\u00fcrmeye devam eden kalp rahats\u0131zl\u0131\u011f\u0131 hastal\u0131\u011f\u0131yla m\u00fccadele ediyordu. 17 Temmuz 2025 Per\u015fembe ak\u015fam\u0131 ge\u00e7irdi\u011fi kalp krizi sonucu hayat\u0131n\u0131 kaybetti. Mehmet Ali Tuncer\u2019in ailesi, sanat\u00e7\u0131n\u0131n ya\u015fad\u0131\u011f\u0131 kalp rahats\u0131zl\u0131\u011f\u0131 nedeniyle bir s\u00fcredir tedavi alt\u0131nda oldu\u011funu a\u00e7\u0131klad\u0131. Tuncer\u2019in \u00f6l\u00fcm haberinin duyulmas\u0131n\u0131n ard\u0131ndan sanat camias\u0131 h\u00fczne bo\u011fuldu. Merhum oyuncu Mehmet Ali Tuncer\u2019in vefat\u0131n\u0131n ard\u0131ndan meslekta\u015flar\u0131 ve sevenleri sosyal medya \u00fczerinden taziye mesajlar\u0131n\u0131 yay\u0131nlad\u0131lar.<\/p>\n<p><img loading=\"lazy\" decoding=\"async\" class=\"alignnone wp-image-206687 size-full\" src=\"https:\/\/www.tgrthaber.com\/mavikadin\/wp-content\/uploads\/mehmet-ali-tuncer-hastaligi-ne.jpg\" alt=\"\" width=\"1208\" height=\"680\" title=\"\" srcset=\"https:\/\/www.tgrthaber.com\/mavikadin\/wp-content\/uploads\/mehmet-ali-tuncer-hastaligi-ne.jpg 1208w, https:\/\/www.tgrthaber.com\/mavikadin\/wp-content\/uploads\/mehmet-ali-tuncer-hastaligi-ne-300x169.jpg 300w, https:\/\/www.tgrthaber.com\/mavikadin\/wp-content\/uploads\/mehmet-ali-tuncer-hastaligi-ne-1024x576.jpg 1024w, https:\/\/www.tgrthaber.com\/mavikadin\/wp-content\/uploads\/mehmet-ali-tuncer-hastaligi-ne-768x432.jpg 768w\" sizes=\"(max-width: 1208px) 100vw, 1208px\" \/><\/p>\n<hr \/>\n<h3>MEHMET AL\u0130 TUNCER&#8217;\u0130N CENAZE NAMAZI NE ZAMAN?<\/h3>\n<p>Usta oyuncunun \u00f6l\u00fcm\u00fc sonras\u0131 anma g\u00fcn\u00fc ve cenaze t\u00f6reninin ne zaman nerede olaca\u011f\u0131 merak konusu oldu. Mehmet Ali Tuncer&#8217;e kar\u015f\u0131 son kez g\u00f6revini yerine getirmek isteyen sevenleri ve yak\u0131nlar\u0131 \u00fcnl\u00fc oyuncunun cenaze t\u00f6reni ve kabristan\u0131n\u0131n nereye defnedilece\u011fini \u00f6\u011frenmek i\u00e7in aramalar yap\u0131yor. \u00dcnl\u00fc oyuncu Mehmet Ali Tuncer&#8217;in cenaze t\u00f6reninin g\u00fcn\u00fc, tarihi ve saati hakk\u0131nda herhangi bir a\u00e7\u0131klama yap\u0131lmad\u0131. Oyuncunun cenazesine ili\u015fkin bilgiler geldik\u00e7e haberin i\u00e7eri\u011fi g\u00fcncellenecektir.<\/p>\n","protected":false},"excerpt":{"rendered":"<p>TRT 1 kanal\u0131nda yay\u0131nlanan A\u015fk\u0131n Yolculu\u011fu Yunus Emre dizisinde Boluluzade Ali Taygu karakteri ile izleyiciyle bulu\u015fan Mehmet Ali Tuncer hayat\u0131n\u0131 kaybetti. \u00dcnl\u00fc oyuncunun \u00f6l\u00fcm\u00fcn\u00fcn sebebi merak edildi. Peki, Mehmet Ali Tuncer neden \u00f6ld\u00fc? Mehmet Ali Tuncer\u2019in hastal\u0131\u011f\u0131 neydi?<\/p>\n","protected":false},"author":10,"featured_media":206688,"comment_status":"closed","ping_status":"closed","sticky":false,"template":"","format":"standard","meta":{"rank_math_lock_modified_date":false,"footnotes":""},"categories":[76],"tags":[133,2218,28542,28541],"class_list":["post-206681","post","type-post","status-publish","format-standard","has-post-thumbnail","hentry","category-magazin","tag-magazin","tag-magazin-haberleri","tag-mehmet-ali-tuncer-hastaligi-ne","tag-mehmet-ali-tuncer-olum-nedeni"],"_links":{"self":[{"href":"https:\/\/www.tgrthaber.com\/mavikadin\/wp-json\/wp\/v2\/posts\/206681"}],"collection":[{"href":"https:\/\/www.tgrthaber.com\/mavikadin\/wp-json\/wp\/v2\/posts"}],"about":[{"href":"https:\/\/www.tgrthaber.com\/mavikadin\/wp-json\/wp\/v2\/types\/post"}],"author":[{"embeddable":true,"href":"https:\/\/www.tgrthaber.com\/mavikadin\/wp-json\/wp\/v2\/users\/10"}],"replies":[{"embeddable":true,"href":"https:\/\/www.tgrthaber.com\/mavikadin\/wp-json\/wp\/v2\/comments?post=206681"}],"version-history":[{"count":1,"href":"https:\/\/www.tgrthaber.com\/mavikadin\/wp-json\/wp\/v2\/posts\/206681\/revisions"}],"predecessor-version":[{"id":206691,"href":"https:\/\/www.tgrthaber.com\/mavikadin\/wp-json\/wp\/v2\/posts\/206681\/revisions\/206691"}],"wp:featuredmedia":[{"embeddable":true,"href":"https:\/\/www.tgrthaber.com\/mavikadin\/wp-json\/wp\/v2\/media\/206688"}],"wp:attachment":[{"href":"https:\/\/www.tgrthaber.com\/mavikadin\/wp-json\/wp\/v2\/media?parent=206681"}],"wp:term":[{"taxonomy":"category","embeddable":true,"href":"https:\/\/www.tgrthaber.com\/mavikadin\/wp-json\/wp\/v2\/categories?post=206681"},{"taxonomy":"post_tag","embeddable":true,"href":"https:\/\/www.tgrthaber.com\/mavikadin\/wp-json\/wp\/v2\/tags?post=206681"}],"curies":[{"name":"wp","href":"https:\/\/api.w.org\/{rel}","templated":true}]}}