{"id":206737,"date":"2025-07-18T00:20:08","date_gmt":"2025-07-17T21:20:08","guid":{"rendered":"https:\/\/www.tgrthaber.com\/mavikadin\/?p=206737"},"modified":"2025-07-18T00:20:08","modified_gmt":"2025-07-17T21:20:08","slug":"masterchef-2025-ana-kadroya-giren-6-yarismaci-sercan-sahinoglu-kimdir-kac-yasinda-aslen-nereli","status":"publish","type":"post","link":"https:\/\/www.tgrthaber.com\/mavikadin\/masterchef-2025-ana-kadroya-giren-6-yarismaci-sercan-sahinoglu-kimdir-kac-yasinda-aslen-nereli\/","title":{"rendered":"MasterChef 2025 ana kadroya giren 6. yar\u0131\u015fmac\u0131 Sercan \u015eahino\u011flu kimdir ka\u00e7 ya\u015f\u0131nda aslen nereli?"},"content":{"rendered":"<p>Ekranlar\u0131n sevilen yar\u0131\u015fma program\u0131 MasterChef&#8217;te ana kadro belirlenmeye ba\u015flad\u0131. \u0130lk grupta yer alan 16 yar\u0131\u015fmac\u0131dan sadece 5 ki\u015fi ana kadroya ismini yazd\u0131rd\u0131. Bu ak\u015fam ekranlara gelen b\u00f6l\u00fcmde ikinci gruptan bir ki\u015fi ana kadroya girdi. MasterChef 17 Temmuz 2025 ana kadroya giren 6. yar\u0131\u015fmac\u0131 Sercan \u015eahino\u011flu oldu. Yar\u0131\u015fmac\u0131n\u0131n ana kadroda yer almas\u0131yla birlikte hayat\u0131 da ara\u015ft\u0131r\u0131lmaya ba\u015fland\u0131. Peki MasterChef ana kadroya giren 6. yar\u0131\u015fmac\u0131 Sercan \u015eahino\u011flu kimdir, ka\u00e7 ya\u015f\u0131nda, aslen nereli? \u0130\u015fte detaylar&#8230;<\/p>\n<h3>MASTERCHEF ANA KADRO HEYECANI DEVAM ED\u0130YOR<\/h3>\n<p>TV8 ekranlar\u0131n\u0131n sevilen program\u0131 Masterchef T\u00fcrkiye izleyicilerine keyifli anlar ya\u015fatmaya devam ediyor. Birbirinden yetenekli yar\u0131\u015fmac\u0131lar\u0131n yer ald\u0131\u011f\u0131 programda bu ak\u015fam ana kadroya giren 6. isim a\u00e7\u0131kland\u0131. \u0130lk grupta 16 ki\u015fi i\u00e7erisinde yer alan 5 yar\u0131\u015fmac\u0131 ana kadroya ismini yazd\u0131rm\u0131\u015ft\u0131. Bu isimler aras\u0131nda Furkan Karaman, Eyl\u00fcl Azra Soysal, \u00c7a\u011fatay Do\u011fanay, Onur Dikba\u015f ve Hilal A\u011fc\u0131 yer ald\u0131.<\/p>\n<p><img loading=\"lazy\" decoding=\"async\" class=\"alignnone wp-image-206749 size-large\" src=\"https:\/\/www.tgrthaber.com\/mavikadin\/wp-content\/uploads\/Ekran-Resmi-2025-07-17-23.35.46-1024x649.png\" alt=\"\" width=\"1024\" height=\"649\" title=\"\" srcset=\"https:\/\/www.tgrthaber.com\/mavikadin\/wp-content\/uploads\/Ekran-Resmi-2025-07-17-23.35.46-1024x649.png 1024w, https:\/\/www.tgrthaber.com\/mavikadin\/wp-content\/uploads\/Ekran-Resmi-2025-07-17-23.35.46-300x190.png 300w, https:\/\/www.tgrthaber.com\/mavikadin\/wp-content\/uploads\/Ekran-Resmi-2025-07-17-23.35.46-768x487.png 768w, https:\/\/www.tgrthaber.com\/mavikadin\/wp-content\/uploads\/Ekran-Resmi-2025-07-17-23.35.46.png 1386w\" sizes=\"(max-width: 1024px) 100vw, 1024px\" \/><\/p>\n<hr \/>\n<h3>MASTERCHEF 2025 ANA KADROYA G\u0130REN 6. YARI\u015eMACI SERCAN \u015eAH\u0130NO\u011eLU K\u0130MD\u0130R, KA\u00c7 YA\u015eINDA, ASLEN NEREL\u0130?<\/h3>\n<p class=\"p1\">MasterChef yar\u0131\u015fmac\u0131s\u0131 Sercan \u015eahino\u011flu, Edirnelidir. 23 ya\u015f\u0131nda olan Sercan k\u00fc\u00e7\u00fck ya\u015ftan beri mesle\u011fin i\u00e7indedir.<\/p>\n<p><img loading=\"lazy\" decoding=\"async\" class=\"alignnone wp-image-206760 size-large\" src=\"https:\/\/www.tgrthaber.com\/mavikadin\/wp-content\/uploads\/Ekran-Resmi-2025-07-18-00.14.19-1024x589.png\" alt=\"\" width=\"1024\" height=\"589\" title=\"\" srcset=\"https:\/\/www.tgrthaber.com\/mavikadin\/wp-content\/uploads\/Ekran-Resmi-2025-07-18-00.14.19-1024x589.png 1024w, https:\/\/www.tgrthaber.com\/mavikadin\/wp-content\/uploads\/Ekran-Resmi-2025-07-18-00.14.19-300x173.png 300w, https:\/\/www.tgrthaber.com\/mavikadin\/wp-content\/uploads\/Ekran-Resmi-2025-07-18-00.14.19-768x442.png 768w, https:\/\/www.tgrthaber.com\/mavikadin\/wp-content\/uploads\/Ekran-Resmi-2025-07-18-00.14.19.png 1506w\" sizes=\"(max-width: 1024px) 100vw, 1024px\" \/><\/p>\n<hr \/>\n<h3 class=\"p1\">MASTERCHEF ANA KADROYA G\u0130REN YARI\u015eMACILAR K\u0130MLER?<\/h3>\n<p class=\"p1\">1. yar\u0131\u015fmac\u0131:\u00a0Furkan<\/p>\n<p class=\"p1\">2. yar\u0131\u015fmac\u0131:\u00a0Eyl\u00fcl<\/p>\n<p class=\"p1\">3. yar\u0131\u015fmac\u0131:\u00a0\u00c7a\u011fatay<\/p>\n<p class=\"p1\">4. yar\u0131\u015fmac\u0131:\u00a0Onur<\/p>\n<p class=\"p1\">5. yar\u0131\u015fmac\u0131:\u00a0Hilal<\/p>\n<p><img loading=\"lazy\" decoding=\"async\" class=\"alignnone wp-image-206750 size-large\" src=\"https:\/\/www.tgrthaber.com\/mavikadin\/wp-content\/uploads\/Ekran-Resmi-2025-07-17-23.27.40-1-1024x574.png\" alt=\"\" width=\"1024\" height=\"574\" title=\"\" srcset=\"https:\/\/www.tgrthaber.com\/mavikadin\/wp-content\/uploads\/Ekran-Resmi-2025-07-17-23.27.40-1-1024x574.png 1024w, https:\/\/www.tgrthaber.com\/mavikadin\/wp-content\/uploads\/Ekran-Resmi-2025-07-17-23.27.40-1-300x168.png 300w, https:\/\/www.tgrthaber.com\/mavikadin\/wp-content\/uploads\/Ekran-Resmi-2025-07-17-23.27.40-1-768x430.png 768w, https:\/\/www.tgrthaber.com\/mavikadin\/wp-content\/uploads\/Ekran-Resmi-2025-07-17-23.27.40-1.png 1042w\" sizes=\"(max-width: 1024px) 100vw, 1024px\" \/><\/p>\n<hr \/>\n<h3 class=\"p1\">MASTERCHEF ANA KADROYA YEDEKLERDEN DAH\u0130L OLAN YARI\u015eMACILAR K\u0130MLER OLDU?<\/h3>\n<p class=\"p1\">MasterChef hayallerine yedeklerden devam eden yar\u0131\u015fmac\u0131lar da oldu. Ana kadroya yedeklerden giren isimler aras\u0131nda Elif ve Bilal ilk turda ana kadroya yedeklerden kat\u0131lan yar\u0131\u015fmac\u0131 oldu. \u0130kinci etapta \u015fefler yar\u0131\u015fmac\u0131lardan bal\u0131k \u00e7orbas\u0131 haz\u0131rlamalar\u0131n\u0131 istedi. En iyi tabaklar\u0131 haz\u0131rlayan Meryem ve Do\u011fan ikinci turda ana kadroya yedeklerden kat\u0131lan isimler aras\u0131na girebilmeyi ba\u015fard\u0131.<\/p>\n<p><img loading=\"lazy\" decoding=\"async\" class=\"alignnone wp-image-206751 size-full\" src=\"https:\/\/www.tgrthaber.com\/mavikadin\/wp-content\/uploads\/Ekran-Resmi-2025-07-17-23.27.31-1.png\" alt=\"\" width=\"1014\" height=\"614\" title=\"\" srcset=\"https:\/\/www.tgrthaber.com\/mavikadin\/wp-content\/uploads\/Ekran-Resmi-2025-07-17-23.27.31-1.png 1014w, https:\/\/www.tgrthaber.com\/mavikadin\/wp-content\/uploads\/Ekran-Resmi-2025-07-17-23.27.31-1-300x182.png 300w, https:\/\/www.tgrthaber.com\/mavikadin\/wp-content\/uploads\/Ekran-Resmi-2025-07-17-23.27.31-1-768x465.png 768w\" sizes=\"(max-width: 1014px) 100vw, 1014px\" \/><\/p>\n<hr \/>\n<h3>MASTERCHEF T\u00dcRK\u0130YE&#8217;YE NASIL BA\u015eVURULUR?<\/h3>\n<p>MasterChef&#8217;in bu sezon ba\u015fvurular\u0131 bitti. \u015euan i\u00e7in ana kadro se\u00e7meleri devam ediyor. Fakat yeni sezon ba\u015fvurular\u0131n\u0131n nas\u0131l yap\u0131ld\u0131\u011f\u0131n\u0131 merak edenler TV8&#8217;in resmi internet sitesinde bulunan formu doldurarak yar\u0131\u015fmaya ba\u015fvurabilir. Formda yer alan adres, ki\u015fisel bilgiler ve telefon gibi bilgilerin eksiksiz doldurulmas\u0131 gerekiyor.<\/p>\n<p><img loading=\"lazy\" decoding=\"async\" class=\"alignnone wp-image-206753 \" src=\"https:\/\/www.tgrthaber.com\/mavikadin\/wp-content\/uploads\/Ekran-Resmi-2025-07-17-23.27.27-1.png\" alt=\"\" width=\"986\" height=\"590\" title=\"\" srcset=\"https:\/\/www.tgrthaber.com\/mavikadin\/wp-content\/uploads\/Ekran-Resmi-2025-07-17-23.27.27-1.png 956w, https:\/\/www.tgrthaber.com\/mavikadin\/wp-content\/uploads\/Ekran-Resmi-2025-07-17-23.27.27-1-300x179.png 300w, https:\/\/www.tgrthaber.com\/mavikadin\/wp-content\/uploads\/Ekran-Resmi-2025-07-17-23.27.27-1-768x460.png 768w\" sizes=\"(max-width: 986px) 100vw, 986px\" \/><\/p>\n<hr \/>\n<p>Ba\u015fvuru da dikkat \u00e7eken detaylardan biri de g\u00f6nderilen video. Yar\u0131\u015fmac\u0131lardan kendilerini tan\u0131tt\u0131klar\u0131 bir video isteniyor ve bu tan\u0131t\u0131m se\u00e7melerde olduk\u00e7a \u00f6nem ta\u015f\u0131yor.<\/p>\n<p>&nbsp;<\/p>\n","protected":false},"excerpt":{"rendered":"<p>MasterChef ana kadro heyecan\u0131 devam ediyor. Ana kadroya giren 5 yar\u0131\u015fmac\u0131 belli olmu\u015ftu. Bu ak\u015fam ekranlara gelen b\u00f6l\u00fcmde ana kadroya giren 6. yar\u0131\u015fmac\u0131 a\u00e7\u0131kland\u0131. Yar\u0131\u015fmac\u0131n\u0131n ana kadroya girmesiyle birlikte hayat\u0131 merak edildi. Peki Sercan \u015eahino\u011flu kimdir, ka\u00e7 ya\u015f\u0131nda, aslen nereli? \u0130\u015fte detaylar.. <\/p>\n","protected":false},"author":16,"featured_media":206761,"comment_status":"closed","ping_status":"closed","sticky":false,"template":"","format":"standard","meta":{"rank_math_lock_modified_date":false,"footnotes":""},"categories":[491],"tags":[133,2218,28565,28564,28563],"class_list":["post-206737","post","type-post","status-publish","format-standard","has-post-thumbnail","hentry","category-biyografi","tag-magazin","tag-magazin-haberleri","tag-masterchef-2025-ana-kadroya-giren-6-yarismaci-sercan-sahinoglu-aslen-nereli","tag-masterchef-2025-ana-kadroya-giren-6-yarismaci-sercan-sahinoglu-kac-yasinda","tag-masterchef-2025-ana-kadroya-giren-6-yarismaci-sercan-sahinoglu-kimdir"],"_links":{"self":[{"href":"https:\/\/www.tgrthaber.com\/mavikadin\/wp-json\/wp\/v2\/posts\/206737"}],"collection":[{"href":"https:\/\/www.tgrthaber.com\/mavikadin\/wp-json\/wp\/v2\/posts"}],"about":[{"href":"https:\/\/www.tgrthaber.com\/mavikadin\/wp-json\/wp\/v2\/types\/post"}],"author":[{"embeddable":true,"href":"https:\/\/www.tgrthaber.com\/mavikadin\/wp-json\/wp\/v2\/users\/16"}],"replies":[{"embeddable":true,"href":"https:\/\/www.tgrthaber.com\/mavikadin\/wp-json\/wp\/v2\/comments?post=206737"}],"version-history":[{"count":1,"href":"https:\/\/www.tgrthaber.com\/mavikadin\/wp-json\/wp\/v2\/posts\/206737\/revisions"}],"predecessor-version":[{"id":206762,"href":"https:\/\/www.tgrthaber.com\/mavikadin\/wp-json\/wp\/v2\/posts\/206737\/revisions\/206762"}],"wp:featuredmedia":[{"embeddable":true,"href":"https:\/\/www.tgrthaber.com\/mavikadin\/wp-json\/wp\/v2\/media\/206761"}],"wp:attachment":[{"href":"https:\/\/www.tgrthaber.com\/mavikadin\/wp-json\/wp\/v2\/media?parent=206737"}],"wp:term":[{"taxonomy":"category","embeddable":true,"href":"https:\/\/www.tgrthaber.com\/mavikadin\/wp-json\/wp\/v2\/categories?post=206737"},{"taxonomy":"post_tag","embeddable":true,"href":"https:\/\/www.tgrthaber.com\/mavikadin\/wp-json\/wp\/v2\/tags?post=206737"}],"curies":[{"name":"wp","href":"https:\/\/api.w.org\/{rel}","templated":true}]}}