{"id":206754,"date":"2025-07-18T00:54:12","date_gmt":"2025-07-17T21:54:12","guid":{"rendered":"https:\/\/www.tgrthaber.com\/mavikadin\/?p=206754"},"modified":"2025-07-18T00:54:12","modified_gmt":"2025-07-17T21:54:12","slug":"masterchef-turkiye-2025-isvec-ikincisi-ayla-canpunar-kimdir-aslen-nereli-evli-mi","status":"publish","type":"post","link":"https:\/\/www.tgrthaber.com\/mavikadin\/masterchef-turkiye-2025-isvec-ikincisi-ayla-canpunar-kimdir-aslen-nereli-evli-mi\/","title":{"rendered":"MasterChef T\u00fcrkiye 2025 \u0130sve\u00e7 ikincisi Ayla Canpunar kimdir aslen nereli evli mi?"},"content":{"rendered":"<p class=\"p1\">MasterChef T\u00fcrkiye, TV8<span class=\"Apple-converted-space\">\u00a0 <\/span>ekranlar\u0131n\u0131n en \u00e7ok sevilen programlar\u0131ndan biri. Her ak\u015fam izleyicinin soluksuz izledi\u011fi programda birbirinden yetenekli yar\u0131\u015fmac\u0131lar hem \u00f6zel hayatlar\u0131yla hem de profesyonel kariyerleriyle dikkat \u00e7ekmeye devam ediyor. Yar\u0131\u015fman\u0131n yeni b\u00f6l\u00fcm\u00fcnde ikinci grup ana kadro i\u00e7in yar\u0131\u015fmaya ba\u015flad\u0131. \u0130lk grupta 16 ki\u015fi aras\u0131nda 5 ki\u015fi ana kadroya ismini yazd\u0131rm\u0131\u015ft\u0131. \u015eimdi g\u00f6zler ikinci grupta ana kadroya girecek olan isimlere \u00e7evrildi. \u0130kinci grupta da olduk\u00e7a ba\u015far\u0131l\u0131 isimler bulunuyor. Onlardan biri de MasterChef \u0130sve\u00e7 ikincisi Ayla Canpunar oldu. Yar\u0131\u015fmac\u0131n\u0131n \u0130sve\u00e7 MasterChef\u2019in de ikinci oldu\u011funu duyan izleyiciler hayat\u0131n\u0131 ara\u015ft\u0131rmaya ba\u015flad\u0131. Peki MasterChef \u0130sve\u00e7 ikincisi Ayla Canpunar kimdir, ka\u00e7 ya\u015f\u0131nda, aslen nereli? \u0130\u015fte detaylar\u2026<\/p>\n<h3>MASTERCHEF T\u00dcRK\u0130YE 2025 AYLA CANPUNAR K\u0130MD\u0130R ASLEN NEREL\u0130? \u0130SVE\u00c7&#8217;TE \u0130K\u0130NC\u0130 OLDU<\/h3>\n<p class=\"p1\">Ayla Canpunar 25 ya\u015f\u0131ndad\u0131r. Yar\u0131\u015fmaya \u0130sve\u00e7ten kat\u0131lm\u0131\u015ft\u0131r.<span class=\"Apple-converted-space\">\u00a0 <\/span>MasterChef \u0130sve\u00e7\u2019te ikinci olmu\u015ftur. Aslen Ankaral\u0131 olan yar\u0131\u015fmac\u0131,<br \/>\n&#8221;Yar\u0131m kalm\u0131\u015f hayalimi T\u00fcrkiye&#8217;de ger\u00e7ekle\u015ftirmek i\u00e7in geldim.&#8221; a\u00e7\u0131klamas\u0131yla dikkat \u00e7ekmi\u015ftir.<span class=\"Apple-converted-space\">\u00a0<\/span><\/p>\n<p><img loading=\"lazy\" decoding=\"async\" class=\"alignnone wp-image-206767 size-full\" src=\"https:\/\/www.tgrthaber.com\/mavikadin\/wp-content\/uploads\/Ekran-Resmi-2025-07-18-00.49.34.png\" alt=\"\" width=\"1002\" height=\"526\" title=\"\" srcset=\"https:\/\/www.tgrthaber.com\/mavikadin\/wp-content\/uploads\/Ekran-Resmi-2025-07-18-00.49.34.png 1002w, https:\/\/www.tgrthaber.com\/mavikadin\/wp-content\/uploads\/Ekran-Resmi-2025-07-18-00.49.34-300x157.png 300w, https:\/\/www.tgrthaber.com\/mavikadin\/wp-content\/uploads\/Ekran-Resmi-2025-07-18-00.49.34-768x403.png 768w\" sizes=\"(max-width: 1002px) 100vw, 1002px\" \/><\/p>\n<hr \/>\n<p class=\"p1\">&#8216;Mutfak benim i\u00e7in g\u00fcvenli bir alan&#8217; diyen Ayla Canpunar bir gazete sayfas\u0131nda yemek program\u0131 sundu\u011funu belirterek dikkatleri \u00fczerine \u00e7ekmi\u015ftir.<\/p>\n<p><img loading=\"lazy\" decoding=\"async\" class=\"alignnone wp-image-206764 size-large\" src=\"https:\/\/www.tgrthaber.com\/mavikadin\/wp-content\/uploads\/Ekran-Resmi-2025-07-18-00.47.27-1024x680.png\" alt=\"\" width=\"1024\" height=\"680\" title=\"\" srcset=\"https:\/\/www.tgrthaber.com\/mavikadin\/wp-content\/uploads\/Ekran-Resmi-2025-07-18-00.47.27-1024x680.png 1024w, https:\/\/www.tgrthaber.com\/mavikadin\/wp-content\/uploads\/Ekran-Resmi-2025-07-18-00.47.27-300x199.png 300w, https:\/\/www.tgrthaber.com\/mavikadin\/wp-content\/uploads\/Ekran-Resmi-2025-07-18-00.47.27-768x510.png 768w, https:\/\/www.tgrthaber.com\/mavikadin\/wp-content\/uploads\/Ekran-Resmi-2025-07-18-00.47.27.png 1156w\" sizes=\"(max-width: 1024px) 100vw, 1024px\" \/><\/p>\n<hr \/>\n<h3>MASTERCHEF ANA KADRO SAVA\u015eLARI DEVAM ED\u0130YOR!<\/h3>\n<p>Yemek tutkunlar\u0131n\u0131n ka\u00e7\u0131rmadan izledi\u011fi MasterChef T\u00fcrkiye, her ak\u015fam izleyicilerini keyifli anlar ya\u015fatmaya devam ediyor. Birbirinden lezzetli yemeklerin yap\u0131ld\u0131\u011f\u0131 yar\u0131\u015fmada, birbirinden yetenekli yar\u0131\u015fmac\u0131lar yer al\u0131yor.<\/p>\n<p><img loading=\"lazy\" decoding=\"async\" class=\"alignnone wp-image-206765 \" src=\"https:\/\/www.tgrthaber.com\/mavikadin\/wp-content\/uploads\/Ekran-Resmi-2025-07-17-23.27.27-2.png\" alt=\"\" width=\"1004\" height=\"601\" title=\"\" srcset=\"https:\/\/www.tgrthaber.com\/mavikadin\/wp-content\/uploads\/Ekran-Resmi-2025-07-17-23.27.27-2.png 956w, https:\/\/www.tgrthaber.com\/mavikadin\/wp-content\/uploads\/Ekran-Resmi-2025-07-17-23.27.27-2-300x179.png 300w, https:\/\/www.tgrthaber.com\/mavikadin\/wp-content\/uploads\/Ekran-Resmi-2025-07-17-23.27.27-2-768x460.png 768w\" sizes=\"(max-width: 1004px) 100vw, 1004px\" \/><\/p>\n<hr \/>\n<p>Programda sadece lezzetli yemek yapabilmek \u00f6nem ta\u015f\u0131m\u0131yor. \u015eefler Danillo Zanna, Mehmet Yal\u00e7\u0131nkaya ve Somer Sivrio\u011flu&#8217;nun bask\u0131lar\u0131 alt\u0131nda sakin kalabilme, verilen s\u00fcrede yeme\u011fi tamamlayabilmekte olduk\u00e7a \u00f6nemli. Yeni sezonda 16 ki\u015fi i\u00e7erisinde sadece 5 ki\u015fi ana kadroya ismini yazd\u0131rd\u0131. \u015eimdi g\u00f6zler iknici guruba \u00e7evrildi.<\/p>\n<p><img loading=\"lazy\" decoding=\"async\" class=\"alignnone wp-image-206766 size-large\" src=\"https:\/\/www.tgrthaber.com\/mavikadin\/wp-content\/uploads\/Ekran-Resmi-2025-07-17-23.30.24-1024x576.png\" alt=\"\" width=\"1024\" height=\"576\" title=\"\" srcset=\"https:\/\/www.tgrthaber.com\/mavikadin\/wp-content\/uploads\/Ekran-Resmi-2025-07-17-23.30.24-1024x576.png 1024w, https:\/\/www.tgrthaber.com\/mavikadin\/wp-content\/uploads\/Ekran-Resmi-2025-07-17-23.30.24-300x169.png 300w, https:\/\/www.tgrthaber.com\/mavikadin\/wp-content\/uploads\/Ekran-Resmi-2025-07-17-23.30.24-768x432.png 768w, https:\/\/www.tgrthaber.com\/mavikadin\/wp-content\/uploads\/Ekran-Resmi-2025-07-17-23.30.24.png 1032w\" sizes=\"(max-width: 1024px) 100vw, 1024px\" \/><\/p>\n<hr \/>\n<p>\u0130kinci grupta MasterChef ana kadroya ismini yazd\u0131ran 6. yar\u0131\u015fmac\u0131 Sercan \u015eahino\u011flu oldu. \u015eahino\u011flu, haz\u0131rlad\u0131\u011f\u0131 tabakla \u015fefleri kendisine hayran b\u0131rakt\u0131. \u015eefler ikinci gruptaki yar\u0131\u015fmac\u0131lar\u0131n olduk\u00e7a ba\u015far\u0131l\u0131 olduklar\u0131n\u0131 ve tabaklar\u0131 se\u00e7mekte \u00e7ok zorland\u0131klar\u0131n\u0131 ifade etti.<\/p>\n<p>&nbsp;<\/p>\n","protected":false},"excerpt":{"rendered":"<p>MasterChef T\u00fcrkiye&#8217;de ana kadroya girebilmek i\u00e7in 2. grup yerini ald\u0131. \u0130lk gruptan 16 ki\u015fi i\u00e7inden sadece 5 ki\u015fi ana kadroya ismini yazd\u0131rd\u0131. Bu ak\u015fam ekranlara gelen b\u00f6l\u00fcmde ikinci gruptan Ayla Canpunar dikkat \u00e7ekti. Yar\u0131\u015fmac\u0131n\u0131n \u0130sve\u00e7 MasterChef&#8217;inde ikinci oldu\u011funu a\u00e7\u0131klamas\u0131yla hayat\u0131 merak edildi. Peki MasterChef Ayla Canpunar kimdir, ka\u00e7 ya\u015f\u0131nda, aslen nereli? \u0130\u015fte detaylar&#8230; <\/p>\n","protected":false},"author":16,"featured_media":206768,"comment_status":"closed","ping_status":"closed","sticky":false,"template":"","format":"standard","meta":{"rank_math_lock_modified_date":false,"footnotes":""},"categories":[491],"tags":[3374,16521,28568,28567,28566],"class_list":["post-206754","post","type-post","status-publish","format-standard","has-post-thumbnail","hentry","category-biyografi","tag-biyografi","tag-biyografi-haberleri","tag-masterchef-ayla-canpunar-aslen-nereli","tag-masterchef-ayla-canpunar-kac-yasinda","tag-masterchef-isvec-ikincisi-ayla-canpunar-kimdir"],"_links":{"self":[{"href":"https:\/\/www.tgrthaber.com\/mavikadin\/wp-json\/wp\/v2\/posts\/206754"}],"collection":[{"href":"https:\/\/www.tgrthaber.com\/mavikadin\/wp-json\/wp\/v2\/posts"}],"about":[{"href":"https:\/\/www.tgrthaber.com\/mavikadin\/wp-json\/wp\/v2\/types\/post"}],"author":[{"embeddable":true,"href":"https:\/\/www.tgrthaber.com\/mavikadin\/wp-json\/wp\/v2\/users\/16"}],"replies":[{"embeddable":true,"href":"https:\/\/www.tgrthaber.com\/mavikadin\/wp-json\/wp\/v2\/comments?post=206754"}],"version-history":[{"count":1,"href":"https:\/\/www.tgrthaber.com\/mavikadin\/wp-json\/wp\/v2\/posts\/206754\/revisions"}],"predecessor-version":[{"id":206775,"href":"https:\/\/www.tgrthaber.com\/mavikadin\/wp-json\/wp\/v2\/posts\/206754\/revisions\/206775"}],"wp:featuredmedia":[{"embeddable":true,"href":"https:\/\/www.tgrthaber.com\/mavikadin\/wp-json\/wp\/v2\/media\/206768"}],"wp:attachment":[{"href":"https:\/\/www.tgrthaber.com\/mavikadin\/wp-json\/wp\/v2\/media?parent=206754"}],"wp:term":[{"taxonomy":"category","embeddable":true,"href":"https:\/\/www.tgrthaber.com\/mavikadin\/wp-json\/wp\/v2\/categories?post=206754"},{"taxonomy":"post_tag","embeddable":true,"href":"https:\/\/www.tgrthaber.com\/mavikadin\/wp-json\/wp\/v2\/tags?post=206754"}],"curies":[{"name":"wp","href":"https:\/\/api.w.org\/{rel}","templated":true}]}}