{"id":206795,"date":"2025-07-18T03:03:14","date_gmt":"2025-07-18T00:03:14","guid":{"rendered":"https:\/\/www.tgrthaber.com\/mavikadin\/?p=206795"},"modified":"2025-07-18T03:03:15","modified_gmt":"2025-07-18T00:03:15","slug":"masterchef-yedekleri-kazanan-doguhan-gedik-kimdir-kac-yasinda-nerelerde-calisti","status":"publish","type":"post","link":"https:\/\/www.tgrthaber.com\/mavikadin\/masterchef-yedekleri-kazanan-doguhan-gedik-kimdir-kac-yasinda-nerelerde-calisti\/","title":{"rendered":"Masterchef yedekleri kazanan Do\u011fuhan Gedik kimdir ka\u00e7 ya\u015f\u0131nda? Nerelerde \u00e7al\u0131\u015ft\u0131?"},"content":{"rendered":"<p>MasterChef T\u00fcrkiye 2025 yar\u0131\u015fmas\u0131 ana kadrosunu olu\u015fturmaya ba\u015flad\u0131. Yar\u0131\u015fma gere\u011fi ana kadronun yan\u0131 s\u0131ra yedek yar\u0131\u015fmac\u0131larda se\u00e7iliyor. Yar\u0131\u015fma boyunca \u015feflerin istedi\u011fi tabaklar\u0131 haz\u0131rlayarak ana kadro se\u00e7imlerine kadar gelen Do\u011fuhan Gedik, MasterChef yar\u0131\u015fmas\u0131na yedek oyuncu olarak kalmaya devam edecek. Masterchef yar\u0131\u015fmas\u0131 boyunca elenen bir ki\u015finin yerine girmek i\u00e7in yeniden yar\u0131\u015facak. Program s\u0131ras\u0131nda ya\u015fad\u0131\u011f\u0131 zorluklar kar\u015f\u0131s\u0131nda MasterChef Do\u011fuhan Gedik\u2019in ya\u015fam\u0131 merak ediliyor. Peki, Do\u011fuhan Gedik kimdir ka\u00e7 ya\u015f\u0131ndad\u0131r? Hangi \u00fclkelerde \u00e7al\u0131\u015ft\u0131? A\u015f\u00e7\u0131l\u0131k mesle\u011fine nerede ba\u015flad\u0131?<\/p>\n<h3>MASTERCHEF DO\u011eUHAN GED\u0130K K\u0130MD\u0130R KA\u00c7 YA\u015eINDADIR?<\/h3>\n<p>MasterChef T\u00fcrkiye 2025 yar\u0131\u015fmas\u0131n\u0131n ilk tur se\u00e7melerinde \u015feflerin \u00f6n\u00fcne \u00e7\u0131kard\u0131\u011f\u0131 yemekle dikkat \u00e7eken Do\u011fuhan Gedik, \u0130stanbul do\u011fumludur. MasterChef Do\u011fuhan, aslen Sivasl\u0131\u2019d\u0131r. 25 ya\u015f\u0131nda gen\u00e7 bir a\u015f\u00e7\u0131 olan Gedik, gastronomiye olan tutkusu \u00e7ocuk ya\u015flarda ba\u015flam\u0131\u015ft\u0131r. Yemeye olan d\u00fc\u015fk\u00fcnl\u00fc\u011f\u00fcn\u00fc uluslararas\u0131 alanlarda da sergileyerek, deneyim kazanm\u0131\u015f.<\/p>\n<p><img loading=\"lazy\" decoding=\"async\" class=\"alignnone wp-image-206796 size-full\" src=\"https:\/\/www.tgrthaber.com\/mavikadin\/wp-content\/uploads\/MasterChef-Doguhan-kimdir.jpg\" alt=\"\" width=\"1208\" height=\"680\" title=\"\" srcset=\"https:\/\/www.tgrthaber.com\/mavikadin\/wp-content\/uploads\/MasterChef-Doguhan-kimdir.jpg 1208w, https:\/\/www.tgrthaber.com\/mavikadin\/wp-content\/uploads\/MasterChef-Doguhan-kimdir-300x169.jpg 300w, https:\/\/www.tgrthaber.com\/mavikadin\/wp-content\/uploads\/MasterChef-Doguhan-kimdir-1024x576.jpg 1024w, https:\/\/www.tgrthaber.com\/mavikadin\/wp-content\/uploads\/MasterChef-Doguhan-kimdir-768x432.jpg 768w\" sizes=\"(max-width: 1208px) 100vw, 1208px\" \/><\/p>\n<hr \/>\n<h3>MASTERCHEF DO\u011eUHAN GED\u0130K ASLEN NEREL\u0130?<\/h3>\n<p>1999 do\u011fumlu olan Do\u011fuhan Gedik, 2025 y\u0131l\u0131 itibariyle 25 ya\u015f\u0131ndad\u0131r. Do\u011fma b\u00fcy\u00fcme \u0130stanbullu olan Do\u011fuhan\u2019\u0131n ailesi Sivas k\u00f6kenlidir. E\u011fitim hayat\u0131 ilk olarak T\u00fcrkiye\u2019de yapt\u0131ktan sonra gastronomi alan\u0131nda kariyerine yurt d\u0131\u015f\u0131nda devam etti.<\/p>\n<p><img loading=\"lazy\" decoding=\"async\" class=\"alignnone wp-image-206797 size-full\" src=\"https:\/\/www.tgrthaber.com\/mavikadin\/wp-content\/uploads\/MasterChef-Doguhan-gedik-hangi-ulkelerde-calisti.jpg\" alt=\"\" width=\"1208\" height=\"680\" title=\"\" srcset=\"https:\/\/www.tgrthaber.com\/mavikadin\/wp-content\/uploads\/MasterChef-Doguhan-gedik-hangi-ulkelerde-calisti.jpg 1208w, https:\/\/www.tgrthaber.com\/mavikadin\/wp-content\/uploads\/MasterChef-Doguhan-gedik-hangi-ulkelerde-calisti-300x169.jpg 300w, https:\/\/www.tgrthaber.com\/mavikadin\/wp-content\/uploads\/MasterChef-Doguhan-gedik-hangi-ulkelerde-calisti-1024x576.jpg 1024w, https:\/\/www.tgrthaber.com\/mavikadin\/wp-content\/uploads\/MasterChef-Doguhan-gedik-hangi-ulkelerde-calisti-768x432.jpg 768w\" sizes=\"(max-width: 1208px) 100vw, 1208px\" \/><\/p>\n<hr \/>\n<h3>MASTERCHEF DO\u011eUHAN GED\u0130K A\u015e\u00c7ILIK E\u011e\u0130T\u0130M\u0130NE NEREDE BA\u015eLADI?<\/h3>\n<p>MasterChef Do\u011fuhan, \u00a0Bolu Mengen A\u015f\u00e7\u0131l\u0131k Lisesi\u2019nde e\u011fitim ald\u0131. A\u015f\u00e7\u0131l\u0131k alan\u0131nda nam\u0131 olan bir okulda ald\u0131\u011f\u0131 temel e\u011fitim ile profesyonel mutfak yolculu\u011fu h\u0131z kazand\u0131.<\/p>\n<p><img loading=\"lazy\" decoding=\"async\" class=\"alignnone wp-image-206798 size-full\" src=\"https:\/\/www.tgrthaber.com\/mavikadin\/wp-content\/uploads\/MasterChef-Doguhan-gedik-ascilik-kariyeri.jpg\" alt=\"\" width=\"1208\" height=\"680\" title=\"\" srcset=\"https:\/\/www.tgrthaber.com\/mavikadin\/wp-content\/uploads\/MasterChef-Doguhan-gedik-ascilik-kariyeri.jpg 1208w, https:\/\/www.tgrthaber.com\/mavikadin\/wp-content\/uploads\/MasterChef-Doguhan-gedik-ascilik-kariyeri-300x169.jpg 300w, https:\/\/www.tgrthaber.com\/mavikadin\/wp-content\/uploads\/MasterChef-Doguhan-gedik-ascilik-kariyeri-1024x576.jpg 1024w, https:\/\/www.tgrthaber.com\/mavikadin\/wp-content\/uploads\/MasterChef-Doguhan-gedik-ascilik-kariyeri-768x432.jpg 768w\" sizes=\"(max-width: 1208px) 100vw, 1208px\" \/><\/p>\n<hr \/>\n<h3>MASTERCHEF DO\u011eUHAN GED\u0130K ULUSLARARASI KAR\u0130YER\u0130<\/h3>\n<p>MasterChef Do\u011fuhan\u2019\u0131n hangi \u00fclkelerde \u00e7al\u0131\u015ft\u0131? sorusu ise \u00e7ok merak ediliyor. Gen\u00e7 a\u015f\u00e7\u0131, \u00fcniversiteden mezun olduktan sonra \u0130stanbul\u2019daki l\u00fcks otellerde bir s\u00fcre staj yaparak \u00e7al\u0131\u015ft\u0131. Uluslararas\u0131 mutfak alan\u0131na a\u00e7\u0131lmaya karar veren 2025 MasterChef Do\u011fuhan, s\u0131ras\u0131yla Bulgaristan, Karada\u011f, Dubai ve Maldivler\u2019de a\u015f\u00e7\u0131l\u0131k yapmaya ba\u015flad\u0131.<\/p>\n<p><img loading=\"lazy\" decoding=\"async\" class=\"alignnone wp-image-206799 size-full\" src=\"https:\/\/www.tgrthaber.com\/mavikadin\/wp-content\/uploads\/masterchef-doguhan-gedik.jpg\" alt=\"\" width=\"1208\" height=\"680\" title=\"\" srcset=\"https:\/\/www.tgrthaber.com\/mavikadin\/wp-content\/uploads\/masterchef-doguhan-gedik.jpg 1208w, https:\/\/www.tgrthaber.com\/mavikadin\/wp-content\/uploads\/masterchef-doguhan-gedik-300x169.jpg 300w, https:\/\/www.tgrthaber.com\/mavikadin\/wp-content\/uploads\/masterchef-doguhan-gedik-1024x576.jpg 1024w, https:\/\/www.tgrthaber.com\/mavikadin\/wp-content\/uploads\/masterchef-doguhan-gedik-768x432.jpg 768w\" sizes=\"(max-width: 1208px) 100vw, 1208px\" \/><\/p>\n<hr \/>\n<h3>MASTERCHEF DO\u011eUHAN GED\u0130K YARI\u015eMAYA KATILMA S\u00dcREC\u0130 NASIL GEL\u0130\u015eT\u0130?<\/h3>\n<p>Do\u011fuhan Gedik, ge\u00e7en sezon MasterChef\u2019te \u00fc\u00e7\u00fcnc\u00fc olan Semihcan Temiz ile yak\u0131n arkada\u015f oldu\u011funu program s\u0131ras\u0131nda s\u00f6ylemi\u015fti. Semihcan\u2019\u0131n \u00f6nerisi ona kar\u015f\u0131 olan deste\u011fiyle yar\u0131\u015fmaya kat\u0131labildi\u011fini dile getirdi. \u0130lk turda yapt\u0131\u011f\u0131 yemekle \u015fefleri hem \u015fa\u015f\u0131rtt\u0131lar hem de etkilediler.<\/p>\n","protected":false},"excerpt":{"rendered":"<p>Maldivlerden T\u00fcrkiye\u2019ye gelerek Masterchef 2025 yar\u0131\u015fmas\u0131na kat\u0131lan Do\u011fuhan Gedik ilk turun yedeklerine girmeye hak kazand\u0131. Yar\u0131\u015fmaya devam eden Masterchef Do\u011fuhan Gedik\u2019in hayat\u0131na dair detaylar merak konusu oldu. Peki, Do\u011fuhan Gedik kimdir ka\u00e7 ya\u015f\u0131ndad\u0131r? Hangi \u00fclkelerde \u00e7al\u0131\u015ft\u0131? A\u015f\u00e7\u0131l\u0131k mesle\u011fine nerede ba\u015flad\u0131?<\/p>\n","protected":false},"author":10,"featured_media":206800,"comment_status":"closed","ping_status":"closed","sticky":false,"template":"","format":"standard","meta":{"rank_math_lock_modified_date":false,"footnotes":""},"categories":[491],"tags":[28580,28576,28579,28578,28577,28581],"class_list":["post-206795","post","type-post","status-publish","format-standard","has-post-thumbnail","hentry","category-biyografi","tag-biyogradi","tag-masterchef-doguhan-gedik","tag-masterchef-doguhan-gedik-calistigi-yerler","tag-masterchef-doguhan-gedik-kariyeri","tag-masterchef-doguhan-gedik-kimdir","tag-masterchef-doguhan-gedik-yedek"],"_links":{"self":[{"href":"https:\/\/www.tgrthaber.com\/mavikadin\/wp-json\/wp\/v2\/posts\/206795"}],"collection":[{"href":"https:\/\/www.tgrthaber.com\/mavikadin\/wp-json\/wp\/v2\/posts"}],"about":[{"href":"https:\/\/www.tgrthaber.com\/mavikadin\/wp-json\/wp\/v2\/types\/post"}],"author":[{"embeddable":true,"href":"https:\/\/www.tgrthaber.com\/mavikadin\/wp-json\/wp\/v2\/users\/10"}],"replies":[{"embeddable":true,"href":"https:\/\/www.tgrthaber.com\/mavikadin\/wp-json\/wp\/v2\/comments?post=206795"}],"version-history":[{"count":1,"href":"https:\/\/www.tgrthaber.com\/mavikadin\/wp-json\/wp\/v2\/posts\/206795\/revisions"}],"predecessor-version":[{"id":206801,"href":"https:\/\/www.tgrthaber.com\/mavikadin\/wp-json\/wp\/v2\/posts\/206795\/revisions\/206801"}],"wp:featuredmedia":[{"embeddable":true,"href":"https:\/\/www.tgrthaber.com\/mavikadin\/wp-json\/wp\/v2\/media\/206800"}],"wp:attachment":[{"href":"https:\/\/www.tgrthaber.com\/mavikadin\/wp-json\/wp\/v2\/media?parent=206795"}],"wp:term":[{"taxonomy":"category","embeddable":true,"href":"https:\/\/www.tgrthaber.com\/mavikadin\/wp-json\/wp\/v2\/categories?post=206795"},{"taxonomy":"post_tag","embeddable":true,"href":"https:\/\/www.tgrthaber.com\/mavikadin\/wp-json\/wp\/v2\/tags?post=206795"}],"curies":[{"name":"wp","href":"https:\/\/api.w.org\/{rel}","templated":true}]}}