{"id":206802,"date":"2025-07-18T09:07:30","date_gmt":"2025-07-18T06:07:30","guid":{"rendered":"https:\/\/www.tgrthaber.com\/mavikadin\/?p=206802"},"modified":"2025-07-18T09:11:07","modified_gmt":"2025-07-18T06:11:07","slug":"cift-kisilik-oda-dizisi-neden-yayinlanmadi-cift-kisilik-oda-7-bolum-final-ne-zaman-yayinlanacak","status":"publish","type":"post","link":"https:\/\/www.tgrthaber.com\/mavikadin\/cift-kisilik-oda-dizisi-neden-yayinlanmadi-cift-kisilik-oda-7-bolum-final-ne-zaman-yayinlanacak\/","title":{"rendered":"\u00c7ift Ki\u015filik Oda dizisi neden yay\u0131nlanmad\u0131? \u00c7ift Ki\u015filik Oda 7. b\u00f6l\u00fcm final ne zaman yay\u0131nlanacak?"},"content":{"rendered":"<p>\u00c7ift Ki\u015filik Oda dizisi neden yay\u0131nlanmad\u0131? merak ediliyor. Yay\u0131n hayat\u0131na yaz sezonunda ba\u015flayan dizi ekranlara veda edecek.<\/p>\n<h3>\u00c7\u0130FT K\u0130\u015e\u0130L\u0130K ODA D\u0130Z\u0130S\u0130 NEDEN YAYINLANMADI?<\/h3>\n<p>K\u0131sa s\u00fcrede dikkat \u00e7eken \u00c7ift Ki\u015filik Oda dizisi her ne kadar seveni olsa da ekranlara veda etme karar\u0131 ald\u0131\u011f\u0131n\u0131 duyurdu. Dizinin yeni b\u00f6l\u00fcm\u00fcn\u00fc bekleyen izleyiciler haftalard\u0131r kar\u015f\u0131s\u0131nda tekrar b\u00f6l\u00fcmleri g\u00f6r\u00fcyor.<\/p>\n<p><img loading=\"lazy\" decoding=\"async\" class=\"alignnone size-full wp-image-206803\" src=\"https:\/\/www.tgrthaber.com\/mavikadin\/wp-content\/uploads\/Cift-Kisilik-Oda-1-5.png\" alt=\"\" width=\"1208\" height=\"680\" title=\"\" srcset=\"https:\/\/www.tgrthaber.com\/mavikadin\/wp-content\/uploads\/Cift-Kisilik-Oda-1-5.png 1208w, https:\/\/www.tgrthaber.com\/mavikadin\/wp-content\/uploads\/Cift-Kisilik-Oda-1-5-300x169.png 300w, https:\/\/www.tgrthaber.com\/mavikadin\/wp-content\/uploads\/Cift-Kisilik-Oda-1-5-1024x576.png 1024w, https:\/\/www.tgrthaber.com\/mavikadin\/wp-content\/uploads\/Cift-Kisilik-Oda-1-5-768x432.png 768w\" sizes=\"(max-width: 1208px) 100vw, 1208px\" \/><\/p>\n<hr \/>\n<h3>\u00c7\u0130FT K\u0130\u015e\u0130L\u0130K ODA 7. B\u00d6L\u00dcM F\u0130NAL NE ZAMAN YAYINLANACAK?<\/h3>\n<p>NOW TV Ekranlar\u0131nda yay\u0131nlanan \u00c7ift Ki\u015filik Oda dizisi \u00f6zellikle gen\u00e7 izleyici kitlesi taraf\u0131ndan takip ediliyor. \u00c7ift Ki\u015filik Oda 7. b\u00f6l\u00fcm 24 Temmuz&#8217;da Now&#8217;da yay\u0131nlanmas\u0131 planlan\u0131yor.<\/p>\n<p>Kanal ve yap\u0131m ekibin a\u00e7\u0131klamas\u0131na g\u00f6re dizinin planlanan b\u00f6l\u00fcm say\u0131s\u0131na gelmeden erken final yapaca\u011f\u0131 a\u00e7\u0131klanm\u0131\u015ft\u0131. Bu karar ise sadece reyting de\u011fil ayn\u0131 zamanda reklam gelirlerinin d\u00fc\u015f\u00fckl\u00fc\u011f\u00fcnden kaynakland\u0131. Diziye yat\u0131r\u0131m yapan kanal, yeni projelere yer a\u00e7mak i\u00e7in yay\u0131n takvimini yeniden d\u00fczenledi.<\/p>\n<p><img loading=\"lazy\" decoding=\"async\" class=\"alignnone size-full wp-image-206804\" src=\"https:\/\/www.tgrthaber.com\/mavikadin\/wp-content\/uploads\/Cift-Kisilik-Oda-2-4.png\" alt=\"\" width=\"1208\" height=\"680\" title=\"\" srcset=\"https:\/\/www.tgrthaber.com\/mavikadin\/wp-content\/uploads\/Cift-Kisilik-Oda-2-4.png 1208w, https:\/\/www.tgrthaber.com\/mavikadin\/wp-content\/uploads\/Cift-Kisilik-Oda-2-4-300x169.png 300w, https:\/\/www.tgrthaber.com\/mavikadin\/wp-content\/uploads\/Cift-Kisilik-Oda-2-4-1024x576.png 1024w, https:\/\/www.tgrthaber.com\/mavikadin\/wp-content\/uploads\/Cift-Kisilik-Oda-2-4-768x432.png 768w\" sizes=\"(max-width: 1208px) 100vw, 1208px\" \/><\/p>\n<hr \/>\n<h3>\u00c7\u0130FT K\u0130\u015e\u0130L\u0130K ODA 7. B\u00d6L\u00dcMDE NELER OLACAK?<\/h3>\n<p>\u00c7ift Ki\u015filik Oda dizisinin 7. B\u00f6l\u00fcm\u00fcnde Kaan Sevil\u2019i otelden g\u00f6ndermeyi ba\u015fard\u0131. Nil\u00fcfer ise Kaan\u2019\u0131n da onu kendi plan\u0131 dahilinde kulland\u0131\u011f\u0131n\u0131 d\u00fc\u015f\u00fcnmeye ba\u015flad\u0131.<\/p>\n<p>Kaan Nil\u00fcfer\u2019in kendisi hakk\u0131ndaki d\u00fc\u015f\u00fcncelerinin de\u011fi\u015fmesini ister. Nil\u00fcfer ise bir an \u00f6nce otelde m\u00fc\u015fteri temsilcisi olup Kaan\u2019dan uzakla\u015fmaya \u00e7al\u0131\u015f\u0131r. \u0130kilinin beraber haz\u0131rlad\u0131klar\u0131 etkinlik onlar\u0131 birbirine iyice yakla\u015ft\u0131r\u0131r. Kaan k\u0131skan\u00e7l\u0131k krizine girer.<\/p>\n<p><img loading=\"lazy\" decoding=\"async\" class=\"alignnone size-full wp-image-206805\" src=\"https:\/\/www.tgrthaber.com\/mavikadin\/wp-content\/uploads\/Cift-Kisilik-Oda-3-2.png\" alt=\"\" width=\"1208\" height=\"680\" title=\"\" srcset=\"https:\/\/www.tgrthaber.com\/mavikadin\/wp-content\/uploads\/Cift-Kisilik-Oda-3-2.png 1208w, https:\/\/www.tgrthaber.com\/mavikadin\/wp-content\/uploads\/Cift-Kisilik-Oda-3-2-300x169.png 300w, https:\/\/www.tgrthaber.com\/mavikadin\/wp-content\/uploads\/Cift-Kisilik-Oda-3-2-1024x576.png 1024w, https:\/\/www.tgrthaber.com\/mavikadin\/wp-content\/uploads\/Cift-Kisilik-Oda-3-2-768x432.png 768w\" sizes=\"(max-width: 1208px) 100vw, 1208px\" \/><\/p>\n<hr \/>\n<h3>\u00c7\u0130FT K\u0130\u015e\u0130L\u0130K ODA OYUNCU KADROSU<\/h3>\n<p>Kaan Tunca (Ula\u015f Tuna Astepe)<\/p>\n<p>Nil\u00fcfer Y\u00fccel (Devrim \u00d6zkan)<\/p>\n<p>Sevil Tunca (G\u00f6zde Seda Altuner)<\/p>\n<p>Beg\u00fcm \u00c7\u0131tak (Seren \u015eirince)<\/p>\n<p>\u00c7etin Tunca (Levent \u00dclgen)<\/p>\n<p>Ferit Ural (Serkan T\u0131nmaz)<\/p>\n<p><img loading=\"lazy\" decoding=\"async\" class=\"alignnone size-full wp-image-206807\" src=\"https:\/\/www.tgrthaber.com\/mavikadin\/wp-content\/uploads\/Cift-Kisilik-Oda-5-4.png\" alt=\"\" width=\"1208\" height=\"680\" title=\"\" srcset=\"https:\/\/www.tgrthaber.com\/mavikadin\/wp-content\/uploads\/Cift-Kisilik-Oda-5-4.png 1208w, https:\/\/www.tgrthaber.com\/mavikadin\/wp-content\/uploads\/Cift-Kisilik-Oda-5-4-300x169.png 300w, https:\/\/www.tgrthaber.com\/mavikadin\/wp-content\/uploads\/Cift-Kisilik-Oda-5-4-1024x576.png 1024w, https:\/\/www.tgrthaber.com\/mavikadin\/wp-content\/uploads\/Cift-Kisilik-Oda-5-4-768x432.png 768w\" sizes=\"(max-width: 1208px) 100vw, 1208px\" \/><\/p>\n<hr \/>\n<p>Gamze Parlak (G\u00f6zde T\u00fcrker G\u00fcler)<\/p>\n<p>Ahu Atakan (Eslem Akar)<\/p>\n<p>Nihat G\u00fcn (Bur\u00e7 K\u00fcmbetlio\u011flu)<\/p>\n<p>Kamil \u015eendul (Onur B\u00fcy\u00fcktop\u00e7u)<\/p>\n<p>M\u00fcnevver Tok (Ay\u015fe Tunaboylu)<\/p>\n<p>Melike Birkan (Hivda Zizan Alp)<\/p>\n<p>Baha \u0130nan (G\u00f6kay M\u00fcft\u00fco\u011flu)<\/p>\n<p>C\u00fcneyt Parlak (Sel\u00e7uk Borak)<\/p>\n<p>Oya Ek\u015fi (Eda G\u00fcrkaynak)<\/p>\n","protected":false},"excerpt":{"rendered":"<p>\u00c7ift Ki\u015filik Oda dizisi neden yay\u0131nlanmad\u0131? dizinin takip\u00e7ileri taraf\u0131ndan merak ediliyor. 7. B\u00f6l\u00fcm\u00fcyle final yapmas\u0131 beklenen dizinin ak\u0131beti ara\u015ft\u0131r\u0131lmaya ba\u015fland\u0131.<\/p>\n","protected":false},"author":5,"featured_media":206806,"comment_status":"closed","ping_status":"closed","sticky":false,"template":"","format":"standard","meta":{"rank_math_lock_modified_date":false,"footnotes":""},"categories":[602],"tags":[10275,159,3602,3178],"class_list":["post-206802","post","type-post","status-publish","format-standard","has-post-thumbnail","hentry","category-diziler","tag-cift-kisilik-oda","tag-devrim-ozkan","tag-diziler","tag-ulas-tuna-astepe"],"_links":{"self":[{"href":"https:\/\/www.tgrthaber.com\/mavikadin\/wp-json\/wp\/v2\/posts\/206802"}],"collection":[{"href":"https:\/\/www.tgrthaber.com\/mavikadin\/wp-json\/wp\/v2\/posts"}],"about":[{"href":"https:\/\/www.tgrthaber.com\/mavikadin\/wp-json\/wp\/v2\/types\/post"}],"author":[{"embeddable":true,"href":"https:\/\/www.tgrthaber.com\/mavikadin\/wp-json\/wp\/v2\/users\/5"}],"replies":[{"embeddable":true,"href":"https:\/\/www.tgrthaber.com\/mavikadin\/wp-json\/wp\/v2\/comments?post=206802"}],"version-history":[{"count":1,"href":"https:\/\/www.tgrthaber.com\/mavikadin\/wp-json\/wp\/v2\/posts\/206802\/revisions"}],"predecessor-version":[{"id":206808,"href":"https:\/\/www.tgrthaber.com\/mavikadin\/wp-json\/wp\/v2\/posts\/206802\/revisions\/206808"}],"wp:featuredmedia":[{"embeddable":true,"href":"https:\/\/www.tgrthaber.com\/mavikadin\/wp-json\/wp\/v2\/media\/206806"}],"wp:attachment":[{"href":"https:\/\/www.tgrthaber.com\/mavikadin\/wp-json\/wp\/v2\/media?parent=206802"}],"wp:term":[{"taxonomy":"category","embeddable":true,"href":"https:\/\/www.tgrthaber.com\/mavikadin\/wp-json\/wp\/v2\/categories?post=206802"},{"taxonomy":"post_tag","embeddable":true,"href":"https:\/\/www.tgrthaber.com\/mavikadin\/wp-json\/wp\/v2\/tags?post=206802"}],"curies":[{"name":"wp","href":"https:\/\/api.w.org\/{rel}","templated":true}]}}