{"id":206809,"date":"2025-07-18T10:03:56","date_gmt":"2025-07-18T07:03:56","guid":{"rendered":"https:\/\/www.tgrthaber.com\/mavikadin\/?p=206809"},"modified":"2025-07-18T10:03:56","modified_gmt":"2025-07-18T07:03:56","slug":"mehmet-ali-tuncer-cenazesi-ne-zaman-mehmet-ali-tuncer-cenaze-programi-belli-oldu-mu","status":"publish","type":"post","link":"https:\/\/www.tgrthaber.com\/mavikadin\/mehmet-ali-tuncer-cenazesi-ne-zaman-mehmet-ali-tuncer-cenaze-programi-belli-oldu-mu\/","title":{"rendered":"Mehmet Ali Tuncer cenazesi ne zaman? Mehmet Ali Tuncer cenaze program\u0131 belli oldu mu?"},"content":{"rendered":"<p>T\u00fcrk tiyatrosu ve televizyonunun sevilen y\u00fczlerinden Mehmet Ali Tuncer, ani kalp krizi sonucu hayata veda etti. Sanat d\u00fcnyas\u0131nda derin bir \u00fcz\u00fcnt\u00fcye yol a\u00e7an bu kay\u0131p, sevenleri ve meslekta\u015flar\u0131 taraf\u0131ndan b\u00fcy\u00fck bir h\u00fcz\u00fcnle kar\u015f\u0131land\u0131. Usta oyuncunun cenaze program\u0131 da netle\u015fti; sanat\u00e7\u0131y\u0131 son yolculu\u011funa u\u011furlamak isteyenler i\u00e7in detaylar belli oldu. \u0130\u015fte cenaze program\u0131na dair bilgiler..<\/p>\n<h3>MEHMET AL\u0130 TUNCER CENAZES\u0130 NE ZAMAN?<\/h3>\n<p>Dizi ve tiyatro d\u00fcnyas\u0131nda iz b\u0131rakan isimlerden Mehmet Ali Tuncer, 17 Temmuz 2025 Per\u015fembe ak\u015fam\u0131 ge\u00e7irdi\u011fi ani kalp krizi sonucu hayat\u0131n\u0131 kaybetti. 57 ya\u015f\u0131ndaki usta sanat\u00e7\u0131n\u0131n ani \u00f6l\u00fcm\u00fc hem sanat camias\u0131nda hem de sevenlerinin kalbinde derin bir \u00fcz\u00fcnt\u00fc b\u0131rakt\u0131.<\/p>\n<p><img loading=\"lazy\" decoding=\"async\" class=\"alignnone size-full wp-image-206829\" src=\"https:\/\/www.tgrthaber.com\/mavikadin\/wp-content\/uploads\/4-1264.png\" alt=\"\" width=\"1208\" height=\"680\" title=\"\" srcset=\"https:\/\/www.tgrthaber.com\/mavikadin\/wp-content\/uploads\/4-1264.png 1208w, https:\/\/www.tgrthaber.com\/mavikadin\/wp-content\/uploads\/4-1264-300x169.png 300w, https:\/\/www.tgrthaber.com\/mavikadin\/wp-content\/uploads\/4-1264-1024x576.png 1024w, https:\/\/www.tgrthaber.com\/mavikadin\/wp-content\/uploads\/4-1264-768x432.png 768w\" sizes=\"(max-width: 1208px) 100vw, 1208px\" \/><\/p>\n<hr \/>\n<h3>CENAZE PROGRAMI BELL\u0130 OLDU MU?<\/h3>\n<p>Cenaze namaz\u0131, 18 Temmuz 2025 Cuma g\u00fcn\u00fc, Cuma namaz\u0131n\u0131n hemen ard\u0131ndan Beykoz Pa\u015fabah\u00e7e Merkez Camii\u2019nde k\u0131l\u0131nacak. Ard\u0131ndan Mehmet Ali Tuncer\u2019in naa\u015f\u0131, ailesi ve dostlar\u0131n\u0131n g\u00f6zya\u015flar\u0131 aras\u0131nda Akbaba Mezarl\u0131\u011f\u0131\u2019na defnedilecek.<\/p>\n<p>Cenazeye \u00e7ok say\u0131da tiyatrocu, oyuncu ve sevenlerinin kat\u0131lmas\u0131 bekleniyor. \u00d6zellikle rol arkada\u015f\u0131 Ahmet Yenilmez, duygular\u0131n\u0131 \u201cMehmet Ali Tuncer hem\u015fehrimdi. Saf, duru, tertemiz bir Anadolu m\u00fcnevveriydi\u2026\u201d s\u00f6zleriyle dile getirdi.<\/p>\n<p><img loading=\"lazy\" decoding=\"async\" class=\"alignnone size-full wp-image-206828\" src=\"https:\/\/www.tgrthaber.com\/mavikadin\/wp-content\/uploads\/3-1521.png\" alt=\"\" width=\"1208\" height=\"680\" title=\"\" srcset=\"https:\/\/www.tgrthaber.com\/mavikadin\/wp-content\/uploads\/3-1521.png 1208w, https:\/\/www.tgrthaber.com\/mavikadin\/wp-content\/uploads\/3-1521-300x169.png 300w, https:\/\/www.tgrthaber.com\/mavikadin\/wp-content\/uploads\/3-1521-1024x576.png 1024w, https:\/\/www.tgrthaber.com\/mavikadin\/wp-content\/uploads\/3-1521-768x432.png 768w\" sizes=\"(max-width: 1208px) 100vw, 1208px\" \/><\/p>\n<hr \/>\n<h3>MEHMET AL\u0130 TUNCER K\u0130MD\u0130R?<\/h3>\n<p>1968 y\u0131l\u0131nda \u0130stanbul\u2019da do\u011fan Mehmet Ali Tuncer, sanat hayat\u0131na 1985 y\u0131l\u0131nda tiyatro ile ad\u0131m att\u0131. Tiyatro sahnelerinde ba\u015flayan yolculu\u011fu, zamanla televizyon dizilerine ve sinema projelerine uzand\u0131.<\/p>\n<p>Tuncer, \u00f6zellikle 90\u2019l\u0131 y\u0131llar\u0131n unutulmaz yap\u0131mlar\u0131nda yer alarak ad\u0131n\u0131 geni\u015f kitlelere duyurdu.<\/p>\n<p>Rol ald\u0131\u011f\u0131 baz\u0131 dikkat \u00e7eken yap\u0131mlar \u015funlard\u0131:<\/p>\n<p>Deli Y\u00fcrek<\/p>\n<p>B\u00f6yle mi Olacakt\u0131<\/p>\n<p>\u00c7arli \u0130\u015f Ba\u015f\u0131nda<\/p>\n<p>A\u015fk\u0131n Yolculu\u011fu: Yunus Emre<\/p>\n<p>Yeditepe \u0130stanbul<\/p>\n<p><img loading=\"lazy\" decoding=\"async\" class=\"alignnone size-full wp-image-206826\" src=\"https:\/\/www.tgrthaber.com\/mavikadin\/wp-content\/uploads\/1-1482.png\" alt=\"\" width=\"1208\" height=\"680\" title=\"\" srcset=\"https:\/\/www.tgrthaber.com\/mavikadin\/wp-content\/uploads\/1-1482.png 1208w, https:\/\/www.tgrthaber.com\/mavikadin\/wp-content\/uploads\/1-1482-300x169.png 300w, https:\/\/www.tgrthaber.com\/mavikadin\/wp-content\/uploads\/1-1482-1024x576.png 1024w, https:\/\/www.tgrthaber.com\/mavikadin\/wp-content\/uploads\/1-1482-768x432.png 768w\" sizes=\"(max-width: 1208px) 100vw, 1208px\" \/><\/p>\n<hr \/>\n<p>Uzun s\u00fcredir kalp rahats\u0131zl\u0131\u011f\u0131 nedeniyle tedavi g\u00f6rd\u00fc\u011f\u00fc, ancak \u00f6l\u00fcm\u00fcn\u00fcn beklenmedik bir \u015fekilde geli\u015fti\u011fi belirtildi. Ac\u0131 haberi do\u011frulayan isimlerden biri olan i\u015f insan\u0131 Ekrem Tuncer, amcas\u0131 Mehmet Ali Tuncer\u2019in ne kadar sevilen ve sayg\u0131 duyulan bir insan oldu\u011funu dile getirdi.<\/p>\n<h3>SON VEDA BEYKOZ\u2019DA<\/h3>\n<p>Tuncer\u2019in cenaze t\u00f6reni 18 Temmuz Cuma g\u00fcn\u00fc, sevenlerinin yo\u011fun kat\u0131l\u0131m\u0131yla Beykoz\u2019da ger\u00e7ekle\u015ftirilecek. Pa\u015fabah\u00e7e Merkez Camii\u2019nde k\u0131l\u0131nacak cenaze namaz\u0131n\u0131n ard\u0131ndan Akbaba Mezarl\u0131\u011f\u0131\u2019na defnedilecek olan sanat\u00e7\u0131, do\u011fup b\u00fcy\u00fcd\u00fc\u011f\u00fc \u015fehrin topraklar\u0131nda ebedi istirahatine u\u011furlanacak.<\/p>\n","protected":false},"excerpt":{"rendered":"<p>Usta oyuncu Mehmet Ali Tuncer, kalp krizi sonucu hayat\u0131n\u0131 kaybetti. Sevenlerini \u00fcz\u00fcnt\u00fcye bo\u011fan ac\u0131 haberin ard\u0131ndan cenaze program\u0131 da a\u00e7\u0131kland\u0131.<\/p>\n","protected":false},"author":28,"featured_media":206827,"comment_status":"closed","ping_status":"closed","sticky":false,"template":"","format":"standard","meta":{"rank_math_lock_modified_date":true,"footnotes":""},"categories":[76],"tags":[2218,28536,28586,28531,28587],"class_list":["post-206809","post","type-post","status-publish","format-standard","has-post-thumbnail","hentry","category-magazin","tag-magazin-haberleri","tag-mehmet-ali-tuncer","tag-mehmet-ali-tuncer-cenazesi","tag-mehmet-ali-tuncer-kimdir","tag-mehmet-ali-tuncer-oldu-mu"],"_links":{"self":[{"href":"https:\/\/www.tgrthaber.com\/mavikadin\/wp-json\/wp\/v2\/posts\/206809"}],"collection":[{"href":"https:\/\/www.tgrthaber.com\/mavikadin\/wp-json\/wp\/v2\/posts"}],"about":[{"href":"https:\/\/www.tgrthaber.com\/mavikadin\/wp-json\/wp\/v2\/types\/post"}],"author":[{"embeddable":true,"href":"https:\/\/www.tgrthaber.com\/mavikadin\/wp-json\/wp\/v2\/users\/28"}],"replies":[{"embeddable":true,"href":"https:\/\/www.tgrthaber.com\/mavikadin\/wp-json\/wp\/v2\/comments?post=206809"}],"version-history":[{"count":2,"href":"https:\/\/www.tgrthaber.com\/mavikadin\/wp-json\/wp\/v2\/posts\/206809\/revisions"}],"predecessor-version":[{"id":206831,"href":"https:\/\/www.tgrthaber.com\/mavikadin\/wp-json\/wp\/v2\/posts\/206809\/revisions\/206831"}],"wp:featuredmedia":[{"embeddable":true,"href":"https:\/\/www.tgrthaber.com\/mavikadin\/wp-json\/wp\/v2\/media\/206827"}],"wp:attachment":[{"href":"https:\/\/www.tgrthaber.com\/mavikadin\/wp-json\/wp\/v2\/media?parent=206809"}],"wp:term":[{"taxonomy":"category","embeddable":true,"href":"https:\/\/www.tgrthaber.com\/mavikadin\/wp-json\/wp\/v2\/categories?post=206809"},{"taxonomy":"post_tag","embeddable":true,"href":"https:\/\/www.tgrthaber.com\/mavikadin\/wp-json\/wp\/v2\/tags?post=206809"}],"curies":[{"name":"wp","href":"https:\/\/api.w.org\/{rel}","templated":true}]}}