{"id":206810,"date":"2025-07-18T09:47:46","date_gmt":"2025-07-18T06:47:46","guid":{"rendered":"https:\/\/www.tgrthaber.com\/mavikadin\/?p=206810"},"modified":"2025-09-19T16:17:44","modified_gmt":"2025-09-19T13:17:44","slug":"riza-tamer-benden-sonra-sarkisinin-hikayesini-anlatti-sahnede-eski-ese-gonderme-yapti","status":"publish","type":"post","link":"https:\/\/www.tgrthaber.com\/mavikadin\/riza-tamer-benden-sonra-sarkisinin-hikayesini-anlatti-sahnede-eski-ese-gonderme-yapti\/","title":{"rendered":"R\u0131za Tamer Benden Sonra \u015fark\u0131s\u0131n\u0131n hikayesini anlatt\u0131! Sahnede eski e\u015fe g\u00f6nderme yapt\u0131"},"content":{"rendered":"<p>R\u0131za Tamer, \u2018Benden Sonra\u2019 \u015fark\u0131s\u0131n\u0131n hikayesini sahnede samimi bir \u015fekilde anlatt\u0131. 2004 y\u0131l\u0131nda Popstar T\u00fcrkiye&#8217;de g\u00f6sterdi\u011fi duru\u015fuyla ve Deniz Seki ile ya\u015fad\u0131\u011f\u0131 polemiklerle ad\u0131ndan s\u00f6z ettiren R\u0131za Tamer \u015fimdilerde sahne al\u0131yor.<\/p>\n<h3>RIZA TAMER BENDEN SONRA \u015eARKISININ H\u0130KAYES\u0130N\u0130 ANLATTI<\/h3>\n<p>\u2018Benden Sonra\u2019 \u015fark\u0131s\u0131ndaki Y\u0131ld\u0131z\u2019\u0131n eski e\u015fi oldu\u011funu ifade eden R\u0131za Tamer sahnedeyken a\u00e7\u0131klamada bulundu. Y\u0131ld\u0131z\u2019\u0131n eski e\u015finin teyzesi oldu\u011funu s\u00f6yleyen Tamer, Y\u0131ld\u0131z teyzenin kanserden vefat etti\u011fini belirtti. E\u015fine olan a\u015fk\u0131n\u0131 anlatmak i\u00e7in de &#8220;Y\u0131ld\u0131z yata\u011f\u0131ndan kalkar bu a\u015fk\u0131 duysa&#8221; dedi\u011fini anlatt\u0131. Tamer, bu a\u015fk\u0131 bir tek sen anlayamad\u0131n demek istedi\u011fini ekledi.<\/p>\n<div style=\"width: 576px;\" class=\"wp-video\"><!--[if lt IE 9]><script>document.createElement('video');<\/script><![endif]-->\n<video class=\"wp-video-shortcode\" id=\"video-206810-1\" width=\"576\" height=\"1024\" preload=\"metadata\" controls=\"controls\"><source type=\"video\/mp4\" src=\"https:\/\/www.tgrthaber.com\/mavikadin\/wp-content\/uploads\/Riza-Tamer-1.mp4?_=1\" \/><a href=\"https:\/\/www.tgrthaber.com\/mavikadin\/wp-content\/uploads\/Riza-Tamer-1.mp4\">https:\/\/www.tgrthaber.com\/mavikadin\/wp-content\/uploads\/Riza-Tamer-1.mp4<\/a><\/video><\/div>\n<hr \/>\n<h3>RIZA TAMER POPSTAR T\u00dcRK\u0130YE H\u0130KAYES\u0130<\/h3>\n<p>\u015eimdilerde olduk\u00e7a pop\u00fcler olan R\u0131za Tamer, 2004 y\u0131l\u0131nda Popstar T\u00fcrkiye&#8217;de g\u00f6sterdi\u011fi iddial\u0131 duru\u015fuyla dikkat \u00e7ekmi\u015fti. R\u0131za Tamer o zamanlar yar\u0131\u015fman\u0131n j\u00fcri \u00fcyesi Deniz Seki ile ya\u015fad\u0131\u011f\u0131 unutulmaz tart\u0131\u015fmas\u0131 ve \u201cBen star olurum!\u201d \u00e7\u0131k\u0131\u015f\u0131yla haf\u0131zalara kaz\u0131nm\u0131\u015ft\u0131.<\/p>\n<p>Tamer o d\u00f6nemde sadece sesiyle de\u011fil sahnedeki g\u00fczel enerjisiyle de dikkatleri \u00fczerine \u00e7ekmi\u015fti. \u2018Benden Sonra&#8217;, &#8216;Yan&#8217;, &#8216;Beyaz Pabu\u00e7lar&#8217;, &#8216;Bu kad\u0131n Hi\u00e7 A\u011flar m\u0131&#8217;, &#8216;Efendim&#8217; gibi \u015fark\u0131larla m\u00fczik kariyerine devam eden Tamer, yar\u0131\u015fmadan y\u0131llar sonra g\u00fcndeme geldi.<\/p>\n<p><img loading=\"lazy\" decoding=\"async\" class=\"alignnone size-full wp-image-206813\" src=\"https:\/\/www.tgrthaber.com\/mavikadin\/wp-content\/uploads\/Riza-Tamer-2.png\" alt=\"\" width=\"1208\" height=\"680\" title=\"\" srcset=\"https:\/\/www.tgrthaber.com\/mavikadin\/wp-content\/uploads\/Riza-Tamer-2.png 1208w, https:\/\/www.tgrthaber.com\/mavikadin\/wp-content\/uploads\/Riza-Tamer-2-300x169.png 300w, https:\/\/www.tgrthaber.com\/mavikadin\/wp-content\/uploads\/Riza-Tamer-2-1024x576.png 1024w, https:\/\/www.tgrthaber.com\/mavikadin\/wp-content\/uploads\/Riza-Tamer-2-768x432.png 768w\" sizes=\"(max-width: 1208px) 100vw, 1208px\" \/><\/p>\n<hr \/>\n<p>Popstar T\u00fcrkiye yar\u0131\u015fmas\u0131n\u0131n ikinci sezonunda 3. L\u00fck kazanan R\u0131za Tamer, 2020\u2019li y\u0131llarda ise \u201cBenden Sonra\u201d \u015fark\u0131s\u0131yla yeniden g\u00fcndeme geldi.<\/p>\n<p>Aslen Kahramanmara\u015fl\u0131 olan Tamer\u2019in 30\u2019lu ya\u015flar\u0131n sonunda oldu\u011fu biliniyor. 3 sene \u00f6nce bo\u015fand\u0131\u011f\u0131 bilinen R\u0131za Tamer, hayat\u0131n\u0131n de\u011fi\u015fti\u011fini ifade ederek &#8216;Ben vazge\u00e7mi\u015ftim. Betona oturup \u015fark\u0131lar\u0131m\u0131 s\u00f6yl\u00fcyordum. Ben 3 sene \u00f6nce bo\u015fand\u0131m. Bo\u015fand\u0131ktan sonra da sokaklara d\u00fc\u015ft\u00fcm bir a\u015fk ac\u0131s\u0131yla&#8217; \u015feklinde konu\u015fmu\u015ftu.<\/p>\n<p><img loading=\"lazy\" decoding=\"async\" class=\"alignnone size-full wp-image-206815\" src=\"https:\/\/www.tgrthaber.com\/mavikadin\/wp-content\/uploads\/Riza-Tamer-4.png\" alt=\"\" width=\"1208\" height=\"680\" title=\"\" srcset=\"https:\/\/www.tgrthaber.com\/mavikadin\/wp-content\/uploads\/Riza-Tamer-4.png 1208w, https:\/\/www.tgrthaber.com\/mavikadin\/wp-content\/uploads\/Riza-Tamer-4-300x169.png 300w, https:\/\/www.tgrthaber.com\/mavikadin\/wp-content\/uploads\/Riza-Tamer-4-1024x576.png 1024w, https:\/\/www.tgrthaber.com\/mavikadin\/wp-content\/uploads\/Riza-Tamer-4-768x432.png 768w\" sizes=\"(max-width: 1208px) 100vw, 1208px\" \/><\/p>\n<hr \/>\n<h3>&#8220;HALK BEN\u0130 BETONDAN KALDIRDI&#8221;<\/h3>\n<p>Bo\u015fand\u0131ktan sonra 3 sene boyunca sokaklarda ya\u015fad\u0131\u011f\u0131n\u0131 geceleri betonlarda ve camilerde ge\u00e7irdi\u011fini ifade eden Tamer,\u00a0&#8220;Halk beni betondan kald\u0131rd\u0131. Onlara her zaman bir borcum var. Rabbim, onlara olan borcumu \u00f6demeyi nasip etsin\u201d diyerek kendisine sahip \u00e7\u0131kan halka te\u015fekk\u00fcr etmi\u015fti.<\/p>\n","protected":false},"excerpt":{"rendered":"<p>R\u0131za Tamer \u2018Benden Sonra\u2019 \u015fark\u0131s\u0131n\u0131n hikayesini anlatt\u0131. Sahnede eski e\u015fine g\u00f6nderme yapan R\u0131za Tamer &#8220;Y\u0131ld\u0131z yata\u011f\u0131ndan kalkar bu a\u015fk\u0131 duysa&#8221; m\u0131sras\u0131ndaki \u2018Y\u0131ld\u0131z\u2019\u0131n kim oldu\u011funu a\u00e7\u0131klad\u0131.<\/p>\n","protected":false},"author":5,"featured_media":206816,"comment_status":"closed","ping_status":"closed","sticky":false,"template":"","format":"standard","meta":{"rank_math_lock_modified_date":false,"footnotes":""},"categories":[76],"tags":[133,14754,15890,28582],"class_list":["post-206810","post","type-post","status-publish","format-standard","has-post-thumbnail","hentry","category-magazin","tag-magazin","tag-riza-tamer","tag-riza-tamer-benden-sonra","tag-riza-tamer-eski-es"],"_links":{"self":[{"href":"https:\/\/www.tgrthaber.com\/mavikadin\/wp-json\/wp\/v2\/posts\/206810"}],"collection":[{"href":"https:\/\/www.tgrthaber.com\/mavikadin\/wp-json\/wp\/v2\/posts"}],"about":[{"href":"https:\/\/www.tgrthaber.com\/mavikadin\/wp-json\/wp\/v2\/types\/post"}],"author":[{"embeddable":true,"href":"https:\/\/www.tgrthaber.com\/mavikadin\/wp-json\/wp\/v2\/users\/5"}],"replies":[{"embeddable":true,"href":"https:\/\/www.tgrthaber.com\/mavikadin\/wp-json\/wp\/v2\/comments?post=206810"}],"version-history":[{"count":3,"href":"https:\/\/www.tgrthaber.com\/mavikadin\/wp-json\/wp\/v2\/posts\/206810\/revisions"}],"predecessor-version":[{"id":206820,"href":"https:\/\/www.tgrthaber.com\/mavikadin\/wp-json\/wp\/v2\/posts\/206810\/revisions\/206820"}],"wp:featuredmedia":[{"embeddable":true,"href":"https:\/\/www.tgrthaber.com\/mavikadin\/wp-json\/wp\/v2\/media\/206816"}],"wp:attachment":[{"href":"https:\/\/www.tgrthaber.com\/mavikadin\/wp-json\/wp\/v2\/media?parent=206810"}],"wp:term":[{"taxonomy":"category","embeddable":true,"href":"https:\/\/www.tgrthaber.com\/mavikadin\/wp-json\/wp\/v2\/categories?post=206810"},{"taxonomy":"post_tag","embeddable":true,"href":"https:\/\/www.tgrthaber.com\/mavikadin\/wp-json\/wp\/v2\/tags?post=206810"}],"curies":[{"name":"wp","href":"https:\/\/api.w.org\/{rel}","templated":true}]}}