{"id":206845,"date":"2025-07-18T10:53:23","date_gmt":"2025-07-18T07:53:23","guid":{"rendered":"https:\/\/www.tgrthaber.com\/mavikadin\/?p=206845"},"modified":"2025-07-18T10:53:23","modified_gmt":"2025-07-18T07:53:23","slug":"elif-kures-kimdir-masterchef-elif-kures-kac-yasinda-ve-nereli","status":"publish","type":"post","link":"https:\/\/www.tgrthaber.com\/mavikadin\/elif-kures-kimdir-masterchef-elif-kures-kac-yasinda-ve-nereli\/","title":{"rendered":"Elif Kure\u015f kimdir? MasterChef Elif Kure\u015f ka\u00e7 ya\u015f\u0131nda ve nereli?"},"content":{"rendered":"<p>MasterChef T\u00fcrkiye 2025, yedek kadro 16 Temmuz 2025 ak\u015fam\u0131 belli oldu. Yedek kadroda yer almay\u0131 Elif, Bilal, Meryem ve Do\u011fukan ba\u015fard\u0131. Mutfakta k\u0131ran k\u0131rana m\u00fccadele s\u00fcrerken yedeklere girmeyi ba\u015faran ilk isim Elif Kure\u015f oldu. Elif Kure\u015f\u2019in kim oldu\u011fu ara\u015ft\u0131r\u0131lmaya ba\u015fland\u0131. Masterchef 2025 yedek kadroya giren Elif Kure\u015f kimdir ve ka\u00e7 ya\u015f\u0131nda? Elif Kure\u015f nereli?<\/p>\n<h3>MASTERCHEF EL\u0130F KURE\u015e K\u0130MD\u0130R?<\/h3>\n<p>MasterChef Elif Kure\u015f 2025-2026 sezonunda MasterChef\u2019in yedek listesinde yer almay\u0131 ba\u015faran bir yar\u0131\u015fmac\u0131d\u0131r.<\/p>\n<p>Yar\u0131\u015fmaya \u0130stanbul Tuzla\u2019dan kat\u0131lan Elif Kure\u015f, 37 ya\u015f\u0131ndad\u0131r. Kure\u015f\u2019in mesle\u011fi a\u015f\u00e7\u0131l\u0131kt\u0131r.<\/p>\n<p>Yar\u0131\u015fmada Elif\u2019i desteklemek \u00fczere yan\u0131nda o\u011flu, annesi ve k\u0131z karde\u015fi de yer alm\u0131\u015ft\u0131.<\/p>\n<p><img loading=\"lazy\" decoding=\"async\" class=\"size-full wp-image-206849 aligncenter\" src=\"https:\/\/www.tgrthaber.com\/mavikadin\/wp-content\/uploads\/elif-kures-kimdir-masterchef-elif-kures-kac-yasinda-ve-nereli-2.jpg\" alt=\"\" width=\"1208\" height=\"680\" title=\"\" srcset=\"https:\/\/www.tgrthaber.com\/mavikadin\/wp-content\/uploads\/elif-kures-kimdir-masterchef-elif-kures-kac-yasinda-ve-nereli-2.jpg 1208w, https:\/\/www.tgrthaber.com\/mavikadin\/wp-content\/uploads\/elif-kures-kimdir-masterchef-elif-kures-kac-yasinda-ve-nereli-2-300x169.jpg 300w, https:\/\/www.tgrthaber.com\/mavikadin\/wp-content\/uploads\/elif-kures-kimdir-masterchef-elif-kures-kac-yasinda-ve-nereli-2-1024x576.jpg 1024w, https:\/\/www.tgrthaber.com\/mavikadin\/wp-content\/uploads\/elif-kures-kimdir-masterchef-elif-kures-kac-yasinda-ve-nereli-2-768x432.jpg 768w\" sizes=\"(max-width: 1208px) 100vw, 1208px\" \/><\/p>\n<hr \/>\n<p>Eleme turuna hamburgerle kat\u0131lan Elif \u201cYemek yapmak en b\u00fcy\u00fck tutkum. MasterChef benim hayal sahnem. Bug\u00fcn buraya en \u00e7ok sevilen tarifimle gelmek istedim. Bir sene boyunca yapt\u0131\u011f\u0131m tarifin ekme\u011fini \u00e7ok yedim. Hamburgerime g\u00fcveniyorum.&#8221; S\u00f6zleriyle yar\u0131\u015fmaya damga vurmu\u015ftu.<\/p>\n<p>Elif Kure\u015f, haz\u0131rlad\u0131\u011f\u0131 hamburger ile Danilo ve Somer \u015eef&#8217;ten evet almay\u0131 ba\u015far\u0131rken, Mehmet \u015eef\u2019ten ge\u00e7er not alamam\u0131\u015ft\u0131.<\/p>\n<p>Elif Kure\u015f yedek kadroya girebilmek i\u00e7in ise 2 etaptan olu\u015fan bir oyunda yar\u0131\u015ft\u0131. MasterChef 2025\u2019te rakiplerini eleyip yedeklere girmeyi ba\u015faran ilk isim oldu.<\/p>\n<p><img loading=\"lazy\" decoding=\"async\" class=\"size-full wp-image-206850 aligncenter\" src=\"https:\/\/www.tgrthaber.com\/mavikadin\/wp-content\/uploads\/elif-kures-kimdir-masterchef-elif-kures-kac-yasinda-ve-nereli-3.jpg\" alt=\"\" width=\"1208\" height=\"680\" title=\"\" srcset=\"https:\/\/www.tgrthaber.com\/mavikadin\/wp-content\/uploads\/elif-kures-kimdir-masterchef-elif-kures-kac-yasinda-ve-nereli-3.jpg 1208w, https:\/\/www.tgrthaber.com\/mavikadin\/wp-content\/uploads\/elif-kures-kimdir-masterchef-elif-kures-kac-yasinda-ve-nereli-3-300x169.jpg 300w, https:\/\/www.tgrthaber.com\/mavikadin\/wp-content\/uploads\/elif-kures-kimdir-masterchef-elif-kures-kac-yasinda-ve-nereli-3-1024x576.jpg 1024w, https:\/\/www.tgrthaber.com\/mavikadin\/wp-content\/uploads\/elif-kures-kimdir-masterchef-elif-kures-kac-yasinda-ve-nereli-3-768x432.jpg 768w\" sizes=\"(max-width: 1208px) 100vw, 1208px\" \/><\/p>\n<hr \/>\n<h3>EL\u0130F KURE\u015e KA\u00c7 YA\u015eINDADIR?<\/h3>\n<p>Elif Kure\u015f 37 ya\u015f\u0131ndad\u0131r.<\/p>\n<h3>EL\u0130F KURE\u015e NEREL\u0130?<\/h3>\n<p>Elif Kure\u015f Trabzonlu&#8217;dur. Yar\u0131\u015fmaya \u0130stanbul Tuzla&#8217;dan kat\u0131lmaktad\u0131r.<\/p>\n<p><img loading=\"lazy\" decoding=\"async\" class=\"size-full wp-image-206851 aligncenter\" src=\"https:\/\/www.tgrthaber.com\/mavikadin\/wp-content\/uploads\/elif-kures-kimdir-masterchef-elif-kures-kac-yasinda-ve-nereli-4.jpg\" alt=\"\" width=\"1208\" height=\"680\" title=\"\" srcset=\"https:\/\/www.tgrthaber.com\/mavikadin\/wp-content\/uploads\/elif-kures-kimdir-masterchef-elif-kures-kac-yasinda-ve-nereli-4.jpg 1208w, https:\/\/www.tgrthaber.com\/mavikadin\/wp-content\/uploads\/elif-kures-kimdir-masterchef-elif-kures-kac-yasinda-ve-nereli-4-300x169.jpg 300w, https:\/\/www.tgrthaber.com\/mavikadin\/wp-content\/uploads\/elif-kures-kimdir-masterchef-elif-kures-kac-yasinda-ve-nereli-4-1024x576.jpg 1024w, https:\/\/www.tgrthaber.com\/mavikadin\/wp-content\/uploads\/elif-kures-kimdir-masterchef-elif-kures-kac-yasinda-ve-nereli-4-768x432.jpg 768w\" sizes=\"(max-width: 1208px) 100vw, 1208px\" \/><\/p>\n<hr \/>\n<h3>EL\u0130F KURE\u015e MASTERCHEF 2025 YEDEKLERE G\u0130RMEY\u0130 BA\u015eARDI<\/h3>\n<p>MasterChef ana kadroya giremeyen giremeyen ilk haftan\u0131n yar\u0131\u015fmac\u0131 adaylar\u0131, 16 Temmuz 2025 \u00c7ar\u015famba yedeklerden kalabilmek i\u00e7in yar\u0131\u015ft\u0131. Yar\u0131\u015fma iki etaptan olu\u015ftu. \u015eefler ilk turda yar\u0131\u015fmac\u0131lardan \u00fcretici bir yemek haz\u0131rlamalar\u0131n\u0131 talep etti. \u0130kinci turda ise yar\u0131\u015fmac\u0131lara bal\u0131k \u00e7orbas\u0131 yapmalar\u0131 s\u00f6ylendi. Yar\u0131\u015fman\u0131n sonunda d\u00f6rt isim yedeklere kat\u0131lma hakk\u0131 kazand\u0131. Rakiplerini eleyerek yedeklere giren ilk isim Elif Kure\u015f oldu.<\/p>\n<p>MasterChef T\u00fcrkiye 2025&#8217;in ilk yedek yar\u0131\u015fmac\u0131lar\u0131 aras\u0131nda Elif\u2019in yan\u0131 s\u0131ra Bilal, Meryem ve Do\u011fukan da yer ald\u0131.<\/p>\n","protected":false},"excerpt":{"rendered":"<p>MasterChef 2025&#8217;te 16 Temmuz \u00c7ar\u015famba g\u00fcn\u00fc yay\u0131nlanan b\u00f6l\u00fcmde yedek kadronun ilk yar\u0131\u015fmac\u0131lar\u0131 belirlendi. MasterChef\u2019in yedek isimleri listesinde yer almay\u0131 ba\u015faran isimlerden biri de Elif Kure\u015f oldu. Elif Kure\u015f&#8217;in kim oldu\u011fu vatanda\u015flar taraf\u0131ndan merak edildi. Masterchef Elif Kure\u015f kimdir ve ka\u00e7 ya\u015f\u0131nda? Elif Kure\u015f nereli?<\/p>\n","protected":false},"author":30,"featured_media":206848,"comment_status":"closed","ping_status":"closed","sticky":false,"template":"","format":"standard","meta":{"rank_math_lock_modified_date":false,"footnotes":""},"categories":[491],"tags":[16521,28592,3242,28595,28594,28593,23930],"class_list":["post-206845","post","type-post","status-publish","format-standard","has-post-thumbnail","hentry","category-biyografi","tag-biyografi-haberleri","tag-elif-kures","tag-masterchef-2025","tag-masterchef-2025-yedek-kadro","tag-masterchef-elif","tag-masterchef-elif-kures","tag-masterchef-turkiye-2025"],"_links":{"self":[{"href":"https:\/\/www.tgrthaber.com\/mavikadin\/wp-json\/wp\/v2\/posts\/206845"}],"collection":[{"href":"https:\/\/www.tgrthaber.com\/mavikadin\/wp-json\/wp\/v2\/posts"}],"about":[{"href":"https:\/\/www.tgrthaber.com\/mavikadin\/wp-json\/wp\/v2\/types\/post"}],"author":[{"embeddable":true,"href":"https:\/\/www.tgrthaber.com\/mavikadin\/wp-json\/wp\/v2\/users\/30"}],"replies":[{"embeddable":true,"href":"https:\/\/www.tgrthaber.com\/mavikadin\/wp-json\/wp\/v2\/comments?post=206845"}],"version-history":[{"count":1,"href":"https:\/\/www.tgrthaber.com\/mavikadin\/wp-json\/wp\/v2\/posts\/206845\/revisions"}],"predecessor-version":[{"id":206852,"href":"https:\/\/www.tgrthaber.com\/mavikadin\/wp-json\/wp\/v2\/posts\/206845\/revisions\/206852"}],"wp:featuredmedia":[{"embeddable":true,"href":"https:\/\/www.tgrthaber.com\/mavikadin\/wp-json\/wp\/v2\/media\/206848"}],"wp:attachment":[{"href":"https:\/\/www.tgrthaber.com\/mavikadin\/wp-json\/wp\/v2\/media?parent=206845"}],"wp:term":[{"taxonomy":"category","embeddable":true,"href":"https:\/\/www.tgrthaber.com\/mavikadin\/wp-json\/wp\/v2\/categories?post=206845"},{"taxonomy":"post_tag","embeddable":true,"href":"https:\/\/www.tgrthaber.com\/mavikadin\/wp-json\/wp\/v2\/tags?post=206845"}],"curies":[{"name":"wp","href":"https:\/\/api.w.org\/{rel}","templated":true}]}}