{"id":206858,"date":"2025-07-18T11:02:04","date_gmt":"2025-07-18T08:02:04","guid":{"rendered":"https:\/\/www.tgrthaber.com\/mavikadin\/?p=206858"},"modified":"2025-07-18T11:09:21","modified_gmt":"2025-07-18T08:09:21","slug":"erkan-petekkaya-ve-ayca-bingolun-keyifli-anlari-dikkat-cekti-al-beni-baba-filmi-icin-bir-araya-geldiler","status":"publish","type":"post","link":"https:\/\/www.tgrthaber.com\/mavikadin\/erkan-petekkaya-ve-ayca-bingolun-keyifli-anlari-dikkat-cekti-al-beni-baba-filmi-icin-bir-araya-geldiler\/","title":{"rendered":"Erkan Petekkaya ve Ay\u00e7a Bing\u00f6l\u2019\u00fcn keyifli anlar\u0131 dikkat \u00e7ekti! \u2018Al Beni Baba\u2019 filmi i\u00e7in bir araya geldiler"},"content":{"rendered":"<p>Erkan Petekkaya ve Ay\u00e7a Bing\u00f6l \u2018Al Beni Baba\u2019 filmi i\u00e7in y\u0131llar sonra bir araya geldi. \u0130ki ba\u015far\u0131l\u0131 oyuncunun keyifli halleri sosyal medyada dikkat \u00e7ekti.<\/p>\n<h3>ERKAN PETEKKAYA VE AY\u00c7A B\u0130NG\u00d6L B\u0130R ARADA!<\/h3>\n<p>Erkan Petekkaya ve Ay\u00e7a Bing\u00f6l \u2018Al Beni Baba\u2019 filmi i\u00e7in y\u0131llar sonra bir araya geldi. Evli bir \u00e7ifti oynayacak \u00e7iftin keyifli halleri g\u00fcndem oldu. \u201cAl Beni Baba\u201d filmi Mustafa Uslu ve Kemalhan Bal\u00e7\u0131k ortak yap\u0131mc\u0131l\u0131\u011f\u0131nda \u00e7ekilecek.<\/p>\n<div style=\"width: 640px;\" class=\"wp-video\"><!--[if lt IE 9]><script>document.createElement('video');<\/script><![endif]-->\n<video class=\"wp-video-shortcode\" id=\"video-206858-1\" width=\"640\" height=\"1138\" preload=\"metadata\" controls=\"controls\"><source type=\"video\/mp4\" src=\"https:\/\/www.tgrthaber.com\/mavikadin\/wp-content\/uploads\/iQyk3enWQP_smV6D.mp4?_=1\" \/><a href=\"https:\/\/www.tgrthaber.com\/mavikadin\/wp-content\/uploads\/iQyk3enWQP_smV6D.mp4\">https:\/\/www.tgrthaber.com\/mavikadin\/wp-content\/uploads\/iQyk3enWQP_smV6D.mp4<\/a><\/video><\/div>\n<hr \/>\n<p>Y\u00f6netmenli\u011fini Ahmet Topuz\u2019un \u00fcstlendi\u011fi ger\u00e7ek bir dramdan ilham alan projede Ay\u00e7a Ay\u015fin Turan, Erkan Petekkaya, Ay\u00e7a Bing\u00f6l ve \u201cDark\u201d dizinden tan\u0131d\u0131\u011f\u0131m\u0131z Louis Hofmann ba\u015frolleri payla\u015facak.<\/p>\n<p>Anlat\u0131lmam\u0131\u015f bir baba-k\u0131z hik\u00e2yesini ilk kez beyazperdeye ta\u015f\u0131maya haz\u0131rlanan \u201cAl Beni Baba\u201d projesi g\u00fc\u00e7l\u00fc oyuncu kadrosuyla \u015fimdiden merak konusu oldu.\u00a0 Mustafa Uslu oyuncu e\u015fi Sinem Uslu ile birlikte senaryosunu kaleme ald\u0131\u011f\u0131 filmin \u00e7ekimleri \u00c7orum\u2019da ba\u015flayarak \u0130stanbul ve Almanya\u2019da devam edecek.<\/p>\n<p>KEM Yap\u0131m\u2019\u0131n kurucusu Kemalhan Bal\u00e7\u0131k\u2019la g\u00fc\u00e7lerini birle\u015ftiren Mustafa Uslu\u2019nun projesinde y\u0131ld\u0131z isimler bulunuyor.<\/p>\n<p><img loading=\"lazy\" decoding=\"async\" class=\"alignnone size-full wp-image-206860\" src=\"https:\/\/www.tgrthaber.com\/mavikadin\/wp-content\/uploads\/Al-Beni-Baba-2.png\" alt=\"\" width=\"1208\" height=\"680\" title=\"\" srcset=\"https:\/\/www.tgrthaber.com\/mavikadin\/wp-content\/uploads\/Al-Beni-Baba-2.png 1208w, https:\/\/www.tgrthaber.com\/mavikadin\/wp-content\/uploads\/Al-Beni-Baba-2-300x169.png 300w, https:\/\/www.tgrthaber.com\/mavikadin\/wp-content\/uploads\/Al-Beni-Baba-2-1024x576.png 1024w, https:\/\/www.tgrthaber.com\/mavikadin\/wp-content\/uploads\/Al-Beni-Baba-2-768x432.png 768w\" sizes=\"(max-width: 1208px) 100vw, 1208px\" \/><\/p>\n<hr \/>\n<h3>AL BEN\u0130 BABA OYUNCU KADROSU<\/h3>\n<p>Dramatik bir baba-k\u0131z hik\u00e2yesinin \u00f6tesinde olan Al Beni Baba filmi bir uyan\u0131\u015f\u0131n, bedel \u00f6demenin ve cesaretin filmi olmaya haz\u0131rlan\u0131yor. Ba\u015frollerinde Ay\u00e7a Ay\u015fin Turan, Erkan Petekkaya ve Ay\u00e7a Bing\u00f6l\u2019\u00fcn yer ald\u0131\u011f\u0131 filmde Asiye Din\u00e7soy, R\u00fczgar Aksoy, Murat Serezli, Mehmet \u00d6zg\u00fcr, Necmi Yap\u0131c\u0131, Mert Denizmen, Dilek \u00c7elebi, Macit Koper, Bur\u00e7 K\u00fcmbetlio\u011flu, Mehmet Esen, Bahtiyar Engin gibi bir\u00e7ok \u00f6nemli oyuncu olacak.<\/p>\n<p><img loading=\"lazy\" decoding=\"async\" class=\"alignnone size-full wp-image-206861\" src=\"https:\/\/www.tgrthaber.com\/mavikadin\/wp-content\/uploads\/Al-Beni-Baba-5.png\" alt=\"\" width=\"1208\" height=\"680\" title=\"\" srcset=\"https:\/\/www.tgrthaber.com\/mavikadin\/wp-content\/uploads\/Al-Beni-Baba-5.png 1208w, https:\/\/www.tgrthaber.com\/mavikadin\/wp-content\/uploads\/Al-Beni-Baba-5-300x169.png 300w, https:\/\/www.tgrthaber.com\/mavikadin\/wp-content\/uploads\/Al-Beni-Baba-5-1024x576.png 1024w, https:\/\/www.tgrthaber.com\/mavikadin\/wp-content\/uploads\/Al-Beni-Baba-5-768x432.png 768w\" sizes=\"(max-width: 1208px) 100vw, 1208px\" \/><\/p>\n<hr \/>\n<h3>\u201cSENARYOYU YAZARKEN G\u00d6ZYA\u015eLARIMIZI TUTAMADIK\u201d<\/h3>\n<p>Yap\u0131mc\u0131 ve senarist Mustafa Uslu; \u201cBu hik\u00e2yeyi e\u015fim Sinem Uslu ile birlikte kaleme al\u0131rken sadece bir film de\u011fil, bir feryad\u0131 anlatmak istedik. Al Beni Baba, evlad\u0131ndan vazge\u00e7meyen bir baban\u0131n karanl\u0131\u011f\u0131n i\u00e7inden umudu \u00e7ekip \u00e7\u0131karma \u00e7abas\u0131n\u0131 anlat\u0131yor. Biz yazarken g\u00f6zya\u015flar\u0131m\u0131z\u0131 tutamad\u0131k, izleyenler de tutamayacak\u201d dedi.<\/p>\n","protected":false},"excerpt":{"rendered":"<p>Erkan Petekkaya ve Ay\u00e7a Bing\u00f6l\u2019\u00fcn keyifli anlar\u0131 dikkat \u00e7ekti. Y\u0131llar sonra \u2018Al Beni Baba\u2019 filmi i\u00e7in bir araya gelen \u00fcnl\u00fc oyuncular sosyal medyada g\u00fcndem oldu.<\/p>\n","protected":false},"author":5,"featured_media":206863,"comment_status":"closed","ping_status":"closed","sticky":false,"template":"","format":"standard","meta":{"rank_math_lock_modified_date":false,"footnotes":""},"categories":[602],"tags":[28596,11619,4091,133],"class_list":["post-206858","post","type-post","status-publish","format-standard","has-post-thumbnail","hentry","category-diziler","tag-al-beni-baba","tag-ayca-bingol","tag-erkan-petekkaya","tag-magazin"],"_links":{"self":[{"href":"https:\/\/www.tgrthaber.com\/mavikadin\/wp-json\/wp\/v2\/posts\/206858"}],"collection":[{"href":"https:\/\/www.tgrthaber.com\/mavikadin\/wp-json\/wp\/v2\/posts"}],"about":[{"href":"https:\/\/www.tgrthaber.com\/mavikadin\/wp-json\/wp\/v2\/types\/post"}],"author":[{"embeddable":true,"href":"https:\/\/www.tgrthaber.com\/mavikadin\/wp-json\/wp\/v2\/users\/5"}],"replies":[{"embeddable":true,"href":"https:\/\/www.tgrthaber.com\/mavikadin\/wp-json\/wp\/v2\/comments?post=206858"}],"version-history":[{"count":2,"href":"https:\/\/www.tgrthaber.com\/mavikadin\/wp-json\/wp\/v2\/posts\/206858\/revisions"}],"predecessor-version":[{"id":206866,"href":"https:\/\/www.tgrthaber.com\/mavikadin\/wp-json\/wp\/v2\/posts\/206858\/revisions\/206866"}],"wp:featuredmedia":[{"embeddable":true,"href":"https:\/\/www.tgrthaber.com\/mavikadin\/wp-json\/wp\/v2\/media\/206863"}],"wp:attachment":[{"href":"https:\/\/www.tgrthaber.com\/mavikadin\/wp-json\/wp\/v2\/media?parent=206858"}],"wp:term":[{"taxonomy":"category","embeddable":true,"href":"https:\/\/www.tgrthaber.com\/mavikadin\/wp-json\/wp\/v2\/categories?post=206858"},{"taxonomy":"post_tag","embeddable":true,"href":"https:\/\/www.tgrthaber.com\/mavikadin\/wp-json\/wp\/v2\/tags?post=206858"}],"curies":[{"name":"wp","href":"https:\/\/api.w.org\/{rel}","templated":true}]}}