{"id":206874,"date":"2025-07-18T11:30:59","date_gmt":"2025-07-18T08:30:59","guid":{"rendered":"https:\/\/www.tgrthaber.com\/mavikadin\/?p=206874"},"modified":"2025-07-18T11:36:40","modified_gmt":"2025-07-18T08:36:40","slug":"bengu-ayrilik-sebebi-hakkinda-konustu-aciklamalari-ters-kose-yaptirdi","status":"publish","type":"post","link":"https:\/\/www.tgrthaber.com\/mavikadin\/bengu-ayrilik-sebebi-hakkinda-konustu-aciklamalari-ters-kose-yaptirdi\/","title":{"rendered":"Beng\u00fc ayr\u0131l\u0131k sebebi hakk\u0131nda konu\u015ftu! A\u00e7\u0131klamalar\u0131 ters k\u00f6\u015fe yapt\u0131rd\u0131"},"content":{"rendered":"<p>\u015eark\u0131c\u0131 Beng\u00fc son zamanlarda ge\u00e7ti\u011fimiz sene bitirdi\u011fi evlili\u011fiyle yeniden g\u00fcndem oldu. A\u00e7\u0131klamalar\u0131yla dikkat \u00e7eken \u00fcnl\u00fc isim ilk defa bu kadar a\u00e7\u0131k konu\u015ftu.<\/p>\n<h3>BENG\u00dc AYRILIK SEBEB\u0130 HAKKINDA KONU\u015eTU<\/h3>\n<p>\u015eark\u0131c\u0131 Beng\u00fc ge\u00e7en sene 6 senelik evlili\u011fini bitirmi\u015fti. \u00dcnl\u00fc isim biten evlili\u011fi hakk\u0131nda ilk defa bu kadar samimi a\u00e7\u0131klamalara imza att\u0131. Beng\u00fc, \u201cSeverek evlendik ve iki d\u00fcnya g\u00fczeli evlat nasip oldu. Ancak evlilik bazen kar\u015f\u0131l\u0131kl\u0131 beklentiler ve fikir ayr\u0131l\u0131klar\u0131 sebebiyle s\u00fcrd\u00fcr\u00fclemeyebilir. \u0130ki taraf da \u00e7ok \u00e7abalad\u0131 ama zamanla zarar g\u00f6rmeye ba\u015flad\u0131k. Asla k\u00f6t\u00fc bir \u015fekilde bitmi\u015f bir evlilik de\u011fil\u201d dedi.<\/p>\n<p><img loading=\"lazy\" decoding=\"async\" class=\"alignnone size-full wp-image-206875\" src=\"https:\/\/www.tgrthaber.com\/mavikadin\/wp-content\/uploads\/Bengu-1-1.png\" alt=\"\" width=\"1208\" height=\"680\" title=\"\" srcset=\"https:\/\/www.tgrthaber.com\/mavikadin\/wp-content\/uploads\/Bengu-1-1.png 1208w, https:\/\/www.tgrthaber.com\/mavikadin\/wp-content\/uploads\/Bengu-1-1-300x169.png 300w, https:\/\/www.tgrthaber.com\/mavikadin\/wp-content\/uploads\/Bengu-1-1-1024x576.png 1024w, https:\/\/www.tgrthaber.com\/mavikadin\/wp-content\/uploads\/Bengu-1-1-768x432.png 768w\" sizes=\"(max-width: 1208px) 100vw, 1208px\" \/><\/p>\n<hr \/>\n<h3>&#8220;SAMAN ALTINDAN SU Y\u00dcR\u00dcTENLER&#8221;<\/h3>\n<p>Sosyal medya hesab\u0131ndan yapt\u0131\u011f\u0131 a\u00e7\u0131klamayla dikkat \u00e7eken Beng\u00fc \u201cSaman alt\u0131ndan su y\u00fcr\u00fctenler\u201d yaz\u0131s\u0131yla ihanet mi var sorular\u0131n\u0131 ak\u0131llara getirmi\u015fti. Beng\u00fc, \u201cPayla\u015f\u0131m\u0131m bir g\u00f6nderme de\u011fildi. Diziden etkilenip yazd\u0131m\u201d diye konu\u015fmu\u015ftu.<\/p>\n<p><img loading=\"lazy\" decoding=\"async\" class=\"alignnone size-full wp-image-206878\" src=\"https:\/\/www.tgrthaber.com\/mavikadin\/wp-content\/uploads\/Bengu-4-1.png\" alt=\"\" width=\"1208\" height=\"680\" title=\"\" srcset=\"https:\/\/www.tgrthaber.com\/mavikadin\/wp-content\/uploads\/Bengu-4-1.png 1208w, https:\/\/www.tgrthaber.com\/mavikadin\/wp-content\/uploads\/Bengu-4-1-300x169.png 300w, https:\/\/www.tgrthaber.com\/mavikadin\/wp-content\/uploads\/Bengu-4-1-1024x576.png 1024w, https:\/\/www.tgrthaber.com\/mavikadin\/wp-content\/uploads\/Bengu-4-1-768x432.png 768w\" sizes=\"(max-width: 1208px) 100vw, 1208px\" \/><\/p>\n<hr \/>\n<h3>BENG\u00dc VE SEL\u0130M SEL\u0130MO\u011eLU NEDEN BO\u015eANDI?<\/h3>\n<p>Atarl\u0131 giderli s\u00f6zleriyle kalplere dokunan \u015fark\u0131c\u0131 Beng\u00fc sadece kariyeriyle de\u011fil aile hayat\u0131yla da merak ediliyor. 29 A\u011fustos 2018 tarihinde Selim Selimo\u011flu ile evlenen Beng\u00fc, y\u0131llarca mutlu aile tablosuyla be\u011feni toplam\u0131\u015ft\u0131. E\u015fiyle birbirlerini sevdiklerini ve mutlu olduklar\u0131n\u0131 hissettiren \u00fcnl\u00fc isim ayr\u0131l\u0131k haberiyle sevenlerini \u00fczm\u00fc\u015ft\u00fc.<\/p>\n<p><img loading=\"lazy\" decoding=\"async\" class=\"alignnone size-full wp-image-206876\" src=\"https:\/\/www.tgrthaber.com\/mavikadin\/wp-content\/uploads\/Bengu-2-1.png\" alt=\"\" width=\"1208\" height=\"680\" title=\"\" srcset=\"https:\/\/www.tgrthaber.com\/mavikadin\/wp-content\/uploads\/Bengu-2-1.png 1208w, https:\/\/www.tgrthaber.com\/mavikadin\/wp-content\/uploads\/Bengu-2-1-300x169.png 300w, https:\/\/www.tgrthaber.com\/mavikadin\/wp-content\/uploads\/Bengu-2-1-1024x576.png 1024w, https:\/\/www.tgrthaber.com\/mavikadin\/wp-content\/uploads\/Bengu-2-1-768x432.png 768w\" sizes=\"(max-width: 1208px) 100vw, 1208px\" \/><\/p>\n<hr \/>\n<p>2019 y\u0131l\u0131nda k\u0131zlar\u0131 Zeynep&#8217;i, 2021 y\u0131l\u0131nda ise o\u011fullar\u0131 Selim&#8217;i kuca\u011f\u0131na alan \u00e7ift s\u00fcrpriz bir \u015fekilde 6 senelik evliliklerini bitirmi\u015fti. 31 Ekim 2024 tarihinde anla\u015fmal\u0131 olarak bo\u015fanan Selim Selimo\u011flu ve Beng\u00fc&#8217;n\u00fcn aras\u0131nda tam olarak neler ya\u015fand\u0131\u011f\u0131 bilinmiyor. Ancak \u015fark\u0131c\u0131 Beng\u00fc o d\u00f6nemde bo\u015fanman\u0131n sebebini &#8216;fikir ayr\u0131l\u0131klar\u0131\u2019 olarak a\u00e7\u0131klam\u0131\u015ft\u0131.<\/p>\n<p>Beng\u00fc ayr\u0131ca ayr\u0131l\u0131kla ilgili \u015fu s\u00f6zleri s\u00f6ylemi\u015fti:<\/p>\n<p>\u201cAyr\u0131l\u0131rken sesimizi bile y\u00fckseltmedik. Evlilik y\u00fcr\u00fcmeyebilir ama \u015fu an iki d\u00fcnya g\u00fczeli evlad\u0131m\u0131z var onlar\u0131n \u00f6m\u00fcr boyu anne ve babas\u0131 olarak kalaca\u011f\u0131z. Eski e\u015fim de sa\u011f olsun elinden geleni yap\u0131yor. Hi\u00e7bir sorunumuz yok iki taraf da mutlu. \u0130stemezdik tabii bitmesini ama b\u00f6ylesi g\u00fczel oldu&#8221;<\/p>\n","protected":false},"excerpt":{"rendered":"<p>Beng\u00fc ayr\u0131l\u0131k sebebi hakk\u0131nda ilk kez bu kadar a\u00e7\u0131k konu\u015ftu. 6 y\u0131ll\u0131k evlili\u011fini noktalayan \u00fcnl\u00fc \u015fark\u0131c\u0131 Selim Selimo\u011flu\u2019ndan ge\u00e7en sene ayr\u0131lm\u0131\u015ft\u0131.<\/p>\n","protected":false},"author":5,"featured_media":206877,"comment_status":"closed","ping_status":"closed","sticky":false,"template":"","format":"standard","meta":{"rank_math_lock_modified_date":false,"footnotes":""},"categories":[76],"tags":[14575,28601,133,21388],"class_list":["post-206874","post","type-post","status-publish","format-standard","has-post-thumbnail","hentry","category-magazin","tag-bengu","tag-bengu-bosanma","tag-magazin","tag-selim-selimoglu"],"_links":{"self":[{"href":"https:\/\/www.tgrthaber.com\/mavikadin\/wp-json\/wp\/v2\/posts\/206874"}],"collection":[{"href":"https:\/\/www.tgrthaber.com\/mavikadin\/wp-json\/wp\/v2\/posts"}],"about":[{"href":"https:\/\/www.tgrthaber.com\/mavikadin\/wp-json\/wp\/v2\/types\/post"}],"author":[{"embeddable":true,"href":"https:\/\/www.tgrthaber.com\/mavikadin\/wp-json\/wp\/v2\/users\/5"}],"replies":[{"embeddable":true,"href":"https:\/\/www.tgrthaber.com\/mavikadin\/wp-json\/wp\/v2\/comments?post=206874"}],"version-history":[{"count":2,"href":"https:\/\/www.tgrthaber.com\/mavikadin\/wp-json\/wp\/v2\/posts\/206874\/revisions"}],"predecessor-version":[{"id":206881,"href":"https:\/\/www.tgrthaber.com\/mavikadin\/wp-json\/wp\/v2\/posts\/206874\/revisions\/206881"}],"wp:featuredmedia":[{"embeddable":true,"href":"https:\/\/www.tgrthaber.com\/mavikadin\/wp-json\/wp\/v2\/media\/206877"}],"wp:attachment":[{"href":"https:\/\/www.tgrthaber.com\/mavikadin\/wp-json\/wp\/v2\/media?parent=206874"}],"wp:term":[{"taxonomy":"category","embeddable":true,"href":"https:\/\/www.tgrthaber.com\/mavikadin\/wp-json\/wp\/v2\/categories?post=206874"},{"taxonomy":"post_tag","embeddable":true,"href":"https:\/\/www.tgrthaber.com\/mavikadin\/wp-json\/wp\/v2\/tags?post=206874"}],"curies":[{"name":"wp","href":"https:\/\/api.w.org\/{rel}","templated":true}]}}