{"id":206879,"date":"2025-07-18T12:30:48","date_gmt":"2025-07-18T09:30:48","guid":{"rendered":"https:\/\/www.tgrthaber.com\/mavikadin\/?p=206879"},"modified":"2025-07-18T12:30:48","modified_gmt":"2025-07-18T09:30:48","slug":"inan-kirac-emine-alangoya-evli-miydi-inan-kirac-emine-alangoya-evlilikleri-neden-iptal-edildi","status":"publish","type":"post","link":"https:\/\/www.tgrthaber.com\/mavikadin\/inan-kirac-emine-alangoya-evli-miydi-inan-kirac-emine-alangoya-evlilikleri-neden-iptal-edildi\/","title":{"rendered":"\u0130nan K\u0131ra\u00e7 Emine Alangoya evli miydi? \u0130nan K\u0131ra\u00e7 Emine Alangoya evlilikleri neden iptal edildi?"},"content":{"rendered":"<p>\u0130\u015f insan\u0131 \u0130nan K\u0131ra\u00e7 ile Emine Alangoya\u2019n\u0131n 2024 y\u0131l\u0131n\u0131n sonlar\u0131nda yapt\u0131\u011f\u0131 evlilik, \u0130stanbul Anadolu 18. Aile Mahkemesi taraf\u0131ndan iptal edildi. Peki, \u0130nan K\u0131ra\u00e7 ve Emine Alangoya ger\u00e7ekten evli miydi? Evlilik neden yarg\u0131 taraf\u0131ndan ge\u00e7ersiz say\u0131ld\u0131? \u0130\u015fte detaylar&#8230;<\/p>\n<h3>\u0130NAN KIRA\u00c7 EM\u0130NE ALANGOYA EVL\u0130 M\u0130YD\u0130?<\/h3>\n<p>2024 Aral\u0131k ay\u0131nda gizli bir t\u00f6renle nikah k\u0131yan K\u0131ra\u00e7a Holding Y\u00f6netim Kurulu Ba\u015fkan\u0131 \u0130nan K\u0131ra\u00e7 ile Emine Alangoya, sessiz bir \u015fekilde evlenmi\u015flerdi. Ancak bu evlilik, K\u0131ra\u00e7\u2019\u0131n k\u0131z\u0131 \u0130pek K\u0131ra\u00e7 taraf\u0131ndan yarg\u0131ya ta\u015f\u0131nd\u0131. \u0130pek K\u0131ra\u00e7, babas\u0131n\u0131n sa\u011fl\u0131k durumuyla ilgili ciddi \u015f\u00fcpheler ta\u015f\u0131yordu ve evlili\u011fin ge\u00e7ersiz say\u0131lmas\u0131 i\u00e7in \u0130stanbul Anadolu 18. Aile Mahkemesi\u2019ne ba\u015fvurdu.<\/p>\n<p><img loading=\"lazy\" decoding=\"async\" class=\"alignnone size-full wp-image-206903\" src=\"https:\/\/www.tgrthaber.com\/mavikadin\/wp-content\/uploads\/2-1553.png\" alt=\"\" width=\"1208\" height=\"680\" title=\"\" srcset=\"https:\/\/www.tgrthaber.com\/mavikadin\/wp-content\/uploads\/2-1553.png 1208w, https:\/\/www.tgrthaber.com\/mavikadin\/wp-content\/uploads\/2-1553-300x169.png 300w, https:\/\/www.tgrthaber.com\/mavikadin\/wp-content\/uploads\/2-1553-1024x576.png 1024w, https:\/\/www.tgrthaber.com\/mavikadin\/wp-content\/uploads\/2-1553-768x432.png 768w\" sizes=\"(max-width: 1208px) 100vw, 1208px\" \/><\/p>\n<hr \/>\n<h3>EVL\u0130L\u0130K NEDEN \u0130PTAL ED\u0130LD\u0130?<\/h3>\n<p>\u0130pek K\u0131ra\u00e7, babas\u0131n\u0131n evlilik \u00f6ncesinde \u00f6zel bir hastaneden ald\u0131\u011f\u0131 sa\u011fl\u0131k raporunun ger\u00e7e\u011fi yans\u0131tmad\u0131\u011f\u0131n\u0131 savundu. \u201cBaba, akli melekeleri yerinde de\u011fil\u201d iddias\u0131yla yola \u00e7\u0131kan \u0130pek K\u0131ra\u00e7, babas\u0131n\u0131n fiili ehliyetinin bulunmad\u0131\u011f\u0131n\u0131 ileri s\u00fcrd\u00fc. Mahkeme, bu talebi dikkate alarak \u0130nan K\u0131ra\u00e7\u2019\u0131n akli durumunun tespiti i\u00e7in Adli T\u0131p Kurumu\u2019na sevk edilmesine karar verdi.<\/p>\n<p><img loading=\"lazy\" decoding=\"async\" class=\"alignnone size-full wp-image-206898\" src=\"https:\/\/www.tgrthaber.com\/mavikadin\/wp-content\/uploads\/Inan-Kirac-2-1.png\" alt=\"\" width=\"1208\" height=\"680\" title=\"\" srcset=\"https:\/\/www.tgrthaber.com\/mavikadin\/wp-content\/uploads\/Inan-Kirac-2-1.png 1208w, https:\/\/www.tgrthaber.com\/mavikadin\/wp-content\/uploads\/Inan-Kirac-2-1-300x169.png 300w, https:\/\/www.tgrthaber.com\/mavikadin\/wp-content\/uploads\/Inan-Kirac-2-1-1024x576.png 1024w, https:\/\/www.tgrthaber.com\/mavikadin\/wp-content\/uploads\/Inan-Kirac-2-1-768x432.png 768w\" sizes=\"(max-width: 1208px) 100vw, 1208px\" \/><\/p>\n<hr \/>\n<p>26 \u015eubat\u2019ta Adli T\u0131p 10. \u0130htisas Kurulu\u2019nda n\u00f6rolojik testlere tabi tutulan \u0130nan K\u0131ra\u00e7 i\u00e7in haz\u0131rlanan rapor, ciddi sonu\u00e7lar i\u00e7eriyordu. Raporda, K\u0131ra\u00e7\u2019\u0131n fiili ehliyetinin bulunmad\u0131\u011f\u0131 ve vasi tayin edilmesi gerekti\u011fi belirtildi. Bu rapor do\u011frultusunda mahkeme, \u0130nan K\u0131ra\u00e7\u2019\u0131n fiili ehliyetini kald\u0131rd\u0131 ve iki avukat\u0131, Atakan Y\u0131lmaz ile Mert \u00d6ztekin\u2019i vasi olarak atad\u0131.<\/p>\n<p><img loading=\"lazy\" decoding=\"async\" class=\"alignnone size-full wp-image-206906\" src=\"https:\/\/www.tgrthaber.com\/mavikadin\/wp-content\/uploads\/5-819.png\" alt=\"\" width=\"1208\" height=\"680\" title=\"\" srcset=\"https:\/\/www.tgrthaber.com\/mavikadin\/wp-content\/uploads\/5-819.png 1208w, https:\/\/www.tgrthaber.com\/mavikadin\/wp-content\/uploads\/5-819-300x169.png 300w, https:\/\/www.tgrthaber.com\/mavikadin\/wp-content\/uploads\/5-819-1024x576.png 1024w, https:\/\/www.tgrthaber.com\/mavikadin\/wp-content\/uploads\/5-819-768x432.png 768w\" sizes=\"(max-width: 1208px) 100vw, 1208px\" \/><\/p>\n<hr \/>\n<h3>MAHKEMEDEN ALINAN TEDG\u0130R KARARLARI NELERD\u0130?<\/h3>\n<p>Mahkeme, sadece evlili\u011fin iptaline karar vermekle kalmad\u0131; ayn\u0131 zamanda \u0130nan K\u0131ra\u00e7\u2019a ait t\u00fcm ta\u015f\u0131n\u0131r mallar, banka hesaplar\u0131, \u015firket hisseleri ve varsa fonlar ile hisse senetlerine vesayet tedbir \u015ferhi konulmas\u0131na h\u00fckmetti. Bu kararlarla K\u0131ra\u00e7\u2019\u0131n maddi varl\u0131klar\u0131 koruma alt\u0131na al\u0131nd\u0131.<\/p>\n<p><img loading=\"lazy\" decoding=\"async\" class=\"alignnone size-full wp-image-206904\" src=\"https:\/\/www.tgrthaber.com\/mavikadin\/wp-content\/uploads\/3-1524.png\" alt=\"\" width=\"1208\" height=\"680\" title=\"\" srcset=\"https:\/\/www.tgrthaber.com\/mavikadin\/wp-content\/uploads\/3-1524.png 1208w, https:\/\/www.tgrthaber.com\/mavikadin\/wp-content\/uploads\/3-1524-300x169.png 300w, https:\/\/www.tgrthaber.com\/mavikadin\/wp-content\/uploads\/3-1524-1024x576.png 1024w, https:\/\/www.tgrthaber.com\/mavikadin\/wp-content\/uploads\/3-1524-768x432.png 768w\" sizes=\"(max-width: 1208px) 100vw, 1208px\" \/><\/p>\n<hr \/>\n<h3>SONU\u00c7 NE OLDU?<\/h3>\n<p>Yarg\u0131 s\u00fcreci gizlilik karar\u0131yla bas\u0131na kapal\u0131 olarak ilerledi ve sonunda \u0130stanbul Anadolu 18. Aile Mahkemesi, \u0130nan K\u0131ra\u00e7\u2019\u0131n evlilik tarihinde hukuki ve fiili ehliyetinin bulunmad\u0131\u011f\u0131n\u0131 tespit ederek evlili\u011fin iptaline karar verdi.<\/p>\n<p>\u0130nan K\u0131ra\u00e7 ve Emine Alangoya\u2019n\u0131n gizlice yapt\u0131klar\u0131 nikah b\u00f6ylece yarg\u0131 taraf\u0131ndan ge\u00e7ersiz say\u0131ld\u0131. K\u0131ra\u00e7 ailesi ve kamuoyu, bundan sonraki s\u00fcre\u00e7te ya\u015fanacak geli\u015fmeleri yak\u0131ndan takip ediyor.<\/p>\n","protected":false},"excerpt":{"rendered":"<p>\u0130\u015f insan\u0131 \u0130nan K\u0131ra\u00e7 ile Emine Alangoya\u2019n\u0131n 2024 sonunda ger\u00e7ekle\u015ftirdikleri evlilik, mahkeme karar\u0131yla iptal edildi. K\u0131ra\u00e7 ailesinden gelen itiraz ve yap\u0131lan t\u0131bbi incelemeler sonucunda, evlili\u011fin hukuki ge\u00e7erlili\u011fi son buldu.<\/p>\n","protected":false},"author":28,"featured_media":206902,"comment_status":"closed","ping_status":"closed","sticky":false,"template":"","format":"standard","meta":{"rank_math_lock_modified_date":true,"footnotes":""},"categories":[76],"tags":[7339,28605,28606,28607,2218],"class_list":["post-206879","post","type-post","status-publish","format-standard","has-post-thumbnail","hentry","category-magazin","tag-inan-kirac","tag-inan-kirac-emine-alangoya","tag-inan-kirac-evlendi-mi","tag-inan-kirac-kizi","tag-magazin-haberleri"],"_links":{"self":[{"href":"https:\/\/www.tgrthaber.com\/mavikadin\/wp-json\/wp\/v2\/posts\/206879"}],"collection":[{"href":"https:\/\/www.tgrthaber.com\/mavikadin\/wp-json\/wp\/v2\/posts"}],"about":[{"href":"https:\/\/www.tgrthaber.com\/mavikadin\/wp-json\/wp\/v2\/types\/post"}],"author":[{"embeddable":true,"href":"https:\/\/www.tgrthaber.com\/mavikadin\/wp-json\/wp\/v2\/users\/28"}],"replies":[{"embeddable":true,"href":"https:\/\/www.tgrthaber.com\/mavikadin\/wp-json\/wp\/v2\/comments?post=206879"}],"version-history":[{"count":2,"href":"https:\/\/www.tgrthaber.com\/mavikadin\/wp-json\/wp\/v2\/posts\/206879\/revisions"}],"predecessor-version":[{"id":206908,"href":"https:\/\/www.tgrthaber.com\/mavikadin\/wp-json\/wp\/v2\/posts\/206879\/revisions\/206908"}],"wp:featuredmedia":[{"embeddable":true,"href":"https:\/\/www.tgrthaber.com\/mavikadin\/wp-json\/wp\/v2\/media\/206902"}],"wp:attachment":[{"href":"https:\/\/www.tgrthaber.com\/mavikadin\/wp-json\/wp\/v2\/media?parent=206879"}],"wp:term":[{"taxonomy":"category","embeddable":true,"href":"https:\/\/www.tgrthaber.com\/mavikadin\/wp-json\/wp\/v2\/categories?post=206879"},{"taxonomy":"post_tag","embeddable":true,"href":"https:\/\/www.tgrthaber.com\/mavikadin\/wp-json\/wp\/v2\/tags?post=206879"}],"curies":[{"name":"wp","href":"https:\/\/api.w.org\/{rel}","templated":true}]}}