{"id":206889,"date":"2025-07-18T11:50:56","date_gmt":"2025-07-18T08:50:56","guid":{"rendered":"https:\/\/www.tgrthaber.com\/mavikadin\/?p=206889"},"modified":"2025-07-18T11:54:09","modified_gmt":"2025-07-18T08:54:09","slug":"inan-kirac-ve-emine-alangoya-mahkeme-soku-evlilikleri-iptal-edildi","status":"publish","type":"post","link":"https:\/\/www.tgrthaber.com\/mavikadin\/inan-kirac-ve-emine-alangoya-mahkeme-soku-evlilikleri-iptal-edildi\/","title":{"rendered":"\u0130nan K\u0131ra\u00e7 ve Emine Alangoya mahkeme \u015foku! Evlilikleri iptal edildi"},"content":{"rendered":"<p>K\u0131ra\u00e7 Holding Y\u00f6netim Kurulu Ba\u015fkan\u0131 \u0130nan K\u0131ra\u00e7 ile Emine Alangoya mahkeme \u015foku ya\u015fad\u0131lar. Evlilikleri iptal olan \u00e7ift 2024\u2019\u00fcn sonlar\u0131na do\u011fru gizlice nikah k\u0131ym\u0131\u015ft\u0131.<\/p>\n<h3>\u0130NAN KIRA\u00c7 VE EM\u0130NE ALANGOYA MAHKEME \u015eOKU!<\/h3>\n<p>K\u0131ra\u00e7 Holding Y\u00f6netim Kurulu Ba\u015fkan\u0131 \u0130nan K\u0131ra\u00e7 ile Emine Alangoya ile 2024\u2019\u00fcn sonlar\u0131nda evlenmi\u015fti. Ancak bu evlili\u011fin iptali i\u00e7in dava a\u00e7\u0131lm\u0131\u015ft\u0131. Dava g\u00f6r\u00fcld\u00fc ve \u0130stanbul Anadolu 18. Aile Mahkemesi, a\u00e7\u0131lan dava sonucunda evlili\u011fin iptaline h\u00fckmetti.<\/p>\n<p><img loading=\"lazy\" decoding=\"async\" class=\"alignnone size-full wp-image-206891\" src=\"https:\/\/www.tgrthaber.com\/mavikadin\/wp-content\/uploads\/Inan-Kirac-1.png\" alt=\"\" width=\"1208\" height=\"680\" title=\"\" srcset=\"https:\/\/www.tgrthaber.com\/mavikadin\/wp-content\/uploads\/Inan-Kirac-1.png 1208w, https:\/\/www.tgrthaber.com\/mavikadin\/wp-content\/uploads\/Inan-Kirac-1-300x169.png 300w, https:\/\/www.tgrthaber.com\/mavikadin\/wp-content\/uploads\/Inan-Kirac-1-1024x576.png 1024w, https:\/\/www.tgrthaber.com\/mavikadin\/wp-content\/uploads\/Inan-Kirac-1-768x432.png 768w\" sizes=\"(max-width: 1208px) 100vw, 1208px\" \/><\/p>\n<hr \/>\n<h3>\u0130PEK KIRA\u00c7 EVL\u0130L\u0130K \u0130PTAL\u0130 \u0130STEM\u0130YLE DAVA A\u00c7MI\u015eTI<\/h3>\n<p>\u0130\u015f insan\u0131 \u0130nan K\u0131ra\u00e7&#8217;\u0131n k\u0131z\u0131 \u0130pek K\u0131ra\u00e7, 20 Aral\u0131k 2024 tarihinde Emine Alangoya ile evlenen babas\u0131n\u0131n fiili ehliyetinin yerinde olmad\u0131\u011f\u0131n\u0131 \u00f6ne s\u00fcrerek bu evlili\u011fin iptal edilmesini istemi\u015f konuyu mahkemeye ta\u015f\u0131m\u0131\u015ft\u0131. \u0130pek K\u0131ra\u00e7 evlilik iptali istemiyle Anadolu 18. Aile Mahkemesi\u2019nde dava a\u00e7t\u0131.<\/p>\n<p><img loading=\"lazy\" decoding=\"async\" class=\"alignnone size-full wp-image-206892\" src=\"https:\/\/www.tgrthaber.com\/mavikadin\/wp-content\/uploads\/Inan-Kirac-2.png\" alt=\"\" width=\"1208\" height=\"680\" title=\"\" srcset=\"https:\/\/www.tgrthaber.com\/mavikadin\/wp-content\/uploads\/Inan-Kirac-2.png 1208w, https:\/\/www.tgrthaber.com\/mavikadin\/wp-content\/uploads\/Inan-Kirac-2-300x169.png 300w, https:\/\/www.tgrthaber.com\/mavikadin\/wp-content\/uploads\/Inan-Kirac-2-1024x576.png 1024w, https:\/\/www.tgrthaber.com\/mavikadin\/wp-content\/uploads\/Inan-Kirac-2-768x432.png 768w\" sizes=\"(max-width: 1208px) 100vw, 1208px\" \/><\/p>\n<hr \/>\n<h3>B\u0130R D\u0130Z\u0130 N\u00d6ROLOJ\u0130K TEST<\/h3>\n<p>A\u00e7\u0131lan dava sonras\u0131nda mahkeme \u0130nan K\u0131ra\u00e7&#8217;\u0131n fiili ehliyetinin yerinde olup olmad\u0131\u011f\u0131n\u0131n belirlenmesi amac\u0131yla Adli T\u0131p Kurumu\u2019na sevk edilmesine karar verdi.<\/p>\n<p>\u0130nan K\u0131ra\u00e7 Adli T\u0131p Kurumu\u2019na giderek Adli T\u0131p 10. \u0130htisas Kurulu\u2019nda heyet kar\u015f\u0131s\u0131na \u00e7\u0131kt\u0131. Heyet, \u0130nan K\u0131ra\u00e7\u2019\u0131 bir dizi n\u00f6rolojik teste tabi tuttu.<\/p>\n<p><img loading=\"lazy\" decoding=\"async\" class=\"alignnone size-full wp-image-206893\" src=\"https:\/\/www.tgrthaber.com\/mavikadin\/wp-content\/uploads\/Inan-Kirac-4.png\" alt=\"\" width=\"1208\" height=\"680\" title=\"\" srcset=\"https:\/\/www.tgrthaber.com\/mavikadin\/wp-content\/uploads\/Inan-Kirac-4.png 1208w, https:\/\/www.tgrthaber.com\/mavikadin\/wp-content\/uploads\/Inan-Kirac-4-300x169.png 300w, https:\/\/www.tgrthaber.com\/mavikadin\/wp-content\/uploads\/Inan-Kirac-4-1024x576.png 1024w, https:\/\/www.tgrthaber.com\/mavikadin\/wp-content\/uploads\/Inan-Kirac-4-768x432.png 768w\" sizes=\"(max-width: 1208px) 100vw, 1208px\" \/><\/p>\n<hr \/>\n<h3>F\u0130\u0130L\u0130 EHL\u0130YET\u0130 YER\u0130NDE DE\u011e\u0130L<\/h3>\n<p>\u0130nan K\u0131ra\u00e7 ile ilgili haz\u0131rlanan rapor mahkemeye g\u00f6nderildi. Raporda, \u0130nan K\u0131ra\u00e7\u2019\u0131n fiili ehliyetinin yerinde olmad\u0131\u011f\u0131n\u0131n ve vasi tayin edilmesi gerekti\u011finin belirtilmesi \u00fczerine Anadolu 18. Aile Mahkemesi, \u0130nan K\u0131ra\u00e7\u2019\u0131n fiili ehliyetinin kald\u0131r\u0131lmas\u0131na karar verdi. Avukat Atakan Y\u0131lmaz ve Avukat Mert \u00d6ztekin\u2019i ge\u00e7ici vasi olarak atad\u0131.<\/p>\n<p><img loading=\"lazy\" decoding=\"async\" class=\"alignnone wp-image-138813\" src=\"https:\/\/www.tgrthaber.com\/mavikadin\/wp-content\/uploads\/Inan-Kirac-1.jpg\" alt=\"\" width=\"1208\" height=\"680\" title=\"\" srcset=\"https:\/\/www.tgrthaber.com\/mavikadin\/wp-content\/uploads\/Inan-Kirac-1.jpg 1600w, https:\/\/www.tgrthaber.com\/mavikadin\/wp-content\/uploads\/Inan-Kirac-1-300x169.jpg 300w, https:\/\/www.tgrthaber.com\/mavikadin\/wp-content\/uploads\/Inan-Kirac-1-1024x576.jpg 1024w, https:\/\/www.tgrthaber.com\/mavikadin\/wp-content\/uploads\/Inan-Kirac-1-768x432.jpg 768w, https:\/\/www.tgrthaber.com\/mavikadin\/wp-content\/uploads\/Inan-Kirac-1-1536x864.jpg 1536w\" sizes=\"(max-width: 1208px) 100vw, 1208px\" \/><\/p>\n<hr \/>\n<h3>NELER OLMU\u015eTU?<\/h3>\n<p>\u0130\u015f insan\u0131 \u0130nan K\u0131ra\u00e7\u2019\u0131n k\u0131z\u0131 \u0130pek K\u0131ra\u00e7 babas\u0131n\u0131n 20 Aral\u0131k 2024&#8217;te Emine Alangoya ile yapt\u0131\u011f\u0131 evlili\u011fini kabul etmemi\u015f konuyu mahkemeye ta\u015f\u0131m\u0131\u015ft\u0131.<\/p>\n<p>Babas\u0131n\u0131n fiili ehliyetinin yerinde olmad\u0131\u011f\u0131n\u0131 \u00f6ne s\u00fcrerek dava a\u00e7m\u0131\u015ft\u0131.<\/p>\n<p>Evlili\u011fin iptali i\u00e7in dava a\u00e7an \u0130pek K\u0131ra\u00e7 g\u00fcnlerce magazin g\u00fcndeminde konu\u015fulmu\u015ftu.<\/p>\n<p>Dava kapsam\u0131nda haz\u0131rlanan Adli T\u0131p Kurumu raporunda, K\u0131ra\u00e7&#8217;\u0131n fiili ehliyetinin yerinde olmad\u0131\u011f\u0131 ve vasi tayin edilmesi gerekti\u011fi ortaya \u00e7\u0131km\u0131\u015ft\u0131.<\/p>\n<p>Adli T\u0131p Kurumu raporu dikkate al\u0131narak mahkeme \u0130nan K\u0131ra\u00e7\u2019\u0131n fiili ehliyetinin olmad\u0131\u011f\u0131n\u0131 a\u00e7\u0131klayarak vasi atam\u0131\u015ft\u0131.<\/p>\n","protected":false},"excerpt":{"rendered":"<p>K\u0131ra\u00e7 Holding Y\u00f6netim Kurulu Ba\u015fkan\u0131 \u0130nan K\u0131ra\u00e7 ile Emine Alangoya\u2019n\u0131n evlilikleri uzun zamand\u0131r g\u00fcndemdeydi. \u00c7itfin 2024 sonunda gizlice k\u0131yd\u0131klar\u0131 nikah\u0131n iptal edilmesi istenmi\u015fti.<\/p>\n","protected":false},"author":5,"featured_media":206890,"comment_status":"closed","ping_status":"closed","sticky":false,"template":"","format":"standard","meta":{"rank_math_lock_modified_date":false,"footnotes":""},"categories":[76],"tags":[12118,7339,7340,133],"class_list":["post-206889","post","type-post","status-publish","format-standard","has-post-thumbnail","hentry","category-magazin","tag-emine-alagonya","tag-inan-kirac","tag-ipek-kirac","tag-magazin"],"_links":{"self":[{"href":"https:\/\/www.tgrthaber.com\/mavikadin\/wp-json\/wp\/v2\/posts\/206889"}],"collection":[{"href":"https:\/\/www.tgrthaber.com\/mavikadin\/wp-json\/wp\/v2\/posts"}],"about":[{"href":"https:\/\/www.tgrthaber.com\/mavikadin\/wp-json\/wp\/v2\/types\/post"}],"author":[{"embeddable":true,"href":"https:\/\/www.tgrthaber.com\/mavikadin\/wp-json\/wp\/v2\/users\/5"}],"replies":[{"embeddable":true,"href":"https:\/\/www.tgrthaber.com\/mavikadin\/wp-json\/wp\/v2\/comments?post=206889"}],"version-history":[{"count":3,"href":"https:\/\/www.tgrthaber.com\/mavikadin\/wp-json\/wp\/v2\/posts\/206889\/revisions"}],"predecessor-version":[{"id":206896,"href":"https:\/\/www.tgrthaber.com\/mavikadin\/wp-json\/wp\/v2\/posts\/206889\/revisions\/206896"}],"wp:featuredmedia":[{"embeddable":true,"href":"https:\/\/www.tgrthaber.com\/mavikadin\/wp-json\/wp\/v2\/media\/206890"}],"wp:attachment":[{"href":"https:\/\/www.tgrthaber.com\/mavikadin\/wp-json\/wp\/v2\/media?parent=206889"}],"wp:term":[{"taxonomy":"category","embeddable":true,"href":"https:\/\/www.tgrthaber.com\/mavikadin\/wp-json\/wp\/v2\/categories?post=206889"},{"taxonomy":"post_tag","embeddable":true,"href":"https:\/\/www.tgrthaber.com\/mavikadin\/wp-json\/wp\/v2\/tags?post=206889"}],"curies":[{"name":"wp","href":"https:\/\/api.w.org\/{rel}","templated":true}]}}