{"id":206911,"date":"2025-07-18T12:55:18","date_gmt":"2025-07-18T09:55:18","guid":{"rendered":"https:\/\/www.tgrthaber.com\/mavikadin\/?p=206911"},"modified":"2025-07-18T12:56:46","modified_gmt":"2025-07-18T09:56:46","slug":"inan-kirac-kimdir-kac-yasinda-inan-kirac-hangi-holdingin-sahibi","status":"publish","type":"post","link":"https:\/\/www.tgrthaber.com\/mavikadin\/inan-kirac-kimdir-kac-yasinda-inan-kirac-hangi-holdingin-sahibi\/","title":{"rendered":"\u0130nan K\u0131ra\u00e7 kimdir ka\u00e7 ya\u015f\u0131nda? \u0130nan K\u0131ra\u00e7 hangi holdingin sahibi?"},"content":{"rendered":"<p>88 ya\u015f\u0131ndaki T\u00fcrk i\u015f insan\u0131 \u0130nan K\u0131ra\u00e7, 77 ya\u015f\u0131ndaki Emine Alangoya ile 2024 senesinde yapt\u0131\u011f\u0131 evlili\u011fin mahkemece iptal edilmesiyle g\u00fcndemde. \u0130\u015f \u0130nsan\u0131 Vehbi Ko\u00e7\u2019un damad\u0131 olan uzun y\u0131llar Vehbi Ko\u00e7\u2019un k\u0131zlar\u0131ndan Suna K\u0131ra\u00e7 ile evli kalan \u0130nan K\u0131ra\u00e7\u2019\u0131n kim oldu\u011fu merak konusu oldu. \u0130nan K\u0131ra\u00e7 kimdir? \u0130nan K\u0131ra\u00e7\u2019\u0131n ya\u015f\u0131 nedir? \u0130nan K\u0131ra\u00e7 hangi holdingin sahibi?<\/p>\n<h3>\u0130NAN KIRA\u00c7 K\u0130MD\u0130R?<\/h3>\n<p>\u0130nan K\u0131ra\u00e7, T\u00fcrk \u0130\u015f insan\u0131d\u0131r. Ko\u00e7 Holding\u2019in eski y\u00f6neticilerindendir. Vehbi Ko\u00e7&#8217;un k\u0131zlar\u0131ndan 15 Eyl\u00fcl 2020\u2019de vefat eden Suna K\u0131ra\u00e7\u2019\u0131n da e\u015fidir.<\/p>\n<p><img loading=\"lazy\" decoding=\"async\" class=\"size-full wp-image-206918 aligncenter\" src=\"https:\/\/www.tgrthaber.com\/mavikadin\/wp-content\/uploads\/inan-kirac-kimdir-kac-yasinda-inan-kirac-hangi-holdingin-sahibi-3.jpg\" alt=\"\" width=\"1208\" height=\"680\" title=\"\" srcset=\"https:\/\/www.tgrthaber.com\/mavikadin\/wp-content\/uploads\/inan-kirac-kimdir-kac-yasinda-inan-kirac-hangi-holdingin-sahibi-3.jpg 1208w, https:\/\/www.tgrthaber.com\/mavikadin\/wp-content\/uploads\/inan-kirac-kimdir-kac-yasinda-inan-kirac-hangi-holdingin-sahibi-3-300x169.jpg 300w, https:\/\/www.tgrthaber.com\/mavikadin\/wp-content\/uploads\/inan-kirac-kimdir-kac-yasinda-inan-kirac-hangi-holdingin-sahibi-3-1024x576.jpg 1024w, https:\/\/www.tgrthaber.com\/mavikadin\/wp-content\/uploads\/inan-kirac-kimdir-kac-yasinda-inan-kirac-hangi-holdingin-sahibi-3-768x432.jpg 768w\" sizes=\"(max-width: 1208px) 100vw, 1208px\" \/><\/p>\n<hr \/>\n<p>\u0130nan K\u0131ra\u00e7 4 \u015eubat 1937\u2019de Eski\u015fehir\u2019de d\u00fcnyaya geldi. Galatasaray Lisesinden mezun olduktan sonra \u00fcniversite e\u011fitimi i\u00e7in Londra\u2019ya gitti. City College of Business&#8217;\u0131 bitirdi.<\/p>\n<p>1961 y\u0131l\u0131nda Ko\u00e7 Holding&#8217;e ba\u011fl\u0131 Ormak A.\u015e.&#8217;de sat\u0131\u015f memuru olarak i\u015f hayat\u0131na at\u0131ld\u0131. 1966\u2019da Otoyol (Fiat Kamyonlar\u0131&#8217;n\u0131n ve Midib\u00fcslerinin imalat\u00e7\u0131s\u0131) Genel M\u00fcd\u00fcrl\u00fc\u011f\u00fc&#8217;ne atand\u0131.<\/p>\n<p>1969 y\u0131l\u0131nda \u0130\u015f \u0130nsan\u0131 Ko\u00e7 Holding y\u00f6netim kurulu ba\u015fkan\u0131 Vehbi Ko\u00e7\u2019un k\u0131zlar\u0131ndan Suna Ko\u00e7 ile evlendi. 2020 senesinde Ko\u00e7&#8217;un vefat\u0131na kadar evlilikleri devam etti.<\/p>\n<p>\u00c7ift, evliliklerinin 15. y\u0131l\u0131nda, hen\u00fcz 4 ayl\u0131k olan \u0130pek K\u0131ra\u00e7&#8217;\u0131 evlat edindi.<\/p>\n<p>1970 y\u0131l\u0131na geldi\u011fimizde Tofa\u015f Oto Ticaret&#8217;in Genel M\u00fcd\u00fcr\u00fc olarak g\u00f6rev ald\u0131.<\/p>\n<p>1998 tarihinden emekli oluncaya kadar Ko\u00e7 Holding Otomotiv Grubu Ba\u015fkanl\u0131\u011f\u0131&#8217;nda g\u00f6rev ald\u0131.<\/p>\n<h3>\u0130NAN KIRA\u00c7 KA\u00c7 YA\u015eINDA?<\/h3>\n<p>\u0130nan K\u0131ra\u00e7 1937 do\u011fumludur. K\u0131ra\u00e7, 2025 y\u0131l\u0131 itibariyle 88 ya\u015f\u0131ndad\u0131r.<\/p>\n<p><img loading=\"lazy\" decoding=\"async\" class=\"size-full wp-image-206919 aligncenter\" src=\"https:\/\/www.tgrthaber.com\/mavikadin\/wp-content\/uploads\/inan-kirac-kimdir-kac-yasinda-inan-kirac-hangi-holdingin-sahibi-2.jpg\" alt=\"\" width=\"1208\" height=\"680\" title=\"\" srcset=\"https:\/\/www.tgrthaber.com\/mavikadin\/wp-content\/uploads\/inan-kirac-kimdir-kac-yasinda-inan-kirac-hangi-holdingin-sahibi-2.jpg 1208w, https:\/\/www.tgrthaber.com\/mavikadin\/wp-content\/uploads\/inan-kirac-kimdir-kac-yasinda-inan-kirac-hangi-holdingin-sahibi-2-300x169.jpg 300w, https:\/\/www.tgrthaber.com\/mavikadin\/wp-content\/uploads\/inan-kirac-kimdir-kac-yasinda-inan-kirac-hangi-holdingin-sahibi-2-1024x576.jpg 1024w, https:\/\/www.tgrthaber.com\/mavikadin\/wp-content\/uploads\/inan-kirac-kimdir-kac-yasinda-inan-kirac-hangi-holdingin-sahibi-2-768x432.jpg 768w\" sizes=\"(max-width: 1208px) 100vw, 1208px\" \/><\/p>\n<hr \/>\n<h3>\u0130NAN KIRA\u00c7 KA\u00c7 KEZ EVLEND\u0130?<\/h3>\n<p>\u0130nan K\u0131ra\u00e7 2 kez evlenmi\u015ftir. \u0130lk evlili\u011fini 1969 senesinde i\u015f insan\u0131 Vehbi Ko\u00e7\u2019un k\u0131zlar\u0131ndan olarak Suna Ko\u00e7 ile yapt\u0131.<\/p>\n<p>K\u0131ra\u00e7, ikinci evlili\u011fini ise 20 Aral\u0131k 2024 tarihinde Ko\u00e7 Holding eski \u00e7al\u0131\u015fan\u0131 77 ya\u015f\u0131ndaki Emine Alangoya ile ger\u00e7ekle\u015ftirdi.<\/p>\n<p>\u0130\u015f insan\u0131 \u0130nan K\u0131ra\u00e7&#8217;\u0131n evlatl\u0131k olarak ald\u0131\u011f\u0131\u0131 k\u0131z\u0131 \u0130pek K\u0131ra\u00e7, Emine Alangoya ile yap\u0131lan bu evlili\u011fe babas\u0131n\u0131n fiili ehliyetinin yerinde olmad\u0131\u011f\u0131 iddias\u0131yla evlili\u011fin iptali istemiyle dava a\u00e7m\u0131\u015f, bu olay kamuoyunda b\u00fcy\u00fck ses getirmi\u015fti.<\/p>\n<p>Mahkeme, evlilik tarihinde \u0130nan K\u0131ra\u00e7\u2019\u0131n hukuki ve fiili ehliyetinin olmad\u0131\u011f\u0131 gerek\u00e7esiyle evlili\u011fin iptaline karar verdi.<\/p>\n<h3>\u0130NAN KIRA\u00c7\u2019IN MAL VARLI\u011eI, SERVET\u0130 NED\u0130R?<\/h3>\n<p>\u0130nan K\u0131ra\u00e7\u2019\u0131n servetinin 500 milyon dolar civar\u0131nda oldu\u011fu tahmin ediliyor.<\/p>\n<p><img loading=\"lazy\" decoding=\"async\" class=\"size-full wp-image-206920 aligncenter\" src=\"https:\/\/www.tgrthaber.com\/mavikadin\/wp-content\/uploads\/inan-kirac-kimdir-kac-yasinda-inan-kirac-hangi-holdingin-sahibi-4.jpg\" alt=\"\" width=\"1208\" height=\"680\" title=\"\" srcset=\"https:\/\/www.tgrthaber.com\/mavikadin\/wp-content\/uploads\/inan-kirac-kimdir-kac-yasinda-inan-kirac-hangi-holdingin-sahibi-4.jpg 1208w, https:\/\/www.tgrthaber.com\/mavikadin\/wp-content\/uploads\/inan-kirac-kimdir-kac-yasinda-inan-kirac-hangi-holdingin-sahibi-4-300x169.jpg 300w, https:\/\/www.tgrthaber.com\/mavikadin\/wp-content\/uploads\/inan-kirac-kimdir-kac-yasinda-inan-kirac-hangi-holdingin-sahibi-4-1024x576.jpg 1024w, https:\/\/www.tgrthaber.com\/mavikadin\/wp-content\/uploads\/inan-kirac-kimdir-kac-yasinda-inan-kirac-hangi-holdingin-sahibi-4-768x432.jpg 768w\" sizes=\"(max-width: 1208px) 100vw, 1208px\" \/><\/p>\n<hr \/>\n<h3>\u0130NAN KIRA\u00c7 HANG\u0130 HOLD\u0130NG\u0130N SAH\u0130B\u0130?<\/h3>\n<p>\u0130nan K\u0131ra\u00e7, K\u0131ra\u00e7a Holding\u2019in sahibidir.<\/p>\n<h3>\u0130NAN KIRA\u00c7 \u0130PEK KIRA\u00c7\u2019I NEDEN EVLATLIKTAN REDDETT\u0130?<\/h3>\n<p>\u0130nan K\u0131ra\u00e7, t\u00fcm varl\u0131\u011f\u0131na el koymak istedi\u011fi gerek\u00e7esinden \u00f6t\u00fcr\u00fc k\u0131z\u0131 \u0130pek K\u0131ra\u00e7&#8217;\u0131 evlatl\u0131ktan reddetti\u011fini a\u00e7\u0131klam\u0131\u015ft\u0131.<\/p>\n","protected":false},"excerpt":{"rendered":"<p>\u0130\u015f d\u00fcnyas\u0131n\u0131n \u00f6nemli isimlerinden \u0130nan K\u0131ra\u00e7 88 ya\u015f\u0131nda eski asistan\u0131 77 ya\u015f\u0131ndaki Emine Alangoya ile evlenmi\u015f, k\u0131z\u0131 \u0130pek K\u0131ra\u00e7, evlili\u011fin iptali istemiyle mahkemeye ba\u015fvurmu\u015ftu. Mahkeme, evlilik tarihinde \u0130nan K\u0131ra\u00e7\u2019\u0131n hukuki ve fiili ehliyetinin olmad\u0131\u011f\u0131 gerek\u00e7esiyle evlili\u011fin iptaline karar verdi. \u0130nan K\u0131ra\u00e7, bu haberle birlikte g\u00fcndem oldu. \u0130nan K\u0131ra\u00e7\u2019\u0131n kim oldu\u011fu merak edildi. \u0130nan K\u0131ra\u00e7 kimdir ve ka\u00e7 ya\u015f\u0131nda? \u0130nan K\u0131ra\u00e7 hangi holdingin sahibi?<\/p>\n","protected":false},"author":30,"featured_media":206912,"comment_status":"closed","ping_status":"closed","sticky":false,"template":"","format":"standard","meta":{"rank_math_lock_modified_date":false,"footnotes":""},"categories":[491],"tags":[16521,12129,7339,7340,28611],"class_list":["post-206911","post","type-post","status-publish","format-standard","has-post-thumbnail","hentry","category-biyografi","tag-biyografi-haberleri","tag-emine-alangoya","tag-inan-kirac","tag-ipek-kirac","tag-kiraca-holding"],"_links":{"self":[{"href":"https:\/\/www.tgrthaber.com\/mavikadin\/wp-json\/wp\/v2\/posts\/206911"}],"collection":[{"href":"https:\/\/www.tgrthaber.com\/mavikadin\/wp-json\/wp\/v2\/posts"}],"about":[{"href":"https:\/\/www.tgrthaber.com\/mavikadin\/wp-json\/wp\/v2\/types\/post"}],"author":[{"embeddable":true,"href":"https:\/\/www.tgrthaber.com\/mavikadin\/wp-json\/wp\/v2\/users\/30"}],"replies":[{"embeddable":true,"href":"https:\/\/www.tgrthaber.com\/mavikadin\/wp-json\/wp\/v2\/comments?post=206911"}],"version-history":[{"count":4,"href":"https:\/\/www.tgrthaber.com\/mavikadin\/wp-json\/wp\/v2\/posts\/206911\/revisions"}],"predecessor-version":[{"id":206927,"href":"https:\/\/www.tgrthaber.com\/mavikadin\/wp-json\/wp\/v2\/posts\/206911\/revisions\/206927"}],"wp:featuredmedia":[{"embeddable":true,"href":"https:\/\/www.tgrthaber.com\/mavikadin\/wp-json\/wp\/v2\/media\/206912"}],"wp:attachment":[{"href":"https:\/\/www.tgrthaber.com\/mavikadin\/wp-json\/wp\/v2\/media?parent=206911"}],"wp:term":[{"taxonomy":"category","embeddable":true,"href":"https:\/\/www.tgrthaber.com\/mavikadin\/wp-json\/wp\/v2\/categories?post=206911"},{"taxonomy":"post_tag","embeddable":true,"href":"https:\/\/www.tgrthaber.com\/mavikadin\/wp-json\/wp\/v2\/tags?post=206911"}],"curies":[{"name":"wp","href":"https:\/\/api.w.org\/{rel}","templated":true}]}}