{"id":206928,"date":"2025-07-18T13:12:06","date_gmt":"2025-07-18T10:12:06","guid":{"rendered":"https:\/\/www.tgrthaber.com\/mavikadin\/?p=206928"},"modified":"2025-07-18T13:12:05","modified_gmt":"2025-07-18T10:12:05","slug":"mehmet-ali-tuncer-son-yolculuguna-ugurlaniyor-o-anlar-yurekleri-dagladi","status":"publish","type":"post","link":"https:\/\/www.tgrthaber.com\/mavikadin\/mehmet-ali-tuncer-son-yolculuguna-ugurlaniyor-o-anlar-yurekleri-dagladi\/","title":{"rendered":"Mehmet Ali Tuncer son yolculu\u011funa u\u011furland\u0131! Usta oyuncuya duygusal veda"},"content":{"rendered":"<p>T\u00fcrk sinemas\u0131n\u0131n ve tiyatrosunun emektar isimlerinden biri daha sonsuzlu\u011fa u\u011furland\u0131. Oyuncu ve y\u00f6netmen Mehmet Ali Tuncer, 18 Temmuz 2025 Cuma g\u00fcn\u00fc g\u00f6zya\u015flar\u0131yla topra\u011fa verildi. Bir d\u00f6nem tiyatro sahnelerinin sevilen y\u00fczlerinden biri olan Tuncer\u2019in vefat haberi sanat camias\u0131n\u0131 ve sevenlerini derinden \u00fczd\u00fc. Cenazeye kat\u0131lan isimler g\u00f6zya\u015flar\u0131n\u0131 tutamakzen, t\u00f6rende duygu dolu anlar ya\u015fand\u0131. \u0130\u015fte detaylar&#8230;<\/p>\n<h3>MEHMET AL\u0130 TUNCER&#8217;\u0130N SON YOLCULU\u011eUNDA DUYGUSAL VEDA<\/h3>\n<p>Cenaze t\u00f6reni, sanat d\u00fcnyas\u0131n\u0131n ve sevenlerinin yo\u011fun kat\u0131l\u0131m\u0131yla ger\u00e7ekle\u015fti. Beykoz Pa\u015fabah\u00e7e Merkez Camii\u2019nde k\u0131l\u0131nan namaz sonras\u0131, g\u00f6zya\u015flar\u0131 i\u00e7inde Akbaba Mezarl\u0131\u011f\u0131\u2019na defnedilen Tuncer, dostlar\u0131 taraf\u0131ndan \u201cSaf, duru ve tertemiz bir Anadolu m\u00fcnevveriydi\u201d s\u00f6zleriyle an\u0131ld\u0131.<\/p>\n<p><img loading=\"lazy\" decoding=\"async\" class=\"alignnone size-full wp-image-206827\" src=\"https:\/\/www.tgrthaber.com\/mavikadin\/wp-content\/uploads\/2-1550.png\" alt=\"\" width=\"1208\" height=\"680\" title=\"\" srcset=\"https:\/\/www.tgrthaber.com\/mavikadin\/wp-content\/uploads\/2-1550.png 1208w, https:\/\/www.tgrthaber.com\/mavikadin\/wp-content\/uploads\/2-1550-300x169.png 300w, https:\/\/www.tgrthaber.com\/mavikadin\/wp-content\/uploads\/2-1550-1024x576.png 1024w, https:\/\/www.tgrthaber.com\/mavikadin\/wp-content\/uploads\/2-1550-768x432.png 768w\" sizes=\"(max-width: 1208px) 100vw, 1208px\" \/><\/p>\n<hr \/>\n<h3>MEHMET AL\u0130 TUNCER NEDEN \u00d6LD\u00dc?<\/h3>\n<p>Mehmet Ali Tuncer, uzun s\u00fcredir kalp rahats\u0131zl\u0131klar\u0131 nedeniyle tedavi g\u00f6rmekteydi. 17 Temmuz 2025 tarihinde ge\u00e7irdi\u011fi ani kalp krizi sonucu hayat\u0131n\u0131 kaybetti. Ailesinden edinilen bilgilere g\u00f6re, kalp problemleri nedeniyle bir s\u00fcredir tedavi g\u00f6rmekte olan Tuncer\u2019in ani kayb\u0131 sanat camias\u0131nda b\u00fcy\u00fck \u00fcz\u00fcnt\u00fcye sebep oldu.<\/p>\n<p><img loading=\"lazy\" decoding=\"async\" class=\"alignnone size-full wp-image-206829\" src=\"https:\/\/www.tgrthaber.com\/mavikadin\/wp-content\/uploads\/4-1264.png\" alt=\"\" width=\"1208\" height=\"680\" title=\"\" srcset=\"https:\/\/www.tgrthaber.com\/mavikadin\/wp-content\/uploads\/4-1264.png 1208w, https:\/\/www.tgrthaber.com\/mavikadin\/wp-content\/uploads\/4-1264-300x169.png 300w, https:\/\/www.tgrthaber.com\/mavikadin\/wp-content\/uploads\/4-1264-1024x576.png 1024w, https:\/\/www.tgrthaber.com\/mavikadin\/wp-content\/uploads\/4-1264-768x432.png 768w\" sizes=\"(max-width: 1208px) 100vw, 1208px\" \/><\/p>\n<hr \/>\n<h3>OYNADI\u011eI D\u0130Z\u0130 VE F\u0130LMLER HANG\u0130LER\u0130YD\u0130?<\/h3>\n<p>Mehmet Ali Tuncer, oyunculuk kariyerinde bir\u00e7ok dizi ve filmde rol ald\u0131. \u00d6ne \u00e7\u0131kan projeleri \u015funlard\u0131r:<\/p>\n<p>A\u015fk\u0131n Yolculu\u011fu Yunus Emre (2015) \u2013 Boluluzade Ali Taygu karakteriyle TRT 1\u2019de yay\u0131nlanan bu dizide yer ald\u0131.<\/p>\n<p>The \u0130mam (2005)<\/p>\n<p>Konstantin\u2019in \u015eifreleri (2010)<\/p>\n<p>Dur Yolcu (2008)<\/p>\n<p>A\u015fk\u0131m\u0131zda \u00d6l\u00fcm Var (2004)<\/p>\n<p>\u00c7arli \u0130\u015f Ba\u015f\u0131nda (2000)<\/p>\n<p>Bendeyar (2011)<\/p>\n<p>Sevdam G\u00f6zlerinde Kald\u0131 (2016)<\/p>\n<p>Yeniden Ba\u015flamak (2024)<\/p>\n<div style=\"width: 640px;\" class=\"wp-video\"><!--[if lt IE 9]><script>document.createElement('video');<\/script><![endif]-->\n<video class=\"wp-video-shortcode\" id=\"video-206928-1\" width=\"640\" height=\"1138\" preload=\"metadata\" controls=\"controls\"><source type=\"video\/mp4\" src=\"https:\/\/www.tgrthaber.com\/mavikadin\/wp-content\/uploads\/Instagram-2.sayfaofficial-stories-3679337248869151513.mp4?_=1\" \/><a href=\"https:\/\/www.tgrthaber.com\/mavikadin\/wp-content\/uploads\/Instagram-2.sayfaofficial-stories-3679337248869151513.mp4\">https:\/\/www.tgrthaber.com\/mavikadin\/wp-content\/uploads\/Instagram-2.sayfaofficial-stories-3679337248869151513.mp4<\/a><\/video><\/div>\n<hr \/>\n<h3>MEHMET AL\u0130 TUNCER K\u0130MD\u0130R?<\/h3>\n<p>Mehmet Ali Tuncer, uzun y\u0131llar boyunca sahne sanatlar\u0131yla ilgilenmi\u015f, hem oyunculuk hem de y\u00f6netmenlik yapm\u0131\u015f bir isimdi. Tuncer, \u00f6zellikle tiyatroya olan tutkusuyla biliniyordu; zaman zaman televizyon ve sinema projelerinde de yer alm\u0131\u015ft\u0131. Oyunculu\u011fun yan\u0131 s\u0131ra gen\u00e7 sanat\u00e7\u0131lara destek veren, e\u011fitmenlik yapan Tuncer, k\u00fclt\u00fcr sanat camias\u0131nda \u00fcretkenli\u011fi ve karakteriyle sayg\u0131 g\u00f6ren bir fig\u00fcrd\u00fc. Ya\u015fam\u0131 boyunca hem sahnede hem sahne arkas\u0131nda bir\u00e7ok projeye imza att\u0131.<\/p>\n","protected":false},"excerpt":{"rendered":"<p>Tiyatro ve sinema d\u00fcnyas\u0131n\u0131n sevilen isimlerinden Mehmet Ali Tuncer, hayat\u0131n\u0131 kaybetti. Usta oyuncunun vefat haberi sevenlerini h\u00fczne bo\u011farken, bug\u00fcn d\u00fczenlenen cenaze t\u00f6reninde duygusal anlar ya\u015fand\u0131. <\/p>\n","protected":false},"author":28,"featured_media":206933,"comment_status":"closed","ping_status":"closed","sticky":false,"template":"","format":"standard","meta":{"rank_math_lock_modified_date":true,"footnotes":""},"categories":[76],"tags":[2218,28536,28612,28531,28534],"class_list":["post-206928","post","type-post","status-publish","format-standard","has-post-thumbnail","hentry","category-magazin","tag-magazin-haberleri","tag-mehmet-ali-tuncer","tag-mehmet-ali-tuncer-cenaze","tag-mehmet-ali-tuncer-kimdir","tag-mehmet-ali-tuncer-neden-oldu"],"_links":{"self":[{"href":"https:\/\/www.tgrthaber.com\/mavikadin\/wp-json\/wp\/v2\/posts\/206928"}],"collection":[{"href":"https:\/\/www.tgrthaber.com\/mavikadin\/wp-json\/wp\/v2\/posts"}],"about":[{"href":"https:\/\/www.tgrthaber.com\/mavikadin\/wp-json\/wp\/v2\/types\/post"}],"author":[{"embeddable":true,"href":"https:\/\/www.tgrthaber.com\/mavikadin\/wp-json\/wp\/v2\/users\/28"}],"replies":[{"embeddable":true,"href":"https:\/\/www.tgrthaber.com\/mavikadin\/wp-json\/wp\/v2\/comments?post=206928"}],"version-history":[{"count":4,"href":"https:\/\/www.tgrthaber.com\/mavikadin\/wp-json\/wp\/v2\/posts\/206928\/revisions"}],"predecessor-version":[{"id":206992,"href":"https:\/\/www.tgrthaber.com\/mavikadin\/wp-json\/wp\/v2\/posts\/206928\/revisions\/206992"}],"wp:featuredmedia":[{"embeddable":true,"href":"https:\/\/www.tgrthaber.com\/mavikadin\/wp-json\/wp\/v2\/media\/206933"}],"wp:attachment":[{"href":"https:\/\/www.tgrthaber.com\/mavikadin\/wp-json\/wp\/v2\/media?parent=206928"}],"wp:term":[{"taxonomy":"category","embeddable":true,"href":"https:\/\/www.tgrthaber.com\/mavikadin\/wp-json\/wp\/v2\/categories?post=206928"},{"taxonomy":"post_tag","embeddable":true,"href":"https:\/\/www.tgrthaber.com\/mavikadin\/wp-json\/wp\/v2\/tags?post=206928"}],"curies":[{"name":"wp","href":"https:\/\/api.w.org\/{rel}","templated":true}]}}