{"id":206984,"date":"2025-07-18T15:43:09","date_gmt":"2025-07-18T12:43:09","guid":{"rendered":"https:\/\/www.tgrthaber.com\/mavikadin\/?p=206984"},"modified":"2025-07-18T15:43:08","modified_gmt":"2025-07-18T12:43:08","slug":"bahar-suer-bereketli-topraklar-dizisinde-ailenin-tek-kizi-rolunu-ustlendi","status":"publish","type":"post","link":"https:\/\/www.tgrthaber.com\/mavikadin\/bahar-suer-bereketli-topraklar-dizisinde-ailenin-tek-kizi-rolunu-ustlendi\/","title":{"rendered":"Bahar S\u00fcer Bereketli Topraklar dizisinde! Ailenin tek k\u0131z\u0131 rol\u00fcn\u00fc \u00fcstlendi"},"content":{"rendered":"<p>Yeni sezonda Show TV ekranlar\u0131nda izleyiciyle bulu\u015fmaya haz\u0131rlanan \u201cBereketli Topraklar\u201d dizisi, g\u00fc\u00e7l\u00fc kadrosu ve usta kalemlerden \u00e7\u0131kan senaryosuyla dikkat \u00e7ekiyor. Safa \u00d6nal\u2019\u0131n \u201cBodrum Hakimi\u201d ve \u201cDervi\u015f Bey\u201d adl\u0131 eserlerinden uyarlanan yap\u0131m, dram ve aile ili\u015fkilerini merkezine al\u0131rken, hikayenin \u00f6nemli karakterlerinden biri olan \u201cSeyhan\u201d i\u00e7in s\u00fcrpriz bir isim a\u00e7\u0131kland\u0131. Ba\u015far\u0131l\u0131 oyuncu Bahar S\u00fcer, dizinin en merak edilen rollerinden biriyle seyirci kar\u015f\u0131s\u0131na \u00e7\u0131kacak. \u0130\u015fte detaylar&#8230;<\/p>\n<h3>BEREKETL\u0130 TOPRAKLAR KADROSU GEN\u0130\u015eL\u0130YOR<\/h3>\n<p>Dizinin y\u00f6netmen koltu\u011funda, daha \u00f6nce pek \u00e7ok sevilen projeye imza atan Ya\u011f\u0131z Alp Akayd\u0131n oturuyor. \u201cBereketli Topraklar\u201d, T\u00fcrk sinemas\u0131n\u0131n usta kalemlerinden Safa \u00d6nal\u2019\u0131n iki \u00f6nemli eseri olan \u201cBodrum Hakimi\u201d ve \u201cDervi\u015f Bey\u201dden uyarlan\u0131yor. Uyarlama senaryo ise Hasan Tolga Pulat ve Ozan A\u011fa\u00e7 imzas\u0131 ta\u015f\u0131yor.<\/p>\n<p><img loading=\"lazy\" decoding=\"async\" class=\"alignnone size-full wp-image-206988\" src=\"https:\/\/www.tgrthaber.com\/mavikadin\/wp-content\/uploads\/3-1528.png\" alt=\"\" width=\"1208\" height=\"680\" title=\"\" srcset=\"https:\/\/www.tgrthaber.com\/mavikadin\/wp-content\/uploads\/3-1528.png 1208w, https:\/\/www.tgrthaber.com\/mavikadin\/wp-content\/uploads\/3-1528-300x169.png 300w, https:\/\/www.tgrthaber.com\/mavikadin\/wp-content\/uploads\/3-1528-1024x576.png 1024w, https:\/\/www.tgrthaber.com\/mavikadin\/wp-content\/uploads\/3-1528-768x432.png 768w\" sizes=\"(max-width: 1208px) 100vw, 1208px\" \/><\/p>\n<hr \/>\n<h3>BAHAR S\u00dcER KADRODA<\/h3>\n<p>Dizinin dikkat \u00e7eken karakterlerinden biri de \u201cSeyhan\u201d. Bereketo\u011flu ailesinin tek k\u0131z\u0131 olan bu karakteri oynayacak isim Bahar S\u00fcer oldu. Seyhan karakteri, dizinin merkezindeki aile yap\u0131s\u0131n\u0131 kad\u0131n g\u00f6z\u00fcyle temsil edecek.<\/p>\n<p>Seyhan\u2019\u0131n abisi \u00d6mer\u2019i Engin Aky\u00fcrek oynayacak. Ailenin di\u011fer o\u011flu Ferit rol\u00fcnde Sarp Akkaya, en k\u00fc\u00e7\u00fck karde\u015f Salih karakterinde ise Bilal Yi\u011fit Ko\u00e7ak izleyici kar\u015f\u0131s\u0131na \u00e7\u0131kacak. Bereketo\u011flu ailesinin bu g\u00fc\u00e7l\u00fc erkek kadrosu i\u00e7erisinde Seyhan karakteri \u015fimdiden merak konusu.<\/p>\n<p><img loading=\"lazy\" decoding=\"async\" class=\"alignnone size-full wp-image-206989\" src=\"https:\/\/www.tgrthaber.com\/mavikadin\/wp-content\/uploads\/4-1270.png\" alt=\"\" width=\"1208\" height=\"680\" title=\"\" srcset=\"https:\/\/www.tgrthaber.com\/mavikadin\/wp-content\/uploads\/4-1270.png 1208w, https:\/\/www.tgrthaber.com\/mavikadin\/wp-content\/uploads\/4-1270-300x169.png 300w, https:\/\/www.tgrthaber.com\/mavikadin\/wp-content\/uploads\/4-1270-1024x576.png 1024w, https:\/\/www.tgrthaber.com\/mavikadin\/wp-content\/uploads\/4-1270-768x432.png 768w\" sizes=\"(max-width: 1208px) 100vw, 1208px\" \/><\/p>\n<hr \/>\n<h3>KADIN BA\u015eROL OYUNCUSU \u0130\u00c7\u0130N G\u00d6R\u00dc\u015eMELER S\u00dcR\u00dcYOR<\/h3>\n<p>Dizinin en \u00f6nemli rollerinden biri olan savc\u0131 Nevin Y\u0131lmaz karakteri i\u00e7inse hen\u00fcz bir oyuncuyla anla\u015fma sa\u011flanmad\u0131. Kad\u0131n ba\u015frol i\u00e7in yap\u0131m ekibi g\u00f6r\u00fc\u015fmelerine devam ediyor. G\u00fc\u00e7l\u00fc bir kad\u0131n fig\u00fcr olarak hikyede b\u00fcy\u00fck yer kaplayacak olan savc\u0131 karakteri i\u00e7in kimin se\u00e7ilece\u011fi, \u015fimdiden dizinin takip\u00e7ileri taraf\u0131ndan yak\u0131ndan izleniyor.<\/p>\n<p><img loading=\"lazy\" decoding=\"async\" class=\"alignnone size-full wp-image-206985\" src=\"https:\/\/www.tgrthaber.com\/mavikadin\/wp-content\/uploads\/1-1490.png\" alt=\"\" width=\"1208\" height=\"680\" title=\"\" srcset=\"https:\/\/www.tgrthaber.com\/mavikadin\/wp-content\/uploads\/1-1490.png 1208w, https:\/\/www.tgrthaber.com\/mavikadin\/wp-content\/uploads\/1-1490-300x169.png 300w, https:\/\/www.tgrthaber.com\/mavikadin\/wp-content\/uploads\/1-1490-1024x576.png 1024w, https:\/\/www.tgrthaber.com\/mavikadin\/wp-content\/uploads\/1-1490-768x432.png 768w\" sizes=\"(max-width: 1208px) 100vw, 1208px\" \/><\/p>\n<hr \/>\n<h3>D\u0130Z\u0130 EK\u0130B\u0130 ADANA\u2019DA SET HAZIRLI\u011eINDA<\/h3>\n<p>\u201cBereketli Topraklar\u201d\u0131n \u00e7ekimleri Eyl\u00fcl ay\u0131nda ba\u015flayacak. Dizi ekibi, \u015fimdilerde Adana\u2019da mekanm ara\u015ft\u0131rmalar\u0131n\u0131 s\u00fcrd\u00fcr\u00fcyor. Hik\u00e2yenin atmosferine uygun mekanlar i\u00e7in yap\u0131lan bu haz\u0131rl\u0131k, dizinin do\u011fal ve etkileyici bir g\u00f6rsellikle ekrana ta\u015f\u0131naca\u011f\u0131n\u0131n sinyallerini veriyor.<\/p>\n","protected":false},"excerpt":{"rendered":"<p>Show TV\u2019nin yeni sezon bombas\u0131 \u201cBereketli Topraklar\u201d i\u00e7in haz\u0131rl\u0131klar h\u0131z kesmeden s\u00fcr\u00fcyor. Usta kalemlerden uyarlanan diziye son olarak ba\u015far\u0131l\u0131 oyuncu Bahar S\u00fcer dahil oldu. S\u00fcer, dizide kritik bir karakteri oynayacak.<\/p>\n","protected":false},"author":28,"featured_media":206987,"comment_status":"closed","ping_status":"closed","sticky":false,"template":"","format":"standard","meta":{"rank_math_lock_modified_date":true,"footnotes":""},"categories":[76],"tags":[28626,28627,28628,23530,2218],"class_list":["post-206984","post","type-post","status-publish","format-standard","has-post-thumbnail","hentry","category-magazin","tag-bahar-suer","tag-bahar-suer-bereketli-topraklar","tag-bahar-suer-yeni-dizi","tag-bereketli-topraklar","tag-magazin-haberleri"],"_links":{"self":[{"href":"https:\/\/www.tgrthaber.com\/mavikadin\/wp-json\/wp\/v2\/posts\/206984"}],"collection":[{"href":"https:\/\/www.tgrthaber.com\/mavikadin\/wp-json\/wp\/v2\/posts"}],"about":[{"href":"https:\/\/www.tgrthaber.com\/mavikadin\/wp-json\/wp\/v2\/types\/post"}],"author":[{"embeddable":true,"href":"https:\/\/www.tgrthaber.com\/mavikadin\/wp-json\/wp\/v2\/users\/28"}],"replies":[{"embeddable":true,"href":"https:\/\/www.tgrthaber.com\/mavikadin\/wp-json\/wp\/v2\/comments?post=206984"}],"version-history":[{"count":2,"href":"https:\/\/www.tgrthaber.com\/mavikadin\/wp-json\/wp\/v2\/posts\/206984\/revisions"}],"predecessor-version":[{"id":206991,"href":"https:\/\/www.tgrthaber.com\/mavikadin\/wp-json\/wp\/v2\/posts\/206984\/revisions\/206991"}],"wp:featuredmedia":[{"embeddable":true,"href":"https:\/\/www.tgrthaber.com\/mavikadin\/wp-json\/wp\/v2\/media\/206987"}],"wp:attachment":[{"href":"https:\/\/www.tgrthaber.com\/mavikadin\/wp-json\/wp\/v2\/media?parent=206984"}],"wp:term":[{"taxonomy":"category","embeddable":true,"href":"https:\/\/www.tgrthaber.com\/mavikadin\/wp-json\/wp\/v2\/categories?post=206984"},{"taxonomy":"post_tag","embeddable":true,"href":"https:\/\/www.tgrthaber.com\/mavikadin\/wp-json\/wp\/v2\/tags?post=206984"}],"curies":[{"name":"wp","href":"https:\/\/api.w.org\/{rel}","templated":true}]}}