{"id":207031,"date":"2025-07-18T17:44:19","date_gmt":"2025-07-18T14:44:19","guid":{"rendered":"https:\/\/www.tgrthaber.com\/mavikadin\/?p=207031"},"modified":"2025-07-18T17:44:19","modified_gmt":"2025-07-18T14:44:19","slug":"the-last-of-us-dizisinin-3-sezonu-ne-zaman-baslayacak-hbo-max-the-last-of-us-dizisinin-3-sezonunu-duyurdu-mu","status":"publish","type":"post","link":"https:\/\/www.tgrthaber.com\/mavikadin\/the-last-of-us-dizisinin-3-sezonu-ne-zaman-baslayacak-hbo-max-the-last-of-us-dizisinin-3-sezonunu-duyurdu-mu\/","title":{"rendered":"The Last of Us dizisinin 3. sezonu ne zaman ba\u015flayacak? HBO Max The Last of Us dizisinin 3. sezonunu duyurdu mu"},"content":{"rendered":"<p>HBO Max\u2019in b\u00fcy\u00fck ses getiren yap\u0131m\u0131 The Last of Us, ilk iki sezonuyla d\u00fcnya \u00e7ap\u0131nda geni\u015f bir hayran kitlesine ula\u015ft\u0131. Hem oyun severlerin hem de dizi tutkunlar\u0131n\u0131n yak\u0131n takibinde olan yap\u0131m\u0131n 3. sezonuyla ilgili geli\u015fmeler merakla bekleniyordu. Yap\u0131mc\u0131 ve kanal yetkililerinden gelen son a\u00e7\u0131klamalarla birlikte dizinin gelece\u011fine dair \u00f6nemli detaylar netle\u015fmeye ba\u015flad\u0131. \u0130\u015fte detaylar&#8230;<\/p>\n<h3>THE LAST OF US 3. SEZONU NE ZAMAN BA\u015eLAYACAK?<\/h3>\n<p>HBO Max\u2019in sevilen dizisi The Last of Us i\u00e7in \u00fc\u00e7\u00fcnc\u00fc sezon haz\u0131rl\u0131klar\u0131 s\u00fcr\u00fcyor. Dizinin yap\u0131mc\u0131lar\u0131ndan ve ayn\u0131 zamanda HBO CEO\u2019su olan Casey Bloys, verdi\u011fi son deme\u00e7te \u00fc\u00e7\u00fcnc\u00fc sezonun 2027 y\u0131l\u0131nda yay\u0131nlanmas\u0131n\u0131n planland\u0131\u011f\u0131n\u0131 a\u00e7\u0131klad\u0131. Ancak sezonun kesin \u00e7\u0131k\u0131\u015f tarihi hen\u00fcz netle\u015fmi\u015f de\u011fil.<\/p>\n<p><img loading=\"lazy\" decoding=\"async\" class=\"alignnone size-full wp-image-207040\" src=\"https:\/\/www.tgrthaber.com\/mavikadin\/wp-content\/uploads\/3-1531.png\" alt=\"\" width=\"1208\" height=\"680\" title=\"\" srcset=\"https:\/\/www.tgrthaber.com\/mavikadin\/wp-content\/uploads\/3-1531.png 1208w, https:\/\/www.tgrthaber.com\/mavikadin\/wp-content\/uploads\/3-1531-300x169.png 300w, https:\/\/www.tgrthaber.com\/mavikadin\/wp-content\/uploads\/3-1531-1024x576.png 1024w, https:\/\/www.tgrthaber.com\/mavikadin\/wp-content\/uploads\/3-1531-768x432.png 768w\" sizes=\"(max-width: 1208px) 100vw, 1208px\" \/><\/p>\n<hr \/>\n<p>Showrunner Craig Mazin ise yeni sezonun uzunlu\u011fu konusunda nihai karar\u0131n hen\u00fcz verilmedi\u011fini belirtti. Mazin\u2019e g\u00f6re, hikayenin gidi\u015fat\u0131na ba\u011fl\u0131 olarak sezon tek bir uzun b\u00f6l\u00fcm halinde sunulabilir ya da iki ayr\u0131 sezona b\u00f6l\u00fcnebilir.<\/p>\n<p><img loading=\"lazy\" decoding=\"async\" class=\"alignnone size-full wp-image-207041\" src=\"https:\/\/www.tgrthaber.com\/mavikadin\/wp-content\/uploads\/4-1273.png\" alt=\"\" width=\"1208\" height=\"680\" title=\"\" srcset=\"https:\/\/www.tgrthaber.com\/mavikadin\/wp-content\/uploads\/4-1273.png 1208w, https:\/\/www.tgrthaber.com\/mavikadin\/wp-content\/uploads\/4-1273-300x169.png 300w, https:\/\/www.tgrthaber.com\/mavikadin\/wp-content\/uploads\/4-1273-1024x576.png 1024w, https:\/\/www.tgrthaber.com\/mavikadin\/wp-content\/uploads\/4-1273-768x432.png 768w\" sizes=\"(max-width: 1208px) 100vw, 1208px\" \/><\/p>\n<hr \/>\n<h3>HBO MAX THE LAST OF US 3. SEZONUNU DUYURDU MU?<\/h3>\n<p>Evet. HBO Max, The Last of Us dizisinin \u00fc\u00e7\u00fcnc\u00fc sezonunu 9 Nisan 2025 tarihinde resmi olarak duyurdu. Bu a\u00e7\u0131klama, ikinci sezonun yay\u0131nlanmas\u0131ndan \u00f6nce yap\u0131ld\u0131 ve dizinin gelece\u011fi i\u00e7in \u00f6nemli bir ad\u0131m olarak de\u011ferlendirildi.<\/p>\n<p>Yeni sezonda yer alacak oyuncu kadrosu, b\u00f6l\u00fcm say\u0131s\u0131 ya da yay\u0131n tarihiyle ilgili detaylar hen\u00fcz payla\u015f\u0131lmasa da, 2027 y\u0131l\u0131 itibar\u0131yla dizinin yeni b\u00f6l\u00fcmleri izleyiciyle bulu\u015facak.<\/p>\n<p><img loading=\"lazy\" decoding=\"async\" class=\"alignnone size-full wp-image-207042\" src=\"https:\/\/www.tgrthaber.com\/mavikadin\/wp-content\/uploads\/5-823.png\" alt=\"\" width=\"1208\" height=\"680\" title=\"\" srcset=\"https:\/\/www.tgrthaber.com\/mavikadin\/wp-content\/uploads\/5-823.png 1208w, https:\/\/www.tgrthaber.com\/mavikadin\/wp-content\/uploads\/5-823-300x169.png 300w, https:\/\/www.tgrthaber.com\/mavikadin\/wp-content\/uploads\/5-823-1024x576.png 1024w, https:\/\/www.tgrthaber.com\/mavikadin\/wp-content\/uploads\/5-823-768x432.png 768w\" sizes=\"(max-width: 1208px) 100vw, 1208px\" \/><\/p>\n<hr \/>\n<h3>THE LAST OF US 3. SEZON KONUSU NED\u0130R?<\/h3>\n<p>The Last of Us dizisinin 3. sezonu, hikayede \u00f6nemli bir de\u011fi\u015fiklikle Abby\u2019nin bak\u0131\u015f a\u00e7\u0131s\u0131n\u0131 merkeze alacak. \u00d6nceki sezonlarda Ellie\u2019nin g\u00f6z\u00fcnden anlat\u0131lan olaylar, bu sezon Abby\u2019nin ge\u00e7mi\u015fi, motivasyonlar\u0131 ve ya\u015fad\u0131\u011f\u0131 zorluklar \u00fczerinden i\u015flenecek. Sezon, Ellie ve Dina\u2019n\u0131n Seattle\u2019da Abby\u2019yi arad\u0131\u011f\u0131 d\u00f6nemle paralel ilerleyecek ve izleyicilere ayn\u0131 olaylar\u0131 farkl\u0131 bir perspektiften g\u00f6rme imkan\u0131 sunacak. Abby\u2019nin WLF (Washington Liberation Front) ile olan ili\u015fkileri, Seraphite grubu ile ya\u015fanan \u00e7at\u0131\u015fmalar ve karakterlerin i\u00e7sel m\u00fccadeleleri sezonun ana temas\u0131n\u0131 olu\u015fturacak. Bu sayede dizide hem yeni karakterler tan\u0131t\u0131lacak hem de mevcut karakterlerin derinli\u011fi artacak.<\/p>\n","protected":false},"excerpt":{"rendered":"<p>HBO\u2019nun b\u00fcy\u00fck ilgi g\u00f6ren dizisi The Last of Us, \u00fc\u00e7\u00fcnc\u00fc sezonuyla ekranlara d\u00f6nmeye haz\u0131rlan\u0131yor. Hem ele\u015ftirmenlerden hem de izleyicilerden tam not alan yap\u0131m, yeni sezonda hikayeyi farkl\u0131 bir bak\u0131\u015f a\u00e7\u0131s\u0131yla ele alacak.<\/p>\n","protected":false},"author":28,"featured_media":207038,"comment_status":"closed","ping_status":"closed","sticky":false,"template":"","format":"standard","meta":{"rank_math_lock_modified_date":true,"footnotes":""},"categories":[602],"tags":[2628,18658,28638,28639],"class_list":["post-207031","post","type-post","status-publish","format-standard","has-post-thumbnail","hentry","category-diziler","tag-dizi-haberleri","tag-the-last-of-us","tag-the-last-of-us-3-sezon","tag-the-last-of-us-hbo-max"],"_links":{"self":[{"href":"https:\/\/www.tgrthaber.com\/mavikadin\/wp-json\/wp\/v2\/posts\/207031"}],"collection":[{"href":"https:\/\/www.tgrthaber.com\/mavikadin\/wp-json\/wp\/v2\/posts"}],"about":[{"href":"https:\/\/www.tgrthaber.com\/mavikadin\/wp-json\/wp\/v2\/types\/post"}],"author":[{"embeddable":true,"href":"https:\/\/www.tgrthaber.com\/mavikadin\/wp-json\/wp\/v2\/users\/28"}],"replies":[{"embeddable":true,"href":"https:\/\/www.tgrthaber.com\/mavikadin\/wp-json\/wp\/v2\/comments?post=207031"}],"version-history":[{"count":1,"href":"https:\/\/www.tgrthaber.com\/mavikadin\/wp-json\/wp\/v2\/posts\/207031\/revisions"}],"predecessor-version":[{"id":207043,"href":"https:\/\/www.tgrthaber.com\/mavikadin\/wp-json\/wp\/v2\/posts\/207031\/revisions\/207043"}],"wp:featuredmedia":[{"embeddable":true,"href":"https:\/\/www.tgrthaber.com\/mavikadin\/wp-json\/wp\/v2\/media\/207038"}],"wp:attachment":[{"href":"https:\/\/www.tgrthaber.com\/mavikadin\/wp-json\/wp\/v2\/media?parent=207031"}],"wp:term":[{"taxonomy":"category","embeddable":true,"href":"https:\/\/www.tgrthaber.com\/mavikadin\/wp-json\/wp\/v2\/categories?post=207031"},{"taxonomy":"post_tag","embeddable":true,"href":"https:\/\/www.tgrthaber.com\/mavikadin\/wp-json\/wp\/v2\/tags?post=207031"}],"curies":[{"name":"wp","href":"https:\/\/api.w.org\/{rel}","templated":true}]}}