{"id":207032,"date":"2025-07-18T17:24:52","date_gmt":"2025-07-18T14:24:52","guid":{"rendered":"https:\/\/www.tgrthaber.com\/mavikadin\/?p=207032"},"modified":"2025-07-18T17:24:53","modified_gmt":"2025-07-18T14:24:53","slug":"kadir-ezildi-balayinda-karisina-is-buldu-yeni-gorevi-diye-duyurdu","status":"publish","type":"post","link":"https:\/\/www.tgrthaber.com\/mavikadin\/kadir-ezildi-balayinda-karisina-is-buldu-yeni-gorevi-diye-duyurdu\/","title":{"rendered":"Kadir Ezildi balay\u0131nda kar\u0131s\u0131na i\u015f buldu! Yeni g\u00f6revi diye duyurdu"},"content":{"rendered":"<p>Program sunucusu Kadir Ezildi balay\u0131nda da g\u00fcndem olmaya devam ediyor. \u00c7ekti\u011fi videolarla merak uyand\u0131ran Ezildi son olarak kar\u0131s\u0131na i\u015f buldu\u011funu duyurdu.<\/p>\n<h3>KAD\u0130R EZ\u0130LD\u0130 BALAYINDA KARISINA \u0130\u015e BULDU<\/h3>\n<p>\u2018En Hamarat Benim\u2019, \u2018Temizlik Avc\u0131lar\u0131\u2019 gibi programlarla ad\u0131n\u0131 duyuran sosyal medya fenomeni Kadir Ezildi ge\u00e7ti\u011fimiz hafta d\u00fcnyaevine girmi\u015fti.<\/p>\n<p>\u015eu anda balay\u0131nda olan Kadir Ezildi son videolar\u0131 ile g\u00fcndeme geldi. Kar\u0131s\u0131na i\u015f buldu\u011funu anlatan Ezildi\u2019yi binlerce ki\u015fi izledi.\u00a0 E\u015finin kendisinin videolar\u0131n\u0131 \u00e7ekece\u011fini s\u00f6yleyen Kadir Ezildi sosyal medyada g\u00fcndem oldu.<\/p>\n<div style=\"width: 640px;\" class=\"wp-video\"><!--[if lt IE 9]><script>document.createElement('video');<\/script><![endif]-->\n<video class=\"wp-video-shortcode\" id=\"video-207032-1\" width=\"640\" height=\"1138\" preload=\"metadata\" controls=\"controls\"><source type=\"video\/mp4\" src=\"https:\/\/www.tgrthaber.com\/mavikadin\/wp-content\/uploads\/Kadir-Ezildi-1-1.mp4?_=1\" \/><a href=\"https:\/\/www.tgrthaber.com\/mavikadin\/wp-content\/uploads\/Kadir-Ezildi-1-1.mp4\">https:\/\/www.tgrthaber.com\/mavikadin\/wp-content\/uploads\/Kadir-Ezildi-1-1.mp4<\/a><\/video><\/div>\n<hr \/>\n<h3>D\u00dc\u011e\u00dcNE SERVET HARCADI<\/h3>\n<p>Farkl\u0131 \u015fehirlerde g\u00fcnlerce yapt\u0131\u011f\u0131 ni\u015fan ve d\u00fc\u011f\u00fcnleriyle dikkat \u00e7eken Kadir Ezildi sosyal medyada baz\u0131 ki\u015filer taraf\u0131ndan \u2018abartt\u0131\u2019 yorumlar\u0131na maruz kald\u0131. Ni\u015fan s\u00fcrecinde 500 bin TL harcama yapt\u0131\u011f\u0131n\u0131 dile getiren Kadir Ezildi ni\u015fan boh\u00e7as\u0131ndan k\u0131naya, d\u00fc\u011f\u00fcnden balay\u0131na her bir detay\u0131 takip\u00e7ileriyle payla\u015ft\u0131.<\/p>\n<p>Damat boh\u00e7as\u0131 g\u00fcn\u00fcn\u00fc g\u00f6rkemli bir \u015fekilde yapan Kadir Ezildi g\u00fcnlerce sosyal medyada konu\u015fulmu\u015ftu.<\/p>\n<p>\u00d6zel bir klip \u00e7ekimi de yapan Kadir Ezildi &#8220;Gelenek g\u00f6renek deyince de biz. Damat boh\u00e7am\u0131zda geldi&#8221; demi\u015fti.<\/p>\n<p>Yapt\u0131\u011f\u0131 payla\u015f\u0131mlarda e\u015fi Gamze T\u00fcrkmen\u2019in kolundaki bileziklerde dikkat \u00e7ekmi\u015fti.<\/p>\n<p><img loading=\"lazy\" decoding=\"async\" class=\"alignnone size-full wp-image-207034\" src=\"https:\/\/www.tgrthaber.com\/mavikadin\/wp-content\/uploads\/Kadir-Ezildi-2-5.png\" alt=\"\" width=\"1208\" height=\"680\" title=\"\" srcset=\"https:\/\/www.tgrthaber.com\/mavikadin\/wp-content\/uploads\/Kadir-Ezildi-2-5.png 1208w, https:\/\/www.tgrthaber.com\/mavikadin\/wp-content\/uploads\/Kadir-Ezildi-2-5-300x169.png 300w, https:\/\/www.tgrthaber.com\/mavikadin\/wp-content\/uploads\/Kadir-Ezildi-2-5-1024x576.png 1024w, https:\/\/www.tgrthaber.com\/mavikadin\/wp-content\/uploads\/Kadir-Ezildi-2-5-768x432.png 768w\" sizes=\"(max-width: 1208px) 100vw, 1208px\" \/><\/p>\n<hr \/>\n<h3>MAYIS AYINDA N\u0130KAH OLMU\u015eTU<\/h3>\n<p>Kadir Ezildi ile Gamze T\u00fcrkmen 5 May\u0131s 2025 g\u00fcn\u00fc imza atarak nikah k\u0131ym\u0131\u015ft\u0131. \u0130kiliyi, aile yak\u0131nlar\u0131, dostlar\u0131 ve sevenleri bu mutlu g\u00fcnlerinde yaln\u0131z b\u0131rakmam\u0131\u015ft\u0131.<\/p>\n<p>Mutlu karelerini sosyal medya hesab\u0131ndan payla\u015fan Kadir Ezildi ve Gamze T\u00fcrkmen balay\u0131 i\u00e7in M\u0131s\u0131r\u2019\u0131 tercih etti.<\/p>\n<p><img loading=\"lazy\" decoding=\"async\" class=\"alignnone size-full wp-image-207035\" src=\"https:\/\/www.tgrthaber.com\/mavikadin\/wp-content\/uploads\/Kadir-Ezildi-3-3.png\" alt=\"\" width=\"1208\" height=\"680\" title=\"\" srcset=\"https:\/\/www.tgrthaber.com\/mavikadin\/wp-content\/uploads\/Kadir-Ezildi-3-3.png 1208w, https:\/\/www.tgrthaber.com\/mavikadin\/wp-content\/uploads\/Kadir-Ezildi-3-3-300x169.png 300w, https:\/\/www.tgrthaber.com\/mavikadin\/wp-content\/uploads\/Kadir-Ezildi-3-3-1024x576.png 1024w, https:\/\/www.tgrthaber.com\/mavikadin\/wp-content\/uploads\/Kadir-Ezildi-3-3-768x432.png 768w\" sizes=\"(max-width: 1208px) 100vw, 1208px\" \/><\/p>\n<hr \/>\n<h3>&#8221;BAK BAK, EROS SANK\u0130&#8230;&#8221;<\/h3>\n<p>Yapt\u0131\u011f\u0131 payla\u015f\u0131mlarla ad\u0131ndan s\u00f6z ettiren Kadir Ezildi, d\u00fc\u011f\u00fcnde e\u015fiyle dans ettikleri videoyu Instagram&#8217;dan yay\u0131mlad\u0131.<\/p>\n<p>K\u0131sa zaman i\u00e7inde yorum ya\u011fmuruna tutulan Ezildi gelen bir yoruma kay\u0131ts\u0131z kalamad\u0131.<\/p>\n<p>Kadir Ezildi, e\u015fi Gamze T\u00fcrkmen ile dans etti\u011fi videoya gelen &#8221;A\u015fk kokusu alamayan tek ben miyim?&#8221; ele\u015ftirisine jet h\u0131z\u0131yla cevap verdi.<\/p>\n<p>Ezildi bu yoruma kar\u015f\u0131l\u0131k olarak &#8221;Bak bak, Eros sanki&#8230; A\u015fk okunu sen mi at\u0131yorsun?&#8221; \u015feklinde not d\u00fc\u015ft\u00fc.<\/p>\n","protected":false},"excerpt":{"rendered":"<p>Sosyal medya fenomeni Kadir Ezildi balay\u0131nda \u00e7ekti\u011fi videolarla g\u00fcndem oldu. Balay\u0131nda kar\u0131s\u0131na i\u015f buldu\u011funu anlatan Ezildi\u2019nin renkli videolar\u0131n\u0131 binlerce ki\u015fi izledi.<\/p>\n","protected":false},"author":5,"featured_media":207036,"comment_status":"closed","ping_status":"closed","sticky":false,"template":"","format":"standard","meta":{"rank_math_lock_modified_date":false,"footnotes":""},"categories":[76],"tags":[2709,2573,133],"class_list":["post-207032","post","type-post","status-publish","format-standard","has-post-thumbnail","hentry","category-magazin","tag-gamze-turkmen","tag-kadir-ezildi","tag-magazin"],"_links":{"self":[{"href":"https:\/\/www.tgrthaber.com\/mavikadin\/wp-json\/wp\/v2\/posts\/207032"}],"collection":[{"href":"https:\/\/www.tgrthaber.com\/mavikadin\/wp-json\/wp\/v2\/posts"}],"about":[{"href":"https:\/\/www.tgrthaber.com\/mavikadin\/wp-json\/wp\/v2\/types\/post"}],"author":[{"embeddable":true,"href":"https:\/\/www.tgrthaber.com\/mavikadin\/wp-json\/wp\/v2\/users\/5"}],"replies":[{"embeddable":true,"href":"https:\/\/www.tgrthaber.com\/mavikadin\/wp-json\/wp\/v2\/comments?post=207032"}],"version-history":[{"count":1,"href":"https:\/\/www.tgrthaber.com\/mavikadin\/wp-json\/wp\/v2\/posts\/207032\/revisions"}],"predecessor-version":[{"id":207037,"href":"https:\/\/www.tgrthaber.com\/mavikadin\/wp-json\/wp\/v2\/posts\/207032\/revisions\/207037"}],"wp:featuredmedia":[{"embeddable":true,"href":"https:\/\/www.tgrthaber.com\/mavikadin\/wp-json\/wp\/v2\/media\/207036"}],"wp:attachment":[{"href":"https:\/\/www.tgrthaber.com\/mavikadin\/wp-json\/wp\/v2\/media?parent=207032"}],"wp:term":[{"taxonomy":"category","embeddable":true,"href":"https:\/\/www.tgrthaber.com\/mavikadin\/wp-json\/wp\/v2\/categories?post=207032"},{"taxonomy":"post_tag","embeddable":true,"href":"https:\/\/www.tgrthaber.com\/mavikadin\/wp-json\/wp\/v2\/tags?post=207032"}],"curies":[{"name":"wp","href":"https:\/\/api.w.org\/{rel}","templated":true}]}}