{"id":207044,"date":"2025-07-18T18:11:42","date_gmt":"2025-07-18T15:11:42","guid":{"rendered":"https:\/\/www.tgrthaber.com\/mavikadin\/?p=207044"},"modified":"2025-07-18T18:11:42","modified_gmt":"2025-07-18T15:11:42","slug":"al-beni-baba-filmin-konusu-nedir-al-beni-baba-filminde-kimler-oynuyor","status":"publish","type":"post","link":"https:\/\/www.tgrthaber.com\/mavikadin\/al-beni-baba-filmin-konusu-nedir-al-beni-baba-filminde-kimler-oynuyor\/","title":{"rendered":"Al Beni Baba filmin konusu nedir? Al Beni Baba filminde kimler oynuyor?"},"content":{"rendered":"<p>Ger\u00e7ek bir olaydan ilham al\u0131narak senaryola\u015ft\u0131r\u0131lan Al Beni Baba, bir baban\u0131n k\u0131z\u0131n\u0131 karanl\u0131k bir \u00e7evreden kurtarma m\u00fccadelesini anlat\u0131yor. Aile ba\u011flar\u0131, dijital \u00e7a\u011fda gen\u00e7lerin kar\u015f\u0131la\u015ft\u0131\u011f\u0131 tehlikeler ve pi\u015fmanl\u0131kla \u00f6r\u00fcl\u00fc duygusal bir yolculuk sunan film, hem konusu hem de oyuncu kadrosuyla dikkat \u00e7ekiyor. Psikolojik ve toplumsal temalar\u0131 bir araya getiren yap\u0131m, izleyiciyi yaln\u0131zca bir hikayeye de\u011fil, ayn\u0131 zamanda bir y\u00fczle\u015fmeye davet ediyor. \u0130\u015fte filmde dair detaylar&#8230;<\/p>\n<h3>AL BEN\u0130 BABA F\u0130LM\u0130N\u0130N KONUSU NED\u0130R?<\/h3>\n<p>Al Beni Baba, ailesiyle ya\u015fad\u0131\u011f\u0131 ileti\u015fim problemleri sonucu evden uzakla\u015fan gen\u00e7 bir k\u0131z\u0131n, i\u00e7inde bulundu\u011fu tehlikeli ortamdan kurtulma \u00e7abas\u0131n\u0131 ve bu s\u00fcre\u00e7te devreye giren baba fig\u00fcr\u00fcn\u00fc konu al\u0131yor. Nazl\u0131, sosyal medya arac\u0131l\u0131\u011f\u0131yla tan\u0131\u015ft\u0131\u011f\u0131 biriyle birlikte olabilmek i\u00e7in ailesinden habersiz bir yolculu\u011fa \u00e7\u0131k\u0131yor. Ancak zamanla, i\u00e7inde bulundu\u011fu ili\u015fkide hem psikolojik hem fiziksel bask\u0131ya maruz kal\u0131yor.<\/p>\n<p><img loading=\"lazy\" decoding=\"async\" class=\"alignnone size-full wp-image-207049\" src=\"https:\/\/www.tgrthaber.com\/mavikadin\/wp-content\/uploads\/3-1532.png\" alt=\"\" width=\"1208\" height=\"680\" title=\"\" srcset=\"https:\/\/www.tgrthaber.com\/mavikadin\/wp-content\/uploads\/3-1532.png 1208w, https:\/\/www.tgrthaber.com\/mavikadin\/wp-content\/uploads\/3-1532-300x169.png 300w, https:\/\/www.tgrthaber.com\/mavikadin\/wp-content\/uploads\/3-1532-1024x576.png 1024w, https:\/\/www.tgrthaber.com\/mavikadin\/wp-content\/uploads\/3-1532-768x432.png 768w\" sizes=\"(max-width: 1208px) 100vw, 1208px\" \/><\/p>\n<hr \/>\n<p>Ya\u015fad\u0131\u011f\u0131 zor durumdan kurtulmak i\u00e7in babas\u0131na att\u0131\u011f\u0131 \u201cAl beni baba\u201d mesaj\u0131, olaylar\u0131n seyrini de\u011fi\u015ftiriyor. Film; internetin kontrols\u00fcz kullan\u0131m\u0131n\u0131n do\u011furabilece\u011fi riskleri, bir baban\u0131n \u00e7ocu\u011funu koruma g\u00fcd\u00fcs\u00fcn\u00fc ve aile i\u00e7indeki kopukluklar\u0131n nas\u0131l geri d\u00f6n\u00fc\u015fs\u00fcz sonu\u00e7lara yol a\u00e7abilece\u011fini ger\u00e7ek\u00e7i bir dille anlat\u0131yor.<\/p>\n<p><img loading=\"lazy\" decoding=\"async\" class=\"alignnone size-full wp-image-207048\" src=\"https:\/\/www.tgrthaber.com\/mavikadin\/wp-content\/uploads\/2-1562.png\" alt=\"\" width=\"1208\" height=\"680\" title=\"\" srcset=\"https:\/\/www.tgrthaber.com\/mavikadin\/wp-content\/uploads\/2-1562.png 1208w, https:\/\/www.tgrthaber.com\/mavikadin\/wp-content\/uploads\/2-1562-300x169.png 300w, https:\/\/www.tgrthaber.com\/mavikadin\/wp-content\/uploads\/2-1562-1024x576.png 1024w, https:\/\/www.tgrthaber.com\/mavikadin\/wp-content\/uploads\/2-1562-768x432.png 768w\" sizes=\"(max-width: 1208px) 100vw, 1208px\" \/><\/p>\n<hr \/>\n<h3>AL BEN\u0130 BABA F\u0130LM\u0130NDE K\u0130MLER OYNUYOR?<\/h3>\n<p>Filmin ba\u015frol\u00fcnde, baba karakteri Sava\u015f\u2019\u0131 oynayan Erkan Petekkaya yer al\u0131yor. K\u0131z\u0131 Nazl\u0131 rol\u00fcnde ise Ay\u00e7a Ay\u015fin Turan izleyiciyle bulu\u015facak. Kadroda ayr\u0131ca Ay\u00e7a Bing\u00f6l, Malik Blumenthal (Nazl\u0131\u2019n\u0131n hayat\u0131na giren Yasin), Murat Serezli, Asiye Din\u00e7soy, Mehmet \u00d6zg\u00fcr, Necmi Yap\u0131c\u0131, Macit Koper, Mert Denizmen, Dilek \u00c7elebi ve Bahtiyar Engin gibi isimler bulunuyor.<\/p>\n<p><img loading=\"lazy\" decoding=\"async\" class=\"alignnone size-full wp-image-207051\" src=\"https:\/\/www.tgrthaber.com\/mavikadin\/wp-content\/uploads\/5-824.png\" alt=\"\" width=\"1208\" height=\"680\" title=\"\" srcset=\"https:\/\/www.tgrthaber.com\/mavikadin\/wp-content\/uploads\/5-824.png 1208w, https:\/\/www.tgrthaber.com\/mavikadin\/wp-content\/uploads\/5-824-300x169.png 300w, https:\/\/www.tgrthaber.com\/mavikadin\/wp-content\/uploads\/5-824-1024x576.png 1024w, https:\/\/www.tgrthaber.com\/mavikadin\/wp-content\/uploads\/5-824-768x432.png 768w\" sizes=\"(max-width: 1208px) 100vw, 1208px\" \/><\/p>\n<hr \/>\n<p>Yap\u0131m ekibinin, baz\u0131 sahneler i\u00e7in Almanya\u2019da \u00e7ekim planlar\u0131 yapt\u0131\u011f\u0131 ve uluslararas\u0131 oyuncularla (Louis Hofmann, Helena Zengel) temas kurdu\u011fu da biliniyor.<\/p>\n<p><img loading=\"lazy\" decoding=\"async\" class=\"alignnone size-full wp-image-207050\" src=\"https:\/\/www.tgrthaber.com\/mavikadin\/wp-content\/uploads\/4-1274.png\" alt=\"\" width=\"1208\" height=\"680\" title=\"\" srcset=\"https:\/\/www.tgrthaber.com\/mavikadin\/wp-content\/uploads\/4-1274.png 1208w, https:\/\/www.tgrthaber.com\/mavikadin\/wp-content\/uploads\/4-1274-300x169.png 300w, https:\/\/www.tgrthaber.com\/mavikadin\/wp-content\/uploads\/4-1274-1024x576.png 1024w, https:\/\/www.tgrthaber.com\/mavikadin\/wp-content\/uploads\/4-1274-768x432.png 768w\" sizes=\"(max-width: 1208px) 100vw, 1208px\" \/><\/p>\n<hr \/>\n<p>Film, \u00f6zellikle dijital \u00e7a\u011fda gen\u00e7lerin maruz kald\u0131\u011f\u0131 tehlikelere ve aile i\u00e7i ileti\u015fimin \u00f6nemine dikkat \u00e7ekmeyi hedefliyor. \u00c7ekimlerin \u00c7orum, \u0130stanbul ve Almanya\u2019da ger\u00e7ekle\u015ftirilmesi planlan\u0131yor. Vizyon tarihi ise 2026 olarak a\u00e7\u0131klanm\u0131\u015f durumda.<\/p>\n","protected":false},"excerpt":{"rendered":"<p>Sosyal medyan\u0131n karanl\u0131k y\u00fcz\u00fcn\u00fc ve bir baban\u0131n \u00e7aresiz m\u00fccadelesini merkezine alan Al Beni Baba, dijital \u00e7a\u011fda gen\u00e7lerin kar\u015f\u0131 kar\u015f\u0131ya kalabilece\u011fi tehlikelere dikkat \u00e7ekiyor. <\/p>\n","protected":false},"author":28,"featured_media":207047,"comment_status":"closed","ping_status":"closed","sticky":false,"template":"","format":"standard","meta":{"rank_math_lock_modified_date":true,"footnotes":""},"categories":[602],"tags":[28596,28640,28642,28641,3602],"class_list":["post-207044","post","type-post","status-publish","format-standard","has-post-thumbnail","hentry","category-diziler","tag-al-beni-baba","tag-al-beni-baba-film-konusu","tag-al-beni-baba-filmi-ne-zaman","tag-al-beni-baba-oyunculari","tag-diziler"],"_links":{"self":[{"href":"https:\/\/www.tgrthaber.com\/mavikadin\/wp-json\/wp\/v2\/posts\/207044"}],"collection":[{"href":"https:\/\/www.tgrthaber.com\/mavikadin\/wp-json\/wp\/v2\/posts"}],"about":[{"href":"https:\/\/www.tgrthaber.com\/mavikadin\/wp-json\/wp\/v2\/types\/post"}],"author":[{"embeddable":true,"href":"https:\/\/www.tgrthaber.com\/mavikadin\/wp-json\/wp\/v2\/users\/28"}],"replies":[{"embeddable":true,"href":"https:\/\/www.tgrthaber.com\/mavikadin\/wp-json\/wp\/v2\/comments?post=207044"}],"version-history":[{"count":1,"href":"https:\/\/www.tgrthaber.com\/mavikadin\/wp-json\/wp\/v2\/posts\/207044\/revisions"}],"predecessor-version":[{"id":207052,"href":"https:\/\/www.tgrthaber.com\/mavikadin\/wp-json\/wp\/v2\/posts\/207044\/revisions\/207052"}],"wp:featuredmedia":[{"embeddable":true,"href":"https:\/\/www.tgrthaber.com\/mavikadin\/wp-json\/wp\/v2\/media\/207047"}],"wp:attachment":[{"href":"https:\/\/www.tgrthaber.com\/mavikadin\/wp-json\/wp\/v2\/media?parent=207044"}],"wp:term":[{"taxonomy":"category","embeddable":true,"href":"https:\/\/www.tgrthaber.com\/mavikadin\/wp-json\/wp\/v2\/categories?post=207044"},{"taxonomy":"post_tag","embeddable":true,"href":"https:\/\/www.tgrthaber.com\/mavikadin\/wp-json\/wp\/v2\/tags?post=207044"}],"curies":[{"name":"wp","href":"https:\/\/api.w.org\/{rel}","templated":true}]}}