{"id":207045,"date":"2025-07-18T18:33:08","date_gmt":"2025-07-18T15:33:08","guid":{"rendered":"https:\/\/www.tgrthaber.com\/mavikadin\/?p=207045"},"modified":"2025-07-18T18:33:08","modified_gmt":"2025-07-18T15:33:08","slug":"ata-demirerden-ahtapotlu-tatil-paylasimi-oscarli-belgesele-ince-gonderme","status":"publish","type":"post","link":"https:\/\/www.tgrthaber.com\/mavikadin\/ata-demirerden-ahtapotlu-tatil-paylasimi-oscarli-belgesele-ince-gonderme\/","title":{"rendered":"Ata Demirer&#8217;den ahtapotlu tatil payla\u015f\u0131m\u0131! Oscar&#8217;l\u0131 belgesele ince g\u00f6nderme"},"content":{"rendered":"<p>\u00dcnl\u00fc komedyen ve sevilen oyuncu Ata Demirer bu kez Cunda Adas\u0131&#8217;ndan payla\u015ft\u0131\u011f\u0131 video ile g\u00fcndeme geldi. Cunda adas\u0131nda yaz tatilini ge\u00e7iren usta komedyen payla\u015f\u0131m\u0131yla sosyal medyada binlerce be\u011feni ald\u0131. Teknesiyle tatilin keyfini \u00e7\u0131karan Ata Demirer, denizde kar\u015f\u0131la\u015ft\u0131\u011f\u0131 bir ahtapotla aras\u0131nda ge\u00e7en dialogla sevenlerini g\u00fcld\u00fcrmeyi ba\u015fard\u0131. Demirer payla\u015f\u0131m\u0131n\u0131 yaparken Oscar \u00f6d\u00fcll\u00fc belgesele de g\u00f6nderme yapmay\u0131 unutmad\u0131. \u0130\u015fte Ata Demirer&#8217;in ahtapotlu tatil payla\u015f\u0131m\u0131na dair o anlar&#8230;<\/p>\n<h3>ATA DEM\u0130RER&#8217;DEN AHTAPOTLU TAT\u0130L PAYLA\u015eIMI<\/h3>\n<p>Denize olan tutkusunu her daim dile getiren Ata Demirer, bu kez Cunda a\u00e7\u0131klar\u0131nda g\u00f6r\u00fcld\u00fc. Esprili y\u00f6n\u00fcn\u00fc her f\u0131rsatta payla\u015f\u0131mlar\u0131nda g\u00f6steren Ata Demirer, Cunda Adas\u0131&#8217;nda yapt\u0131\u011f\u0131 ahtapot payla\u015f\u0131m\u0131yla da yine sosyal medyay\u0131 sallad\u0131.<\/p>\n<p><img loading=\"lazy\" decoding=\"async\" class=\"alignnone wp-image-207056\" src=\"https:\/\/www.tgrthaber.com\/mavikadin\/wp-content\/uploads\/Adsiz-tasarim-228-300x169.png\" alt=\"\" width=\"1208\" height=\"680\" title=\"\" srcset=\"https:\/\/www.tgrthaber.com\/mavikadin\/wp-content\/uploads\/Adsiz-tasarim-228-300x169.png 300w, https:\/\/www.tgrthaber.com\/mavikadin\/wp-content\/uploads\/Adsiz-tasarim-228-1024x576.png 1024w, https:\/\/www.tgrthaber.com\/mavikadin\/wp-content\/uploads\/Adsiz-tasarim-228-768x432.png 768w, https:\/\/www.tgrthaber.com\/mavikadin\/wp-content\/uploads\/Adsiz-tasarim-228-1536x864.png 1536w, https:\/\/www.tgrthaber.com\/mavikadin\/wp-content\/uploads\/Adsiz-tasarim-228.png 1920w\" sizes=\"(max-width: 1208px) 100vw, 1208px\" \/><\/p>\n<hr \/>\n<p>Teknesiyle gezerken denize atlayan Ata Demirer, kar\u015f\u0131la\u015ft\u0131\u011f\u0131 ahtapotla olan ilgin\u00e7 konu\u015fmay\u0131 cep telefonuna kaydederek, sosyal medyada payla\u015fan Demirer&#8217;e binlerce be\u011feni ve yorum ya\u011fd\u0131.<\/p>\n<p><img loading=\"lazy\" decoding=\"async\" class=\"alignnone wp-image-207057\" src=\"https:\/\/www.tgrthaber.com\/mavikadin\/wp-content\/uploads\/s-50ec041d679489573005b6d73d8bce05a43ffb11-300x169.jpg\" alt=\"\" width=\"1208\" height=\"682\" title=\"\" srcset=\"https:\/\/www.tgrthaber.com\/mavikadin\/wp-content\/uploads\/s-50ec041d679489573005b6d73d8bce05a43ffb11-300x169.jpg 300w, https:\/\/www.tgrthaber.com\/mavikadin\/wp-content\/uploads\/s-50ec041d679489573005b6d73d8bce05a43ffb11-1024x578.jpg 1024w, https:\/\/www.tgrthaber.com\/mavikadin\/wp-content\/uploads\/s-50ec041d679489573005b6d73d8bce05a43ffb11-768x433.jpg 768w, https:\/\/www.tgrthaber.com\/mavikadin\/wp-content\/uploads\/s-50ec041d679489573005b6d73d8bce05a43ffb11.jpg 1200w\" sizes=\"(max-width: 1208px) 100vw, 1208px\" \/><\/p>\n<hr \/>\n<h3>&#8216;AHTAPOTTAN \u00d6\u011eREND\u0130KLER\u0130M&#8217; D\u0130YEREK PAYLA\u015eTI<\/h3>\n<p>Sevilen komedyen Ata Demirer, &#8216;Ahtapottan \u00f6\u011frendiklerim&#8217; diyerek yapt\u0131\u011f\u0131 payla\u015f\u0131m\u0131 \u00e7ok konu\u015fuldu. Ata Demirer, 2020 y\u0131l\u0131nda En \u0130yi Belgesel Film Oscar&#8217;\u0131n\u0131 kazanan My Octopus Teacher yani Ata Demirer&#8217;in de payla\u015f\u0131m\u0131nda belirtti\u011fi Ahtapottan \u00d6\u011frendiklerim belgeseline inceden inceye bir g\u00f6nderme yapt\u0131. K\u0131sa s\u00fcrede etkile\u015fim alan payla\u015f\u0131m, sosyal medyada en \u00e7ok konu\u015fulan konular aras\u0131na girdi.<\/p>\n<p><img loading=\"lazy\" decoding=\"async\" class=\"alignnone wp-image-207063\" src=\"https:\/\/www.tgrthaber.com\/mavikadin\/wp-content\/uploads\/140920182027511087636_2-300x168.webp\" alt=\"\" width=\"1208\" height=\"678\" title=\"\" srcset=\"https:\/\/www.tgrthaber.com\/mavikadin\/wp-content\/uploads\/140920182027511087636_2-300x168.webp 300w, https:\/\/www.tgrthaber.com\/mavikadin\/wp-content\/uploads\/140920182027511087636_2.webp 649w\" sizes=\"(max-width: 1208px) 100vw, 1208px\" \/><\/p>\n<hr \/>\n<h3>&#8216;AHTAPOT BEN\u0130 TANIDI HERALDE&#8217;<\/h3>\n<p>Ata Demirer, denize girdi\u011fi s\u0131rada kendisine yap\u0131\u015fan ahtapot i\u00e7in, &#8216;Ahtapot beni tan\u0131d\u0131 herlade, beni b\u0131rakm\u0131yor&#8217;diyerek takip\u00e7ilerini kahkahaya bo\u011fdu. Samimi ve e\u011flenceli halleriyle dikkat \u00e7eken Ata Demirerin bu payla\u015f\u0131m\u0131na, &#8216;Ata yine yapt\u0131 yapaca\u011f\u0131n\u0131&#8217; ,Ata herkesle anla\u015f\u0131r ahtapotla bile&#8217;, &#8216;Abi gelelim yard\u0131ma&#8217;, \u015feklinde mizah dolu yorumlar ard arda geldi. \u0130\u015fte Ata Demirer&#8217;in Cunda Adas\u0131&#8217;ndan ahtapotlu tatil payla\u015f\u0131m\u0131&#8230;<\/p>\n<div style=\"width: 640px;\" class=\"wp-video\"><!--[if lt IE 9]><script>document.createElement('video');<\/script><![endif]-->\n<video class=\"wp-video-shortcode\" id=\"video-207045-1\" width=\"640\" height=\"1138\" preload=\"metadata\" controls=\"controls\"><source type=\"video\/mp4\" src=\"https:\/\/www.tgrthaber.com\/mavikadin\/wp-content\/uploads\/Kaan-bey-ve-\ud83d\udc19.mp4?_=1\" \/><a href=\"https:\/\/www.tgrthaber.com\/mavikadin\/wp-content\/uploads\/Kaan-bey-ve-\ud83d\udc19.mp4\">https:\/\/www.tgrthaber.com\/mavikadin\/wp-content\/uploads\/Kaan-bey-ve-\ud83d\udc19.mp4<\/a><\/video><\/div>\n<hr \/>\n<h3>OSCAR&#8217;LI BELGESELE \u0130NCE G\u00d6NDERME<\/h3>\n<p>Ata Demirer&#8217;in bu videosunun en ilgin\u00e7 anlar\u0131ndan olan, &#8216;Ahtapottan \u00f6\u011frendiklerim&#8217; s\u00f6z\u00fc, Oscar \u00f6d\u00fcll\u00fc belgesele g\u00f6nderme olarak d\u00fc\u015f\u00fcn\u00fcld\u00fc. G\u00fcney Afrika k\u0131y\u0131lar\u0131ndaki bir ahtapotla arkada\u015fl\u0131k kuran Craig Foster&#8217;\u0131n hikayesini anlatt\u0131\u011f\u0131 belgesele, Ata Demirer&#8217;in bu ince g\u00f6ndermesi, Ata&#8217;n\u0131n payla\u015f\u0131m\u0131n\u0131n falas\u0131yla etkile\u015fim almas\u0131na neden olmad\u0131 de\u011fil.<\/p>\n<p>Demirer&#8217;in Cunda Adas\u0131&#8217;ndaki ahtapotlu tatil payla\u015f\u0131m\u0131, sosyal medyan\u0131n en \u00e7ok konu\u015fulan ve izlenen videosu oldu diyebiliriz.<\/p>\n","protected":false},"excerpt":{"rendered":"<p>Yaz tatilini Cunda Adas\u0131&#8217;nda ge\u00e7iren Ata Demirer, denizde kar\u015f\u0131la\u015ft\u0131\u011f\u0131 ahtapotla dialo\u011funu sosyal medya hesab\u0131 \u00fczerinden payla\u015ft\u0131. Payla\u015ft\u0131\u011f\u0131 videosunda Oscar&#8217;l\u0131 belgesele de ince bir g\u00f6nderme yapmay\u0131 ihmal etmeyen \u00fcnl\u00fc komedyen yine takip\u00e7ilerini kahkahaya bo\u011fdu. \u0130\u015fte Ata Demirer&#8217;in Cunda tatilinden ahtapotlu tatil payla\u015f\u0131m\u0131&#8230;<\/p>\n","protected":false},"author":35,"featured_media":207046,"comment_status":"closed","ping_status":"closed","sticky":false,"template":"","format":"standard","meta":{"rank_math_lock_modified_date":false,"footnotes":""},"categories":[76],"tags":[28643,4269,28645,28644,133],"class_list":["post-207045","post","type-post","status-publish","format-standard","has-post-thumbnail","hentry","category-magazin","tag-ahtapotlu-paylasim","tag-ata-demirer","tag-ata-demirer-tatil-paylasimi","tag-cunda-adasi","tag-magazin"],"_links":{"self":[{"href":"https:\/\/www.tgrthaber.com\/mavikadin\/wp-json\/wp\/v2\/posts\/207045"}],"collection":[{"href":"https:\/\/www.tgrthaber.com\/mavikadin\/wp-json\/wp\/v2\/posts"}],"about":[{"href":"https:\/\/www.tgrthaber.com\/mavikadin\/wp-json\/wp\/v2\/types\/post"}],"author":[{"embeddable":true,"href":"https:\/\/www.tgrthaber.com\/mavikadin\/wp-json\/wp\/v2\/users\/35"}],"replies":[{"embeddable":true,"href":"https:\/\/www.tgrthaber.com\/mavikadin\/wp-json\/wp\/v2\/comments?post=207045"}],"version-history":[{"count":2,"href":"https:\/\/www.tgrthaber.com\/mavikadin\/wp-json\/wp\/v2\/posts\/207045\/revisions"}],"predecessor-version":[{"id":207065,"href":"https:\/\/www.tgrthaber.com\/mavikadin\/wp-json\/wp\/v2\/posts\/207045\/revisions\/207065"}],"wp:featuredmedia":[{"embeddable":true,"href":"https:\/\/www.tgrthaber.com\/mavikadin\/wp-json\/wp\/v2\/media\/207046"}],"wp:attachment":[{"href":"https:\/\/www.tgrthaber.com\/mavikadin\/wp-json\/wp\/v2\/media?parent=207045"}],"wp:term":[{"taxonomy":"category","embeddable":true,"href":"https:\/\/www.tgrthaber.com\/mavikadin\/wp-json\/wp\/v2\/categories?post=207045"},{"taxonomy":"post_tag","embeddable":true,"href":"https:\/\/www.tgrthaber.com\/mavikadin\/wp-json\/wp\/v2\/tags?post=207045"}],"curies":[{"name":"wp","href":"https:\/\/api.w.org\/{rel}","templated":true}]}}