{"id":207069,"date":"2025-07-18T19:21:00","date_gmt":"2025-07-18T16:21:00","guid":{"rendered":"https:\/\/www.tgrthaber.com\/mavikadin\/?p=207069"},"modified":"2025-09-19T23:10:08","modified_gmt":"2025-09-19T20:10:08","slug":"milli-okcu-mete-gazozdan-kalp-emojili-paylasim-askini-ilan-ettigi-o-kareye-aninda-yorum-yagdi","status":"publish","type":"post","link":"https:\/\/www.tgrthaber.com\/mavikadin\/milli-okcu-mete-gazozdan-kalp-emojili-paylasim-askini-ilan-ettigi-o-kareye-aninda-yorum-yagdi\/","title":{"rendered":"Milli ok\u00e7u Mete Gazoz&#8217;dan kalp emojili payla\u015f\u0131m! A\u015fk\u0131n\u0131 ilan etti\u011fi o kareye an\u0131nda yorum ya\u011fd\u0131"},"content":{"rendered":"<p>T\u00fcrkiye&#8217;nin gurur duydu\u011fu isim Mete Gazoz, bu kez okunu kendi i\u00e7in att\u0131. Mete Gazoz resmen kalbini 12&#8217;den vuran bir payla\u015f\u0131mla sosyal medyan\u0131n merkezine oturdu. K\u0131sa s\u00fcrede dikkat \u00e7eken kalp emojili payla\u015f\u0131ma yorumlar ve be\u011feniler pe\u015f pe\u015fe geldi. \u0130\u015fte milli ok\u00e7u Mete Gazoz&#8217;dan, a\u015fk\u0131n\u0131 ilan etti\u011fi kalp emojili payla\u015f\u0131m&#8230;<\/p>\n<h3>M\u0130LL\u0130 OK\u00c7U METE GAZOZ&#8217;DAN KALP EMOJ\u0130L\u0130 PAYLA\u015eIM!<\/h3>\n<p>Milli ok\u00e7ulu\u011fun gurur ismi olan Mete Gazoz, bu defa \u00f6zel hayat\u0131yla g\u00fcndeme bomba gibi d\u00fc\u015ft\u00fc. Olimpiyat ve d\u00fcnya \u015fampiyonluklar\u0131nda ad\u0131 ge\u00e7en Mete Gazoz bu kez okunu a\u015fk\u0131 i\u00e7in att\u0131.<\/p>\n<p><img loading=\"lazy\" decoding=\"async\" class=\"alignnone wp-image-207072\" src=\"https:\/\/www.tgrthaber.com\/mavikadin\/wp-content\/uploads\/ki5el75mbcnx6n4cv5pc-300x168.webp\" alt=\"\" width=\"1208\" height=\"678\" title=\"\" srcset=\"https:\/\/www.tgrthaber.com\/mavikadin\/wp-content\/uploads\/ki5el75mbcnx6n4cv5pc-300x168.webp 300w, https:\/\/www.tgrthaber.com\/mavikadin\/wp-content\/uploads\/ki5el75mbcnx6n4cv5pc-768x431.webp 768w, https:\/\/www.tgrthaber.com\/mavikadin\/wp-content\/uploads\/ki5el75mbcnx6n4cv5pc.webp 960w\" sizes=\"(max-width: 1208px) 100vw, 1208px\" \/><\/p>\n<hr \/>\n<p>Milli ok\u00e7u, sevgilisiyle yapt\u0131\u011f\u0131 payla\u015f\u0131mla ad\u0131ndan s\u00f6z ettirdi. 25 ya\u015f\u0131ndaki gen\u00e7 milli ok\u00e7u Mete Gazoz, sevgilisiyle ilk defa bu derece net ve samimi bir payla\u015f\u0131m yaparak dikkatleri \u00fczerine \u00e7ekti. A\u015fk\u0131yla yan yana romantik bir kareyle g\u00fcndeme gelen Mete Gazoz, o kareye kalp emojisini ili\u015ftirmekten de eksik kalmad\u0131. Milli ok\u00e7unun bu payla\u015f\u0131m\u0131 k\u0131sa s\u00fcrede etkile\u015fim alarak takip\u00e7ilerinin radar\u0131na girmeyi ba\u015fard\u0131.<\/p>\n<p><img loading=\"lazy\" decoding=\"async\" class=\"alignnone wp-image-207074\" src=\"https:\/\/www.tgrthaber.com\/mavikadin\/wp-content\/uploads\/2089462-300x184.jpg\" alt=\"\" width=\"1208\" height=\"739\" title=\"\" srcset=\"https:\/\/www.tgrthaber.com\/mavikadin\/wp-content\/uploads\/2089462-300x184.jpg 300w, https:\/\/www.tgrthaber.com\/mavikadin\/wp-content\/uploads\/2089462-1024x627.jpg 1024w, https:\/\/www.tgrthaber.com\/mavikadin\/wp-content\/uploads\/2089462-768x470.jpg 768w, https:\/\/www.tgrthaber.com\/mavikadin\/wp-content\/uploads\/2089462.jpg 1152w\" sizes=\"(max-width: 1208px) 100vw, 1208px\" \/><\/p>\n<hr \/>\n<h3>A\u015eKINI \u0130LAN ETT\u0130\u011e\u0130 O KAREYE ANINDA YORUM YA\u011eDI<\/h3>\n<p>Mete Gazoz a\u015fk\u0131n\u0131 ilan etti\u011fi kareyi kendi sosyal hesab\u0131ndan payla\u015f\u0131m yapar yapmaz, sevenlerinin yorum ve be\u011feni bombard\u0131man\u0131na tutuldu. Uzun zamand\u0131r sevgilisyle sessiz sedas\u0131z y\u00fcr\u00fctt\u00fc\u011f\u00fc ili\u015fkiyi ilk defa bu kadar a\u00e7\u0131k bir \u015fekilde sevenleriyle payla\u015fan Mete Gazoz, hem \u015fa\u015f\u0131rtt\u0131 hem sevindirdi.<\/p>\n<p>Do\u011fal olarak milli ok\u00e7unun bu hamlesi de sosyal medyada yo\u011fun ilgi g\u00f6rd\u00fc. &#8216; A\u015fk\u0131 da hedefi de 12&#8217;den vurmu\u015f&#8217;, &#8216;Mete Gazoz ok\u00e7ulukta \u015fa\u015fmaz&#8217;, &#8216;Eros bu kez oku kendi i\u00e7in att\u0131&#8217; yorumlar\u0131 ise en dikkat \u00e7ekici yorumlar aras\u0131nda yer ald\u0131.<\/p>\n<p><img loading=\"lazy\" decoding=\"async\" class=\"alignnone wp-image-207075\" src=\"https:\/\/www.tgrthaber.com\/mavikadin\/wp-content\/uploads\/687a4e13ecbf0124__w1200xh675-300x169.webp\" alt=\"\" width=\"1208\" height=\"680\" title=\"\" srcset=\"https:\/\/www.tgrthaber.com\/mavikadin\/wp-content\/uploads\/687a4e13ecbf0124__w1200xh675-300x169.webp 300w, https:\/\/www.tgrthaber.com\/mavikadin\/wp-content\/uploads\/687a4e13ecbf0124__w1200xh675-1024x576.webp 1024w, https:\/\/www.tgrthaber.com\/mavikadin\/wp-content\/uploads\/687a4e13ecbf0124__w1200xh675-768x432.webp 768w, https:\/\/www.tgrthaber.com\/mavikadin\/wp-content\/uploads\/687a4e13ecbf0124__w1200xh675.webp 1200w\" sizes=\"(max-width: 1208px) 100vw, 1208px\" \/><\/p>\n<hr \/>\n<h3>METE GAZOZ K\u0130MD\u0130R?<\/h3>\n<p>Milli ok\u00e7u Mete Gazoz 1999 y\u0131l\u0131nda \u0130stanbul&#8217;da d\u00fcnyaya gelmi\u015ftir. 11 ya\u015f\u0131nda eline ilk yay\u0131 alan Gazoz, 2020 Olimpiyatlar\u0131&#8217;nda Tokyo&#8217;da alt\u0131n madalya kazanarak, T\u00fcrkiye&#8217;ye ok\u00e7uluk alan\u0131nda ilk olimpiyat zaferini getirmi\u015ftir.<\/p>\n<p>Milli ok\u00e7u Mete Gazoz, 2023 D\u00fcnya \u015eampiyonas\u0131 ve ard\u0131ndan 2024 Avrupa \u015eampiyonas\u0131&#8217;nda resmen zirveye \u00e7\u0131km\u0131\u015ft\u0131r. Ayn\u0131 anda olimpiyat, d\u00fcnya ve Avrupa \u015fampiyonlu\u011fu unvanlar\u0131n\u0131 alan ilk ok\u00e7u olmu\u015ftur. Mete Gazoz bu g\u00fcnlerde \u0130stanbul Ok\u00e7uluk Gen\u00e7lik ve Spor Klub\u00fc&#8217;nde antren\u00f6r\u00fc olan Yusuf G\u00f6ktu\u011f Ergin ile yeni hedeflere ok at\u0131yor.<\/p>\n","protected":false},"excerpt":{"rendered":"<p>Milli ok\u00e7u Mete Gazoz son zamanlarda \u00f6zel hayat\u0131yla konu\u015fuluyor. En son payla\u015f\u0131m\u0131yla da ad\u0131ndan s\u00f6z ettiren milli ok\u00e7u, kalp emojili payla\u015f\u0131m\u0131yla a\u015fk\u0131n\u0131 resmen ilan etti. Mete Gazoz&#8217;un bu payla\u015f\u0131m\u0131na an\u0131nda binlerce yorum ve be\u011feni ya\u011fd\u0131. \u0130\u015fte milli ok\u00e7u Mete Gazoz&#8217;un kalp emojili o payla\u015f\u0131m\u0131&#8230;<\/p>\n","protected":false},"author":35,"featured_media":207071,"comment_status":"closed","ping_status":"closed","sticky":false,"template":"","format":"standard","meta":{"rank_math_lock_modified_date":false,"footnotes":""},"categories":[76],"tags":[133,28631,28650,28649,28648],"class_list":["post-207069","post","type-post","status-publish","format-standard","has-post-thumbnail","hentry","category-magazin","tag-magazin","tag-mete-gazoz","tag-mete-gazoz-kimdir","tag-mete-gazoz-paylasimi","tag-milli-okcu"],"_links":{"self":[{"href":"https:\/\/www.tgrthaber.com\/mavikadin\/wp-json\/wp\/v2\/posts\/207069"}],"collection":[{"href":"https:\/\/www.tgrthaber.com\/mavikadin\/wp-json\/wp\/v2\/posts"}],"about":[{"href":"https:\/\/www.tgrthaber.com\/mavikadin\/wp-json\/wp\/v2\/types\/post"}],"author":[{"embeddable":true,"href":"https:\/\/www.tgrthaber.com\/mavikadin\/wp-json\/wp\/v2\/users\/35"}],"replies":[{"embeddable":true,"href":"https:\/\/www.tgrthaber.com\/mavikadin\/wp-json\/wp\/v2\/comments?post=207069"}],"version-history":[{"count":3,"href":"https:\/\/www.tgrthaber.com\/mavikadin\/wp-json\/wp\/v2\/posts\/207069\/revisions"}],"predecessor-version":[{"id":207078,"href":"https:\/\/www.tgrthaber.com\/mavikadin\/wp-json\/wp\/v2\/posts\/207069\/revisions\/207078"}],"wp:featuredmedia":[{"embeddable":true,"href":"https:\/\/www.tgrthaber.com\/mavikadin\/wp-json\/wp\/v2\/media\/207071"}],"wp:attachment":[{"href":"https:\/\/www.tgrthaber.com\/mavikadin\/wp-json\/wp\/v2\/media?parent=207069"}],"wp:term":[{"taxonomy":"category","embeddable":true,"href":"https:\/\/www.tgrthaber.com\/mavikadin\/wp-json\/wp\/v2\/categories?post=207069"},{"taxonomy":"post_tag","embeddable":true,"href":"https:\/\/www.tgrthaber.com\/mavikadin\/wp-json\/wp\/v2\/tags?post=207069"}],"curies":[{"name":"wp","href":"https:\/\/api.w.org\/{rel}","templated":true}]}}