{"id":207079,"date":"2025-07-18T20:19:02","date_gmt":"2025-07-18T17:19:02","guid":{"rendered":"https:\/\/www.tgrthaber.com\/mavikadin\/?p=207079"},"modified":"2025-07-18T20:19:02","modified_gmt":"2025-07-18T17:19:02","slug":"carpinti-dizisinden-ilk-kareler-geldi-iddiali-dev-kadro-okuma-provasinda-bulustu","status":"publish","type":"post","link":"https:\/\/www.tgrthaber.com\/mavikadin\/carpinti-dizisinden-ilk-kareler-geldi-iddiali-dev-kadro-okuma-provasinda-bulustu\/","title":{"rendered":"\u00c7arp\u0131nt\u0131 dizisinden ilk kareler geldi! \u0130ddial\u0131 dev kadro okuma provas\u0131nda bulu\u015ftu"},"content":{"rendered":"<p>Star TV&#8217;de yay\u0131nlanacak OGM Pictures yap\u0131m\u0131 olan \u00c7arp\u0131nt\u0131 dizisi hem konusu hem de dev oyuncu kadrosuyla sezona damga vurmaya geliyor. \u0130lk kez okuma provas\u0131nda bulu\u015fan dev oyuncu kadrosundan ilk kareler geldi. Burcu Alptekin&#8217;in y\u00f6netti\u011fi, Onur G\u00fcvenatam&#8217;\u0131n yap\u0131mc\u0131l\u0131\u011f\u0131n\u0131 yapt\u0131\u011f\u0131 \u00c7arp\u0131nt\u0131 dizisi, okuma provas\u0131ndan gelen ilk karelerle g\u00fcndemin merkezine oturmay\u0131 ba\u015fard\u0131. \u00c7arp\u0131nt\u0131 dizisine dair t\u00fcm detaylar haberimizde&#8230;<\/p>\n<h3>\u00c7ARPINTI D\u0130Z\u0130S\u0130 H\u0130KAYES\u0130YLE D\u0130KKAT \u00c7EK\u0130YOR<\/h3>\n<p>Senaryosunu Cem G\u00f6rge\u00e7, Deniz Yarg\u0131 ve Mevsim Yenice&#8217;nin kaleme ald\u0131\u011f\u0131 \u00c7arp\u0131nt\u0131 dizisi, konusuyla \u015fimdiden dikkatleri \u00fczerine \u00e7ekmeyi ba\u015fard\u0131.<\/p>\n<p><img loading=\"lazy\" decoding=\"async\" class=\"alignnone wp-image-207081\" src=\"https:\/\/www.tgrthaber.com\/mavikadin\/wp-content\/uploads\/GwJnqhUXMAEP4Pk-2048x1152-1-300x169.webp\" alt=\"\" width=\"1208\" height=\"680\" title=\"\" srcset=\"https:\/\/www.tgrthaber.com\/mavikadin\/wp-content\/uploads\/GwJnqhUXMAEP4Pk-2048x1152-1-300x169.webp 300w, https:\/\/www.tgrthaber.com\/mavikadin\/wp-content\/uploads\/GwJnqhUXMAEP4Pk-2048x1152-1-1024x576.webp 1024w, https:\/\/www.tgrthaber.com\/mavikadin\/wp-content\/uploads\/GwJnqhUXMAEP4Pk-2048x1152-1-768x432.webp 768w, https:\/\/www.tgrthaber.com\/mavikadin\/wp-content\/uploads\/GwJnqhUXMAEP4Pk-2048x1152-1-1536x864.webp 1536w, https:\/\/www.tgrthaber.com\/mavikadin\/wp-content\/uploads\/GwJnqhUXMAEP4Pk-2048x1152-1.webp 2048w\" sizes=\"(max-width: 1208px) 100vw, 1208px\" \/><\/p>\n<hr \/>\n<p>\u00c7arp\u0131nt\u0131 dizisinin hikayesi asl\u0131nda bir kalbin etraf\u0131nda \u015fekilleniyor. Dramatik yap\u0131mda iki annenin yollar\u0131 bir s\u0131r etraf\u0131nda kesi\u015fiyor ve ge\u00e7mi\u015fteki b\u00fct\u00fcn s\u0131rlar bug\u00fcn\u00fc etkiliyor.<\/p>\n<p><img loading=\"lazy\" decoding=\"async\" class=\"alignnone wp-image-207085\" src=\"https:\/\/www.tgrthaber.com\/mavikadin\/wp-content\/uploads\/GwJnoB6X0AAFgFj-2048x1152-1-300x169.webp\" alt=\"\" width=\"1208\" height=\"680\" title=\"\" srcset=\"https:\/\/www.tgrthaber.com\/mavikadin\/wp-content\/uploads\/GwJnoB6X0AAFgFj-2048x1152-1-300x169.webp 300w, https:\/\/www.tgrthaber.com\/mavikadin\/wp-content\/uploads\/GwJnoB6X0AAFgFj-2048x1152-1-1024x576.webp 1024w, https:\/\/www.tgrthaber.com\/mavikadin\/wp-content\/uploads\/GwJnoB6X0AAFgFj-2048x1152-1-768x432.webp 768w, https:\/\/www.tgrthaber.com\/mavikadin\/wp-content\/uploads\/GwJnoB6X0AAFgFj-2048x1152-1-1536x864.webp 1536w, https:\/\/www.tgrthaber.com\/mavikadin\/wp-content\/uploads\/GwJnoB6X0AAFgFj-2048x1152-1.webp 2048w\" sizes=\"(max-width: 1208px) 100vw, 1208px\" \/><\/p>\n<hr \/>\n<p>Dizide yer alan a\u015fk, aile ba\u011flar\u0131, vicdan sorgusu ve kay\u0131plar dizinin ana temas\u0131n\u0131 olu\u015fturacak. \u0130zleyenleri duygusal olarak kendi i\u00e7ine \u00e7ekecek \u00c7arp\u0131nt\u0131 dizisi, konusuyla sezonun en merak edilen yap\u0131mlar\u0131 aras\u0131nda g\u00f6steriliyor.<\/p>\n<p><img loading=\"lazy\" decoding=\"async\" class=\"alignnone wp-image-207082\" src=\"https:\/\/www.tgrthaber.com\/mavikadin\/wp-content\/uploads\/Ekran-goruntusu-2025-07-18-193037-300x215.png\" alt=\"\" width=\"1208\" height=\"864\" title=\"\" srcset=\"https:\/\/www.tgrthaber.com\/mavikadin\/wp-content\/uploads\/Ekran-goruntusu-2025-07-18-193037-300x215.png 300w, https:\/\/www.tgrthaber.com\/mavikadin\/wp-content\/uploads\/Ekran-goruntusu-2025-07-18-193037.png 765w\" sizes=\"(max-width: 1208px) 100vw, 1208px\" \/><\/p>\n<hr \/>\n<h3>\u00c7ARPINTI D\u0130Z\u0130S\u0130NDEN \u0130LK KARELER GELD\u0130! \u0130DD\u0130ALI DEV KADRO OKUMA PROVASINDA BULU\u015eTU<\/h3>\n<p>Yeni sezonda k\u0131sa s\u00fcre sonra izleyiciyle bulu\u015fmay\u0131 planlayan \u00c7arp\u0131nt\u0131 dizisi, ekranlarda yerini almadan \u00f6nce dev oyuncu kadrosuyla, ilk okuma provas\u0131n\u0131 ger\u00e7ekle\u015ftirdi.<\/p>\n<p><img loading=\"lazy\" decoding=\"async\" class=\"alignnone wp-image-207083\" src=\"https:\/\/www.tgrthaber.com\/mavikadin\/wp-content\/uploads\/GwJnr1TWUAEgAs9-2048x1152-1-300x169.webp\" alt=\"\" width=\"1208\" height=\"680\" title=\"\" srcset=\"https:\/\/www.tgrthaber.com\/mavikadin\/wp-content\/uploads\/GwJnr1TWUAEgAs9-2048x1152-1-300x169.webp 300w, https:\/\/www.tgrthaber.com\/mavikadin\/wp-content\/uploads\/GwJnr1TWUAEgAs9-2048x1152-1-1024x576.webp 1024w, https:\/\/www.tgrthaber.com\/mavikadin\/wp-content\/uploads\/GwJnr1TWUAEgAs9-2048x1152-1-768x432.webp 768w, https:\/\/www.tgrthaber.com\/mavikadin\/wp-content\/uploads\/GwJnr1TWUAEgAs9-2048x1152-1-1536x864.webp 1536w, https:\/\/www.tgrthaber.com\/mavikadin\/wp-content\/uploads\/GwJnr1TWUAEgAs9-2048x1152-1.webp 2048w\" sizes=\"(max-width: 1208px) 100vw, 1208px\" \/><\/p>\n<hr \/>\n<p>\u0130lk karelerin gelmesiyle heyecan artarken, oyuncu kadrosu daha \u015fimdiden g\u00fcndemdeki yerini ald\u0131. Okuma provalar\u0131nda oyuncular\u0131n da heyecan\u0131 ve projeye olan ilgisi takip\u00e7ilerin g\u00f6z\u00fcnden ka\u00e7mad\u0131. Kamera arkas\u0131ndaki bu ilk bulu\u015fma, diziye dair ipu\u00e7lar\u0131 da sunmu\u015f oldu.<\/p>\n<p><img loading=\"lazy\" decoding=\"async\" class=\"alignnone wp-image-207084\" src=\"https:\/\/www.tgrthaber.com\/mavikadin\/wp-content\/uploads\/Ekran-goruntusu-2025-07-18-193305-300x193.png\" alt=\"\" width=\"1208\" height=\"777\" title=\"\" srcset=\"https:\/\/www.tgrthaber.com\/mavikadin\/wp-content\/uploads\/Ekran-goruntusu-2025-07-18-193305-300x193.png 300w, https:\/\/www.tgrthaber.com\/mavikadin\/wp-content\/uploads\/Ekran-goruntusu-2025-07-18-193305.png 728w\" sizes=\"(max-width: 1208px) 100vw, 1208px\" \/><\/p>\n<hr \/>\n<h3>OYUNCU KADROSU \u00c7OK KONU\u015eULUYOR<\/h3>\n<p>\u00c7arp\u0131nt\u0131 dizisi hikayesi ayr\u0131, oyuncu kadrosuyla apayr\u0131 bir ilgi \u00e7ekti. Kadro ve ekibinde usta isimlerin yer ald\u0131\u011f\u0131 \u00c7arp\u0131nt\u0131 dizisi oyuncular\u0131 aras\u0131nda; Sibel Ta\u015f\u00e7\u0131o\u011flu, Kerem B\u00fcrsin, Deniz \u00c7ak\u0131r, Lizga C\u00f6mert, \u015eerif Sezer, P\u0131nar \u00c7a\u011flar Gen\u00e7t\u00fcrk, Asya Kasap, G\u00fcrberk Polat ve Re\u015fit Berker Enho\u015f yer al\u0131yor. Ekibin t\u00fcm\u00fc ise ilk defa okuma provas\u0131nda bir araya gelerek, ekipteki ruhu yakalamaya \u00e7al\u0131\u015ft\u0131.<\/p>\n","protected":false},"excerpt":{"rendered":"<p>Yeni sezon i\u00e7in haz\u0131rl\u0131klar\u0131n\u0131 tamamlamaya \u00e7al\u0131\u015fan \u00c7arp\u0131nt\u0131 dizisi, \u00e7ok konu\u015fulan oyuncu kadrosunu okuma provas\u0131nda bir araya getirdi. Oyuncular\u0131n heyecan\u0131 g\u00f6zlerinden okunurken, provaya dair ilk kareler de gecikmeden geldi. \u0130ddial\u0131 dev kadronun okuma provas\u0131nda bulu\u015ftu\u011fu anlar sosyal medyada beklentiyi bir hayli y\u00fckseltti. \u0130\u015fte detaylar&#8230;<\/p>\n","protected":false},"author":35,"featured_media":207080,"comment_status":"closed","ping_status":"closed","sticky":false,"template":"","format":"standard","meta":{"rank_math_lock_modified_date":false,"footnotes":""},"categories":[602],"tags":[23108,28651,3602,28652,28653],"class_list":["post-207079","post","type-post","status-publish","format-standard","has-post-thumbnail","hentry","category-diziler","tag-carpinti-dizisi","tag-carpinti-dizisi-okuma-provasi","tag-diziler","tag-ogm-pictures-yapim","tag-star-tv-dizileri"],"_links":{"self":[{"href":"https:\/\/www.tgrthaber.com\/mavikadin\/wp-json\/wp\/v2\/posts\/207079"}],"collection":[{"href":"https:\/\/www.tgrthaber.com\/mavikadin\/wp-json\/wp\/v2\/posts"}],"about":[{"href":"https:\/\/www.tgrthaber.com\/mavikadin\/wp-json\/wp\/v2\/types\/post"}],"author":[{"embeddable":true,"href":"https:\/\/www.tgrthaber.com\/mavikadin\/wp-json\/wp\/v2\/users\/35"}],"replies":[{"embeddable":true,"href":"https:\/\/www.tgrthaber.com\/mavikadin\/wp-json\/wp\/v2\/comments?post=207079"}],"version-history":[{"count":2,"href":"https:\/\/www.tgrthaber.com\/mavikadin\/wp-json\/wp\/v2\/posts\/207079\/revisions"}],"predecessor-version":[{"id":207087,"href":"https:\/\/www.tgrthaber.com\/mavikadin\/wp-json\/wp\/v2\/posts\/207079\/revisions\/207087"}],"wp:featuredmedia":[{"embeddable":true,"href":"https:\/\/www.tgrthaber.com\/mavikadin\/wp-json\/wp\/v2\/media\/207080"}],"wp:attachment":[{"href":"https:\/\/www.tgrthaber.com\/mavikadin\/wp-json\/wp\/v2\/media?parent=207079"}],"wp:term":[{"taxonomy":"category","embeddable":true,"href":"https:\/\/www.tgrthaber.com\/mavikadin\/wp-json\/wp\/v2\/categories?post=207079"},{"taxonomy":"post_tag","embeddable":true,"href":"https:\/\/www.tgrthaber.com\/mavikadin\/wp-json\/wp\/v2\/tags?post=207079"}],"curies":[{"name":"wp","href":"https:\/\/api.w.org\/{rel}","templated":true}]}}