{"id":207093,"date":"2025-07-18T21:07:22","date_gmt":"2025-07-18T18:07:22","guid":{"rendered":"https:\/\/www.tgrthaber.com\/mavikadin\/?p=207093"},"modified":"2025-07-18T21:07:22","modified_gmt":"2025-07-18T18:07:22","slug":"mustafa-anil-yildirim-kimdir-mustafa-anil-yildirim-kac-yasinda-neden-oldu","status":"publish","type":"post","link":"https:\/\/www.tgrthaber.com\/mavikadin\/mustafa-anil-yildirim-kimdir-mustafa-anil-yildirim-kac-yasinda-neden-oldu\/","title":{"rendered":"Mustafa An\u0131l Y\u0131ld\u0131r\u0131m kimdir? Mustafa An\u0131l Y\u0131ld\u0131r\u0131m ka\u00e7 ya\u015f\u0131nda neden \u00f6ld\u00fc?"},"content":{"rendered":"<p>Sosyal medyada \u00c7ello Mustafa diye bilinen sosyal medya fenomeni Mustafa An\u0131l Y\u0131ld\u0131r\u0131m, 20 ya\u015f\u0131nda ya\u015fama veda etti. \u00d6l\u00fcm haberiyle birlikte sevenleri yasa bo\u011fulurken, gen\u00e7 fenomenin neden \u00f6ld\u00fc\u011f\u00fc ve hayat\u0131 ara\u015ft\u0131r\u0131lmaya ba\u015fland\u0131. Payla\u015f\u0131mlar\u0131yla geni\u015f bir hayran kitlesine sahip olan Mustafa An\u0131l Y\u0131ld\u0131r\u0131m\u0131n ani vefat\u0131 sosyal medyan\u0131n g\u00fcndemine oturdu. Sosyal medya i\u00e7eriklerinde gen\u00e7lere umut, sevgi ve motivasyon a\u015f\u0131layan Mustafa An\u0131l Y\u0131ld\u0131r\u0131m&#8217;\u0131n bu ani kayb\u0131 sonras\u0131 hayat hikayesi de detayl\u0131ca ara\u015ft\u0131r\u0131lmaya ba\u015fland\u0131. Peki kimdir Mustafa An\u0131l Y\u0131ld\u0131r\u0131m kimdir? Ka\u00e7 ya\u015f\u0131nda, neden \u00f6ld\u00fc? \u0130\u015fte detaylar&#8230;<\/p>\n<h3>MUSTAFA ANIL YILDIRIM K\u0130MD\u0130R KA\u00c7 YA\u015eINDAYDI?<\/h3>\n<p>Mersin do\u011fumlu olan Mustafa An\u0131l Y\u0131ld\u0131r\u0131m, 20 ya\u015f\u0131nda sosyal medya i\u00e7erik \u00fcreticisi olarak tan\u0131nm\u0131\u015ft\u0131. Takip\u00e7ileri onu \u00c7ello Mustafa olarak tan\u0131yordu.<\/p>\n<p><img loading=\"lazy\" decoding=\"async\" class=\"alignnone wp-image-207100\" src=\"https:\/\/www.tgrthaber.com\/mavikadin\/wp-content\/uploads\/cello-mustafa-oldu-mu-sosyal-medya-fenomeni-mustafa-anil-yildirimin-hayatini-kaybettigi-iddia-edildi-17528486566052_1-300x207.jpg\" alt=\"\" width=\"1208\" height=\"834\" title=\"\" srcset=\"https:\/\/www.tgrthaber.com\/mavikadin\/wp-content\/uploads\/cello-mustafa-oldu-mu-sosyal-medya-fenomeni-mustafa-anil-yildirimin-hayatini-kaybettigi-iddia-edildi-17528486566052_1-300x207.jpg 300w, https:\/\/www.tgrthaber.com\/mavikadin\/wp-content\/uploads\/cello-mustafa-oldu-mu-sosyal-medya-fenomeni-mustafa-anil-yildirimin-hayatini-kaybettigi-iddia-edildi-17528486566052_1-768x530.jpg 768w, https:\/\/www.tgrthaber.com\/mavikadin\/wp-content\/uploads\/cello-mustafa-oldu-mu-sosyal-medya-fenomeni-mustafa-anil-yildirimin-hayatini-kaybettigi-iddia-edildi-17528486566052_1.jpg 898w\" sizes=\"(max-width: 1208px) 100vw, 1208px\" \/><\/p>\n<hr \/>\n<p>Hayata dair payla\u015f\u0131mlar\u0131yla binlerce ki\u015finin takip\u00e7ili\u011fini kazanm\u0131\u015ft\u0131. \u0130\u00e7eriklerinde gen\u00e7lere moral ve umut veren payla\u015f\u0131mlar\u0131yla dikkat \u00e7eken \u00c7ollo Mustafa&#8217;n\u0131n \u015fu s\u00f6zleri ise g\u00fcndemde; &#8216;Sen akl\u0131na koydu\u011fun her \u015feyi ba\u015far\u0131rs\u0131n. \u00c7\u00fcnk\u00fc senin inan\u0131lmaz bir g\u00fcc\u00fcn var ve sevgin de var&#8217; Mustafa An\u0131l Y\u0131ld\u0131r\u0131m payla\u015f\u0131mlar\u0131yla bir\u00e7ok gencin kalbine dokunmu\u015f ve takip\u00e7ilerinin g\u00f6nl\u00fcnde yer edinmi\u015fti.<\/p>\n<p><img loading=\"lazy\" decoding=\"async\" class=\"alignnone wp-image-207101\" src=\"https:\/\/www.tgrthaber.com\/mavikadin\/wp-content\/uploads\/3830f093-181e-4d51-bc25-faa9a9c4e682-300x169.webp\" alt=\"\" width=\"1208\" height=\"680\" title=\"\" srcset=\"https:\/\/www.tgrthaber.com\/mavikadin\/wp-content\/uploads\/3830f093-181e-4d51-bc25-faa9a9c4e682-300x169.webp 300w, https:\/\/www.tgrthaber.com\/mavikadin\/wp-content\/uploads\/3830f093-181e-4d51-bc25-faa9a9c4e682-1024x576.webp 1024w, https:\/\/www.tgrthaber.com\/mavikadin\/wp-content\/uploads\/3830f093-181e-4d51-bc25-faa9a9c4e682-768x432.webp 768w, https:\/\/www.tgrthaber.com\/mavikadin\/wp-content\/uploads\/3830f093-181e-4d51-bc25-faa9a9c4e682.webp 1280w\" sizes=\"(max-width: 1208px) 100vw, 1208px\" \/><\/p>\n<hr \/>\n<h3>MUSTAFA ANIL YILDIRIM NEDEN \u00d6LD\u00dc?<\/h3>\n<p>Sosyal medya fenomeni Mustafa An\u0131l Y\u0131ld\u0131r\u0131m 14 Temmuz 2025 g\u00fcn\u00fc, Erdeml&#8217;de bir motosiklet kazas\u0131 ge\u00e7irmi\u015fti. Kaza an\u0131nda ba\u015f\u0131ndan yaralanan Mustafa An\u0131l Y\u0131ld\u0131r\u0131m, Erdemli Devlet Hastanesi&#8217;ne kald\u0131r\u0131ld\u0131. Durumu a\u011f\u0131rla\u015fan \u00c7ello Mustafa Mersin \u00dcniversitesi T\u0131p Fak\u00fcltesi&#8217;ne kald\u0131r\u0131lm\u0131\u015ft\u0131. Doktorlar\u0131n gerekli m\u00fcdahaleyi yapmas\u0131na ra\u011fmen gen\u00e7 fenomen kurtulamad\u0131 ve 18 Temmuz sabah\u0131 ya\u015fama veda etti. Gen\u00e7 ya\u015f\u0131nda beyin kanamas\u0131 ge\u00e7iren Mustafa An\u0131l Y\u0131ld\u0131r\u0131m&#8217;\u0131n ani vefat\u0131 ailesini ve sevenlerini derin \u00fcz\u00fcnt\u00fcye bo\u011fdu.<\/p>\n<p><img loading=\"lazy\" decoding=\"async\" class=\"alignnone wp-image-207102\" src=\"https:\/\/www.tgrthaber.com\/mavikadin\/wp-content\/uploads\/cello-mustafa-oldu-mu-sosyal-medya-fenomeni-mustafa-anil-yildirimin-hayatini-kaybettigi-iddia-edildi-17528486566974-300x169.jpg\" alt=\"\" width=\"1208\" height=\"680\" title=\"\" srcset=\"https:\/\/www.tgrthaber.com\/mavikadin\/wp-content\/uploads\/cello-mustafa-oldu-mu-sosyal-medya-fenomeni-mustafa-anil-yildirimin-hayatini-kaybettigi-iddia-edildi-17528486566974-300x169.jpg 300w, https:\/\/www.tgrthaber.com\/mavikadin\/wp-content\/uploads\/cello-mustafa-oldu-mu-sosyal-medya-fenomeni-mustafa-anil-yildirimin-hayatini-kaybettigi-iddia-edildi-17528486566974-1024x576.jpg 1024w, https:\/\/www.tgrthaber.com\/mavikadin\/wp-content\/uploads\/cello-mustafa-oldu-mu-sosyal-medya-fenomeni-mustafa-anil-yildirimin-hayatini-kaybettigi-iddia-edildi-17528486566974-768x432.jpg 768w, https:\/\/www.tgrthaber.com\/mavikadin\/wp-content\/uploads\/cello-mustafa-oldu-mu-sosyal-medya-fenomeni-mustafa-anil-yildirimin-hayatini-kaybettigi-iddia-edildi-17528486566974.jpg 1280w\" sizes=\"(max-width: 1208px) 100vw, 1208px\" \/><\/p>\n<hr \/>\n<h3>\u00a0CENAZES\u0130 MERS\u0130N&#8217;DEN KALKTI<\/h3>\n<p>Mustafa An\u0131l Y\u0131ld\u0131r\u0131m&#8217;\u0131n cenazesi 18 Temmuz 2025 Cuma g\u00fcn\u00fc mwersin Erdemli&#8217;de Alata Mezarl\u0131\u011f\u0131&#8217;nmda defnedildi. Takip\u00e7ileri ve sevenleri onu yaln\u0131z b\u0131rakmayarak #\u00c7elloMustafa etiketiyle veda mesajlar\u0131n\u0131 ard\u0131 ard\u0131na payla\u015ft\u0131.<\/p>\n","protected":false},"excerpt":{"rendered":"<p>\u00c7ello Mustafa ad\u0131yla tan\u0131nan Mustafa An\u0131l Y\u0131ld\u0131r\u0131m 20 ya\u015f\u0131nda hayat\u0131n\u0131 kaybetti. K\u0131sa s\u00fcrede sosyal medyada yay\u0131lan vefat haberi sonras\u0131, &#8216;Mustafa An\u0131l kimdir, ka\u00e7 ya\u015f\u0131nda ve neden \u00f6ld\u00fc&#8217;, sorular\u0131 h\u0131zla arat\u0131lmaya ba\u015fland\u0131. Peki \u00c7ello Mustafa ad\u0131yla ytan\u0131nan Mustafa An\u0131l Y\u0131ld\u0131r\u0131m kimdir, ka\u00e7 ya\u015f\u0131ndayd\u0131? Mustafa An\u0131l Y\u0131ld\u0131r\u0131m neden \u00f6ld\u00fc? \u0130\u015fte merak edilen t\u00fcm detaylar&#8230;<\/p>\n","protected":false},"author":35,"featured_media":207094,"comment_status":"closed","ping_status":"closed","sticky":false,"template":"","format":"standard","meta":{"rank_math_lock_modified_date":false,"footnotes":""},"categories":[491],"tags":[3374,28656,28655,28657],"class_list":["post-207093","post","type-post","status-publish","format-standard","has-post-thumbnail","hentry","category-biyografi","tag-biyografi","tag-cello-mustafa","tag-mustafa-anil-yildirim","tag-mustafa-anil-yildirim-neden-oldu"],"_links":{"self":[{"href":"https:\/\/www.tgrthaber.com\/mavikadin\/wp-json\/wp\/v2\/posts\/207093"}],"collection":[{"href":"https:\/\/www.tgrthaber.com\/mavikadin\/wp-json\/wp\/v2\/posts"}],"about":[{"href":"https:\/\/www.tgrthaber.com\/mavikadin\/wp-json\/wp\/v2\/types\/post"}],"author":[{"embeddable":true,"href":"https:\/\/www.tgrthaber.com\/mavikadin\/wp-json\/wp\/v2\/users\/35"}],"replies":[{"embeddable":true,"href":"https:\/\/www.tgrthaber.com\/mavikadin\/wp-json\/wp\/v2\/comments?post=207093"}],"version-history":[{"count":2,"href":"https:\/\/www.tgrthaber.com\/mavikadin\/wp-json\/wp\/v2\/posts\/207093\/revisions"}],"predecessor-version":[{"id":207104,"href":"https:\/\/www.tgrthaber.com\/mavikadin\/wp-json\/wp\/v2\/posts\/207093\/revisions\/207104"}],"wp:featuredmedia":[{"embeddable":true,"href":"https:\/\/www.tgrthaber.com\/mavikadin\/wp-json\/wp\/v2\/media\/207094"}],"wp:attachment":[{"href":"https:\/\/www.tgrthaber.com\/mavikadin\/wp-json\/wp\/v2\/media?parent=207093"}],"wp:term":[{"taxonomy":"category","embeddable":true,"href":"https:\/\/www.tgrthaber.com\/mavikadin\/wp-json\/wp\/v2\/categories?post=207093"},{"taxonomy":"post_tag","embeddable":true,"href":"https:\/\/www.tgrthaber.com\/mavikadin\/wp-json\/wp\/v2\/tags?post=207093"}],"curies":[{"name":"wp","href":"https:\/\/api.w.org\/{rel}","templated":true}]}}