{"id":207105,"date":"2025-07-18T21:39:43","date_gmt":"2025-07-18T18:39:43","guid":{"rendered":"https:\/\/www.tgrthaber.com\/mavikadin\/?p=207105"},"modified":"2025-07-18T21:39:43","modified_gmt":"2025-07-18T18:39:43","slug":"cello-mustafa-oldu-mu-cello-mustafaya-ne-oldu","status":"publish","type":"post","link":"https:\/\/www.tgrthaber.com\/mavikadin\/cello-mustafa-oldu-mu-cello-mustafaya-ne-oldu\/","title":{"rendered":"\u00c7ello Mustafa \u00f6ld\u00fc m\u00fc? \u00c7ello Mustafa&#8217;ya ne oldu?"},"content":{"rendered":"<p>Sosyal medyada i\u00e7erikleriyle tan\u0131nan \u00c7ello Mustafa ge\u00e7irdi\u011fi kaza sonras\u0131 ya\u015fama veda etti. \u00c7ello Mustafa diye bilinen sosyal medya fenomeni Mustafa An\u0131l Y\u0131ld\u0131r\u0131m&#8217;\u0131n \u00f6l\u00fcm haberi binlerce ki\u015fiyi yasa bo\u011farken hayranlar\u0131 \u00f6l\u00fcm nedenini ara\u015ft\u0131r\u0131yor. Peki sosyal medya fenomeni \u00c7ello Mustafa&#8217;ya ne oldu, neden \u00f6ld\u00fc? \u0130\u015fte detaylar&#8230;<\/p>\n<h3>\u00c7ELLO MUSTAFA \u00d6LD\u00dc M\u00dc? \u00c7ELLO MUSTAFA&#8217;YA NE OLDU?<\/h3>\n<p>20 ya\u015f\u0131ndaki sosyal medya fenomeni \u00c7ello Mustafa&#8217;n\u0131n vefat haberi sabah saatlerinde duyuruldu. \u00c7ok k\u0131sa s\u00fcrede sosyal medyan\u0131n g\u00fcndemine oturan bu geli\u015fme, \u00e7ok say\u0131da ki\u015fiyi derinden \u00fczd\u00fc. Yaln\u0131zca ailesi de\u011fil, takip\u00e7ilerini de sarsan bu geli\u015fme sonras\u0131 \u00c7ello Mustafa ad\u0131yla \u00fcnlenen Mustafa An\u0131l Y\u0131ld\u0131r\u0131m&#8217;\u0131n \u00f6l\u00fcm\u00fc de merak edildi.<\/p>\n<p><img loading=\"lazy\" decoding=\"async\" class=\"alignnone wp-image-207108\" src=\"https:\/\/www.tgrthaber.com\/mavikadin\/wp-content\/uploads\/aw499928_05-300x281.jpg\" alt=\"\" width=\"1208\" height=\"1133\" title=\"\" srcset=\"https:\/\/www.tgrthaber.com\/mavikadin\/wp-content\/uploads\/aw499928_05-300x281.jpg 300w, https:\/\/www.tgrthaber.com\/mavikadin\/wp-content\/uploads\/aw499928_05.jpg 739w\" sizes=\"(max-width: 1208px) 100vw, 1208px\" \/><\/p>\n<hr \/>\n<p>\u00c7ello Mustafa talihsiz bir motor kazas\u0131 sonras\u0131 ya\u015fama veda etti. Motosiklet kazas\u0131 sonrada hastanye kald\u0131r\u0131lan \u00c7ello Mustafa t\u00fcm m\u00fcdahalelere ra\u011fmen ne yaz\u0131k ki kurtar\u0131lamad\u0131. Olay ise Mersin&#8217;de meydana geldi. Kulland\u0131\u011f\u0131 motosikletin kontrol\u00fcn\u00fc kaybeden \u00c7ello Mustafa devrilerek a\u011f\u0131r yaraland\u0131. G\u00f6rg\u00fc tan\u0131klar\u0131 kaza s\u0131ras\u0131nda \u00c7ello Mustafa2n\u0131n kask takmad\u0131\u011f\u0131n\u0131 s\u00f6yl\u00fcyorlar. Ba\u015f\u0131n\u0131 sert bir \u015fekilde yere \u00e7arpan Mustafa An\u0131l Y\u0131ld\u0131r\u0131m, ilk m\u00fcdahalenin ard\u0131ndan derhal Erdemli Devlet Hastanesi&#8217;ne kald\u0131r\u0131ld\u0131.<\/p>\n<p><img loading=\"lazy\" decoding=\"async\" class=\"alignnone wp-image-207109\" src=\"https:\/\/www.tgrthaber.com\/mavikadin\/wp-content\/uploads\/3830f093-181e-4d51-bc25-faa9a9c4e682-1-300x169.webp\" alt=\"\" width=\"1208\" height=\"680\" title=\"\" srcset=\"https:\/\/www.tgrthaber.com\/mavikadin\/wp-content\/uploads\/3830f093-181e-4d51-bc25-faa9a9c4e682-1-300x169.webp 300w, https:\/\/www.tgrthaber.com\/mavikadin\/wp-content\/uploads\/3830f093-181e-4d51-bc25-faa9a9c4e682-1-1024x576.webp 1024w, https:\/\/www.tgrthaber.com\/mavikadin\/wp-content\/uploads\/3830f093-181e-4d51-bc25-faa9a9c4e682-1-768x432.webp 768w, https:\/\/www.tgrthaber.com\/mavikadin\/wp-content\/uploads\/3830f093-181e-4d51-bc25-faa9a9c4e682-1.webp 1280w\" sizes=\"(max-width: 1208px) 100vw, 1208px\" \/><\/p>\n<hr \/>\n<p>Bir s\u00fcre sonra durumu a\u011f\u0131rla\u015f\u0131nca Mersin \u00dcniversitesi T\u0131p Fak\u00fcltesi&#8217;ne sevki yap\u0131ld\u0131. Yo\u011fun bak\u0131m \u00fcnitesinde ya\u015fam m\u00fccadelesi veren \u00c7ello Mustafa maalesef yap\u0131lan t\u00fcm m\u00fcdahalelere ra\u011fmen hayata tutunamad\u0131. Bir haftaya yak\u0131n tedavisi s\u00fcren \u00c7ello Mustafa&#8217;dan ac\u0131 haberi 18 Temmuz 2025 sabah\u0131 ailesi taraf\u0131ndan duyuruldu.<\/p>\n<p><img loading=\"lazy\" decoding=\"async\" class=\"alignnone wp-image-207110\" src=\"https:\/\/www.tgrthaber.com\/mavikadin\/wp-content\/uploads\/cello-mustafa-oldu-mu-sosyal-medya-fenomeni-mustafa-anil-yildirimin-hayatini-kaybettigi-iddia-edildi-17528486567393_4-300x212.jpg\" alt=\"\" width=\"1208\" height=\"853\" title=\"\" srcset=\"https:\/\/www.tgrthaber.com\/mavikadin\/wp-content\/uploads\/cello-mustafa-oldu-mu-sosyal-medya-fenomeni-mustafa-anil-yildirimin-hayatini-kaybettigi-iddia-edildi-17528486567393_4-300x212.jpg 300w, https:\/\/www.tgrthaber.com\/mavikadin\/wp-content\/uploads\/cello-mustafa-oldu-mu-sosyal-medya-fenomeni-mustafa-anil-yildirimin-hayatini-kaybettigi-iddia-edildi-17528486567393_4.jpg 708w\" sizes=\"(max-width: 1208px) 100vw, 1208px\" \/><\/p>\n<hr \/>\n<h3>TAK\u0130P\u00c7\u0130LER\u0130 YASTA!<\/h3>\n<p>Gen\u00e7leri motive edici payla\u015f\u0131mlar\u0131yla tan\u0131nan Mustafa An\u0131l Y\u0131ld\u0131r\u0131m, yani sosyal medyan\u0131n \u00c7ello Mustafa&#8217;s\u0131 \u00f6zellikle \u015fu s\u00f6z\u00fc ile haf\u0131zalara kaz\u0131nm\u0131\u015ft\u0131.<\/p>\n<p>&#8216;Sen akl\u0131na koydu\u011fun her leyi ba\u015far\u0131rs\u0131n. \u00c7\u00fcnk\u00fc senin inan\u0131lmaz g\u00fcc\u00fcn ve sevgin de var.&#8217;<\/p>\n<p><img loading=\"lazy\" decoding=\"async\" class=\"alignnone wp-image-207102\" src=\"https:\/\/www.tgrthaber.com\/mavikadin\/wp-content\/uploads\/cello-mustafa-oldu-mu-sosyal-medya-fenomeni-mustafa-anil-yildirimin-hayatini-kaybettigi-iddia-edildi-17528486566974-300x169.jpg\" alt=\"\" width=\"1208\" height=\"680\" title=\"\" srcset=\"https:\/\/www.tgrthaber.com\/mavikadin\/wp-content\/uploads\/cello-mustafa-oldu-mu-sosyal-medya-fenomeni-mustafa-anil-yildirimin-hayatini-kaybettigi-iddia-edildi-17528486566974-300x169.jpg 300w, https:\/\/www.tgrthaber.com\/mavikadin\/wp-content\/uploads\/cello-mustafa-oldu-mu-sosyal-medya-fenomeni-mustafa-anil-yildirimin-hayatini-kaybettigi-iddia-edildi-17528486566974-1024x576.jpg 1024w, https:\/\/www.tgrthaber.com\/mavikadin\/wp-content\/uploads\/cello-mustafa-oldu-mu-sosyal-medya-fenomeni-mustafa-anil-yildirimin-hayatini-kaybettigi-iddia-edildi-17528486566974-768x432.jpg 768w, https:\/\/www.tgrthaber.com\/mavikadin\/wp-content\/uploads\/cello-mustafa-oldu-mu-sosyal-medya-fenomeni-mustafa-anil-yildirimin-hayatini-kaybettigi-iddia-edildi-17528486566974.jpg 1280w\" sizes=\"(max-width: 1208px) 100vw, 1208px\" \/><\/p>\n<hr \/>\n<p>\u00c7ello Mustafa&#8217;n\u0131n bu unutulmaz s\u00f6z\u00fc \u00f6l\u00fcm\u00fcnden sonra hayranlar\u0131 taraf\u0131ndan her yerde payla\u015f\u0131lmaya ba\u015fland\u0131. Pek \u00e7ok takip\u00e7isi \u00c7ello Mustafa&#8217;n\u0131n vefat\u0131na inanmazken, \u00c7ello Mustafa&#8217;n\u0131n kendilerine moral ve ilham veren biri oldu\u011funu dile getirdiler.<\/p>\n","protected":false},"excerpt":{"rendered":"<p>Sosyal medya fenomeni 20 ya\u015f\u0131ndaki \u00c7ello Mustafa vefat etti. Vefat\u0131 sonras\u0131 sosyal medyan\u0131n en \u00e7ok ara\u015ft\u0131r\u0131lan ba\u015fl\u0131klar\u0131 aras\u0131nda ge\u00e7en \u00c7ello Mustafa&#8217;n\u0131n neden \u00f6ld\u00fc\u011f\u00fc merak konusu oldu. Peki \u00c7ello Mustafa&#8217;ya ne oldu? Ger\u00e7ek ad\u0131 Mustafa An\u0131l Y\u0131ld\u0131r\u0131m olan \u00c7ello Mustafa nedne \u00f6ld\u00fc? \u0130\u015fte cevab\u0131&#8230;<\/p>\n","protected":false},"author":35,"featured_media":207106,"comment_status":"closed","ping_status":"closed","sticky":false,"template":"","format":"standard","meta":{"rank_math_lock_modified_date":false,"footnotes":""},"categories":[76],"tags":[28658,28660,28659,133,28655],"class_list":["post-207105","post","type-post","status-publish","format-standard","has-post-thumbnail","hentry","category-magazin","tag-cello-muistafa","tag-cello-mustafa-oldumu","tag-cello-mustafaya-ne-oldu","tag-magazin","tag-mustafa-anil-yildirim"],"_links":{"self":[{"href":"https:\/\/www.tgrthaber.com\/mavikadin\/wp-json\/wp\/v2\/posts\/207105"}],"collection":[{"href":"https:\/\/www.tgrthaber.com\/mavikadin\/wp-json\/wp\/v2\/posts"}],"about":[{"href":"https:\/\/www.tgrthaber.com\/mavikadin\/wp-json\/wp\/v2\/types\/post"}],"author":[{"embeddable":true,"href":"https:\/\/www.tgrthaber.com\/mavikadin\/wp-json\/wp\/v2\/users\/35"}],"replies":[{"embeddable":true,"href":"https:\/\/www.tgrthaber.com\/mavikadin\/wp-json\/wp\/v2\/comments?post=207105"}],"version-history":[{"count":2,"href":"https:\/\/www.tgrthaber.com\/mavikadin\/wp-json\/wp\/v2\/posts\/207105\/revisions"}],"predecessor-version":[{"id":207112,"href":"https:\/\/www.tgrthaber.com\/mavikadin\/wp-json\/wp\/v2\/posts\/207105\/revisions\/207112"}],"wp:featuredmedia":[{"embeddable":true,"href":"https:\/\/www.tgrthaber.com\/mavikadin\/wp-json\/wp\/v2\/media\/207106"}],"wp:attachment":[{"href":"https:\/\/www.tgrthaber.com\/mavikadin\/wp-json\/wp\/v2\/media?parent=207105"}],"wp:term":[{"taxonomy":"category","embeddable":true,"href":"https:\/\/www.tgrthaber.com\/mavikadin\/wp-json\/wp\/v2\/categories?post=207105"},{"taxonomy":"post_tag","embeddable":true,"href":"https:\/\/www.tgrthaber.com\/mavikadin\/wp-json\/wp\/v2\/tags?post=207105"}],"curies":[{"name":"wp","href":"https:\/\/api.w.org\/{rel}","templated":true}]}}