{"id":207107,"date":"2025-07-18T21:44:57","date_gmt":"2025-07-18T18:44:57","guid":{"rendered":"https:\/\/www.tgrthaber.com\/mavikadin\/?p=207107"},"modified":"2025-07-18T21:47:30","modified_gmt":"2025-07-18T18:47:30","slug":"ikinci-kez-baba-oluyor-milli-futbolcu-serdar-dursun-esinin-dogumu-sirasinda-bayildi","status":"publish","type":"post","link":"https:\/\/www.tgrthaber.com\/mavikadin\/ikinci-kez-baba-oluyor-milli-futbolcu-serdar-dursun-esinin-dogumu-sirasinda-bayildi\/","title":{"rendered":"Milli futbolcu Serdar Dursun e\u015finin do\u011fumu s\u0131ras\u0131nda bay\u0131ld\u0131!"},"content":{"rendered":"<p>Milli futbolcu Serdar Dursun ikince kez baba oldu. Erkek babas\u0131 olan Serdar Dursun e\u015fi Yasemin Dursun ile birlikte k\u0131zlar\u0131 Elanur\u2019un geli\u015fini bekliyorlard\u0131. Milli futbolcu e\u015fi Yasemin Dursun\u2019un do\u011fumuna girerek ona destek olmak istedi. E\u015fi ameliyathane de do\u011fum yapt\u0131\u011f\u0131 s\u0131rada futbolcu Serdar Dursun yere y\u0131\u011f\u0131ld\u0131. Yasemin Dursun e\u015fi Serdar Dursun\u2019un o anlar\u0131n\u0131 sosyal medyada payla\u015ft\u0131.<\/p>\n<h3>SERDAR DURSUN DO\u011eUMHANEDE BAYGINLIK GE\u00c7\u0130RD\u0130!<\/h3>\n<p>Futbol camias\u0131nda att\u0131\u011f\u0131 gollerle ve performans\u0131yla ad\u0131ndan s\u00f6z ettiren Milli futbolcu Serdar Dursun ikinci kez baba oldu. Yasemin Dursun\u2019un ge\u00e7ti\u011fimiz saat diliminde ikinci \u00e7ocuklar\u0131n\u0131 d\u00fcnyaya getirmek i\u00e7in do\u011fumhaneye girdi.<\/p>\n<p><img loading=\"lazy\" decoding=\"async\" class=\"alignnone wp-image-207115 size-full\" src=\"https:\/\/www.tgrthaber.com\/mavikadin\/wp-content\/uploads\/Adsiz-tasarim-26-31.jpg\" alt=\"\" width=\"1208\" height=\"680\" title=\"\" srcset=\"https:\/\/www.tgrthaber.com\/mavikadin\/wp-content\/uploads\/Adsiz-tasarim-26-31.jpg 1208w, https:\/\/www.tgrthaber.com\/mavikadin\/wp-content\/uploads\/Adsiz-tasarim-26-31-300x169.jpg 300w, https:\/\/www.tgrthaber.com\/mavikadin\/wp-content\/uploads\/Adsiz-tasarim-26-31-1024x576.jpg 1024w, https:\/\/www.tgrthaber.com\/mavikadin\/wp-content\/uploads\/Adsiz-tasarim-26-31-768x432.jpg 768w\" sizes=\"(max-width: 1208px) 100vw, 1208px\" \/><\/p>\n<hr \/>\n<p>E\u015fini o anlarda yaln\u0131z b\u0131rakmak istemeyen ve destek olmak isteyen futbolcu Serdar Dursun bayg\u0131nl\u0131k ge\u00e7irdi. E\u015finin o anki haline dayanamay\u0131p fenala\u015fan milli futbolcu Serdar Dursun, k\u0131z\u0131n\u0131n d\u00fcnyaya geli\u015f an\u0131n\u0131 bayg\u0131nl\u0131k ge\u00e7irerek kar\u015f\u0131lad\u0131. Futbolcunun bay\u0131ld\u0131\u011f\u0131 o anlar\u0131 kayda alan e\u015fi Yasemin Dursun, sosyal medyada payla\u015ft\u0131. Milli futbolcunun bayg\u0131nl\u0131k anlar\u0131 sosyal medyada dakikalar i\u00e7inde viral oldu.<\/p>\n<p><img loading=\"lazy\" decoding=\"async\" class=\"alignnone wp-image-207113 size-full\" src=\"https:\/\/www.tgrthaber.com\/mavikadin\/wp-content\/uploads\/serdar-dursun-dogumhane-de-bayildi.jpg\" alt=\"\" width=\"1208\" height=\"680\" title=\"\" srcset=\"https:\/\/www.tgrthaber.com\/mavikadin\/wp-content\/uploads\/serdar-dursun-dogumhane-de-bayildi.jpg 1208w, https:\/\/www.tgrthaber.com\/mavikadin\/wp-content\/uploads\/serdar-dursun-dogumhane-de-bayildi-300x169.jpg 300w, https:\/\/www.tgrthaber.com\/mavikadin\/wp-content\/uploads\/serdar-dursun-dogumhane-de-bayildi-1024x576.jpg 1024w, https:\/\/www.tgrthaber.com\/mavikadin\/wp-content\/uploads\/serdar-dursun-dogumhane-de-bayildi-768x432.jpg 768w\" sizes=\"(max-width: 1208px) 100vw, 1208px\" \/><\/p>\n<hr \/>\n<h3>SERDAR DURSUN E\u015e\u0130 YASEM\u0130N DURSUN \u201cNE ZAMAN BAYILDI\u201d<\/h3>\n<p>Futbolcu Serdar Dursun, e\u015fine destek olmak i\u00e7in girdi\u011fi do\u011fumhaneden bay\u0131larak \u00e7\u0131kt\u0131. Yasemin Dursun\u2019a destek olup k\u0131zlar\u0131n\u0131n o en \u00f6zel anlar\u0131na \u015fahit olmak i\u00e7in beklerken fenala\u015ft\u0131. Serdar Dursun e\u015fi milli futbolcunun o anlar\u0131n\u0131 \u00f6l\u00fcms\u00fczle\u015ftirerek an\u0131 olarak payla\u015ft\u0131. Yasemin Dursun payla\u015f\u0131m\u0131nda \u201c Ne zaman bay\u0131ld\u0131 ben rahatlad\u0131m\u201d notuyla birlikte g\u00fclme emojisi koyarak payla\u015ft\u0131.<\/p>\n<p><img loading=\"lazy\" decoding=\"async\" class=\"alignnone wp-image-207114 size-full\" src=\"https:\/\/www.tgrthaber.com\/mavikadin\/wp-content\/uploads\/serdar-dursun-kizi-elanur-ile-ilk-goruntuyu-verdi.jpg\" alt=\"\" width=\"1208\" height=\"680\" title=\"\" srcset=\"https:\/\/www.tgrthaber.com\/mavikadin\/wp-content\/uploads\/serdar-dursun-kizi-elanur-ile-ilk-goruntuyu-verdi.jpg 1208w, https:\/\/www.tgrthaber.com\/mavikadin\/wp-content\/uploads\/serdar-dursun-kizi-elanur-ile-ilk-goruntuyu-verdi-300x169.jpg 300w, https:\/\/www.tgrthaber.com\/mavikadin\/wp-content\/uploads\/serdar-dursun-kizi-elanur-ile-ilk-goruntuyu-verdi-1024x576.jpg 1024w, https:\/\/www.tgrthaber.com\/mavikadin\/wp-content\/uploads\/serdar-dursun-kizi-elanur-ile-ilk-goruntuyu-verdi-768x432.jpg 768w\" sizes=\"(max-width: 1208px) 100vw, 1208px\" \/><\/p>\n<hr \/>\n<h3>SERDAR DURSUN VE E\u015e\u0130 KIZLARI ELANUR\u2019U KUCAKLARINA ALDI<\/h3>\n<p>\u0130kinci \u00e7ocuklar\u0131na hamile olan Yasemin Dursun, 9 ay\u0131n sonunda k\u0131zlar\u0131 Elanur Dursun\u2019u kucaklar\u0131na ald\u0131lar. Erkek \u00e7ocuklar\u0131 olan \u00e7iftin d\u00fcnyalar g\u00fczeli bir k\u0131z\u0131 da oldu. K\u0131z\u0131n\u0131n ilk anlar\u0131n\u0131 ailecek \u00e7ekildikleri foto\u011frafla payla\u015ft\u0131. Dursun ailesine tebrik mesajlar\u0131 at\u0131l\u0131rken k\u0131z\u0131 Elanur\u2019un ilk g\u00f6r\u00fcnt\u00fcs\u00fcn\u00fc de milyonlarca be\u011feni geldi.<\/p>\n","protected":false},"excerpt":{"rendered":"<p>Milli futbolcu Serdar Dursun\u2019un ikinci kez baba olman\u0131n heyecan\u0131n\u0131 ya\u015fad\u0131. E\u015fi Yasemin Dursun\u2019unla birlikte do\u011fuma giren Serdar Dursun ameliyathanede bayg\u0131nl\u0131k ge\u00e7irdi. Milli futbolcunun o anlar\u0131 sosyal medyada g\u00fcndem oldu. Serdar Dursun e\u015fi Yasemin Dursun bayg\u0131nl\u0131k an\u0131n\u0131 esprili bir notla payla\u015ft\u0131. <\/p>\n","protected":false},"author":10,"featured_media":207116,"comment_status":"closed","ping_status":"closed","sticky":false,"template":"","format":"standard","meta":{"rank_math_lock_modified_date":false,"footnotes":""},"categories":[76],"tags":[133,2218,28661,28662],"class_list":["post-207107","post","type-post","status-publish","format-standard","has-post-thumbnail","hentry","category-magazin","tag-magazin","tag-magazin-haberleri","tag-serdar-dursun-bayildi","tag-serdar-dursun-kizi-elanur"],"_links":{"self":[{"href":"https:\/\/www.tgrthaber.com\/mavikadin\/wp-json\/wp\/v2\/posts\/207107"}],"collection":[{"href":"https:\/\/www.tgrthaber.com\/mavikadin\/wp-json\/wp\/v2\/posts"}],"about":[{"href":"https:\/\/www.tgrthaber.com\/mavikadin\/wp-json\/wp\/v2\/types\/post"}],"author":[{"embeddable":true,"href":"https:\/\/www.tgrthaber.com\/mavikadin\/wp-json\/wp\/v2\/users\/10"}],"replies":[{"embeddable":true,"href":"https:\/\/www.tgrthaber.com\/mavikadin\/wp-json\/wp\/v2\/comments?post=207107"}],"version-history":[{"count":2,"href":"https:\/\/www.tgrthaber.com\/mavikadin\/wp-json\/wp\/v2\/posts\/207107\/revisions"}],"predecessor-version":[{"id":207118,"href":"https:\/\/www.tgrthaber.com\/mavikadin\/wp-json\/wp\/v2\/posts\/207107\/revisions\/207118"}],"wp:featuredmedia":[{"embeddable":true,"href":"https:\/\/www.tgrthaber.com\/mavikadin\/wp-json\/wp\/v2\/media\/207116"}],"wp:attachment":[{"href":"https:\/\/www.tgrthaber.com\/mavikadin\/wp-json\/wp\/v2\/media?parent=207107"}],"wp:term":[{"taxonomy":"category","embeddable":true,"href":"https:\/\/www.tgrthaber.com\/mavikadin\/wp-json\/wp\/v2\/categories?post=207107"},{"taxonomy":"post_tag","embeddable":true,"href":"https:\/\/www.tgrthaber.com\/mavikadin\/wp-json\/wp\/v2\/tags?post=207107"}],"curies":[{"name":"wp","href":"https:\/\/api.w.org\/{rel}","templated":true}]}}