{"id":207120,"date":"2025-07-18T22:25:16","date_gmt":"2025-07-18T19:25:16","guid":{"rendered":"https:\/\/www.tgrthaber.com\/mavikadin\/?p=207120"},"modified":"2025-07-18T22:25:17","modified_gmt":"2025-07-18T19:25:17","slug":"arda-turan-ukraynali-muhabirle-goz-goze-bile-gelemedi-sosyal-medya-bu-roportaji-konusuyor","status":"publish","type":"post","link":"https:\/\/www.tgrthaber.com\/mavikadin\/arda-turan-ukraynali-muhabirle-goz-goze-bile-gelemedi-sosyal-medya-bu-roportaji-konusuyor\/","title":{"rendered":"Arda Turan Ukraynal\u0131 muhabirle g\u00f6z g\u00f6ze bile gelemedi! Sosyal medya bu r\u00f6portaj\u0131 konu\u015fuyor"},"content":{"rendered":"<p>UEFA Avrupa Ligi&#8217;nde sahadaki skorlardan \u00e7ok, saha d\u0131\u015f\u0131nda yap\u0131lan r\u00f6portaj konu\u015fuluyor. Shakhtar Donetsk&#8217;i \u00e7al\u0131\u015ft\u0131ran ArdaTuran&#8217;\u0131n ma\u00e7 sonras\u0131 Ukraynal\u0131 muhabirle yapt\u0131\u011f\u0131 r\u00f6portaj sosyal medyada resmen olay oldu. Arda Turan&#8217;\u0131n r\u00f6portaj s\u0131ras\u0131nda Ukraynal\u0131 g\u00fczel muhabirle g\u00f6z temas\u0131 kuramamas\u0131 Arda Turan&#8217;\u0131 dillere d\u00fc\u015f\u00fcrd\u00fc. \u0130\u015fte Ukraynal\u0131 muhabirle g\u00f6z g\u00f6ze bile gelemeyen Arda Turan&#8217;\u0131n, sosyal medyada \u00e7ok konu\u015fulan o r\u00f6portaj\u0131&#8230;<\/p>\n<h3>ARDA TURAN UKRAYNALI MUHAB\u0130RLE G\u00d6Z G\u00d6ZE B\u0130LE GELEMED\u0130<\/h3>\n<p>Finlandiya ekibi Ilves ile gols\u00fcz ger\u00e7ekle\u015fen ma\u00e7ta berabere kalan Shakhtar, ilk ma\u00e7ta 6-0&#8217;l\u0131k skorla ad\u0131n\u0131 bir \u00fcst tura yazd\u0131rmay\u0131 ba\u015farm\u0131\u015ft\u0131.<\/p>\n<p><img loading=\"lazy\" decoding=\"async\" class=\"alignnone wp-image-207128\" src=\"https:\/\/www.tgrthaber.com\/mavikadin\/wp-content\/uploads\/t25_191220191348374625172-300x169.webp\" alt=\"\" width=\"1208\" height=\"678\" title=\"\" srcset=\"https:\/\/www.tgrthaber.com\/mavikadin\/wp-content\/uploads\/t25_191220191348374625172-300x169.webp 300w, https:\/\/www.tgrthaber.com\/mavikadin\/wp-content\/uploads\/t25_191220191348374625172-1024x575.webp 1024w, https:\/\/www.tgrthaber.com\/mavikadin\/wp-content\/uploads\/t25_191220191348374625172-768x431.webp 768w, https:\/\/www.tgrthaber.com\/mavikadin\/wp-content\/uploads\/t25_191220191348374625172.webp 1200w\" sizes=\"(max-width: 1208px) 100vw, 1208px\" \/><\/p>\n<hr \/>\n<p>\u0130kinci eleme turunda ise Be\u015fikta\u015f&#8217;\u0131n rakibi olan Shakhtar&#8217;\u0131n teknik direkt\u00f6r\u00fc Arda Turan, ma\u00e7\u0131n sonunda bir r\u00f6portaj ger\u00e7ekle\u015ftirdi. Arda Turan&#8217;\u0131n yapt\u0131\u011f\u0131 r\u00f6portajda 24 ya\u015f\u0131ndaki Ukraynal\u0131 g\u00fczele bir an olsun bakamamas\u0131 sosyal medyan\u0131n diline d\u00fc\u015ft\u00fc.<\/p>\n<p><img loading=\"lazy\" decoding=\"async\" class=\"alignnone wp-image-207129\" src=\"https:\/\/www.tgrthaber.com\/mavikadin\/wp-content\/uploads\/Adsiz-tasarim-3-54-300x169.png\" alt=\"\" width=\"1208\" height=\"680\" title=\"\" srcset=\"https:\/\/www.tgrthaber.com\/mavikadin\/wp-content\/uploads\/Adsiz-tasarim-3-54-300x169.png 300w, https:\/\/www.tgrthaber.com\/mavikadin\/wp-content\/uploads\/Adsiz-tasarim-3-54-1024x576.png 1024w, https:\/\/www.tgrthaber.com\/mavikadin\/wp-content\/uploads\/Adsiz-tasarim-3-54-768x432.png 768w, https:\/\/www.tgrthaber.com\/mavikadin\/wp-content\/uploads\/Adsiz-tasarim-3-54-1536x864.png 1536w, https:\/\/www.tgrthaber.com\/mavikadin\/wp-content\/uploads\/Adsiz-tasarim-3-54.png 1920w\" sizes=\"(max-width: 1208px) 100vw, 1208px\" \/><\/p>\n<hr \/>\n<h3>SOSYAL MEDYA BU R\u00d6PORTAJI KONU\u015eUYOR<\/h3>\n<p>Arda Turan ma\u00e7 sonras\u0131 gen\u00e7 Ukraynal\u0131 gazeteci Daria Bondar Savina ile yapt\u0131\u011f\u0131 r\u00f6portaj k\u0131sa s\u00fcrede resmen viral oldu. \u00d6yle ki, Arda Turan&#8217;\u0131n r\u00f6portaj s\u0131ras\u0131nda g\u00fczel muhabire bakmamak i\u00e7in g\u00f6steridi\u011fi \u00e7aba, takip\u00e7ilerin g\u00f6z\u00fcnden ka\u00e7mad\u0131. Sosyal medya kullan\u0131c\u0131lar\u0131 Arda Turan&#8217;\u0131n bu hallerini esprili payla\u015f\u0131mlarla adeta tiye ald\u0131.<\/p>\n<p><img loading=\"lazy\" decoding=\"async\" class=\"alignnone wp-image-207130\" src=\"https:\/\/www.tgrthaber.com\/mavikadin\/wp-content\/uploads\/3ZNSu-wcXUWgRPVnytnkIw-300x207.webp\" alt=\"\" width=\"1208\" height=\"834\" title=\"\" srcset=\"https:\/\/www.tgrthaber.com\/mavikadin\/wp-content\/uploads\/3ZNSu-wcXUWgRPVnytnkIw-300x207.webp 300w, https:\/\/www.tgrthaber.com\/mavikadin\/wp-content\/uploads\/3ZNSu-wcXUWgRPVnytnkIw-768x530.webp 768w, https:\/\/www.tgrthaber.com\/mavikadin\/wp-content\/uploads\/3ZNSu-wcXUWgRPVnytnkIw.webp 960w\" sizes=\"(max-width: 1208px) 100vw, 1208px\" \/><\/p>\n<hr \/>\n<p>Espri ya\u011fmuruna tutulan r\u00f6portajda, Arda Turan&#8217;\u0131n bu \u00e7ekingen hallerinin sebebi, e\u015fi Asl\u0131han Do\u011fan Turan&#8217;a ba\u011flanarak &#8216; G\u00f6z\u00fc e\u015finde, g\u00f6nl\u00fc disiplinde&#8217;, &#8216;bakmayay\u0131m diye nas\u0131l \u00e7aba sarfediyor&#8217;, &#8216;e\u015finden korkmak budur i\u015fte&#8217;, &#8216;k\u0131z \u00e7ok g\u00fczel etkilenmemek i\u00e7in bakmam\u0131\u015ft\u0131r&#8217;, \u015feklinde binlerce yorum ard\u0131 ard\u0131na geldi. \u0130\u015fte sosyal medyada \u00e7ok konu\u015fulan o r\u00f6portaj&#8230;<\/p>\n<div style=\"width: 640px;\" class=\"wp-video\"><!--[if lt IE 9]><script>document.createElement('video');<\/script><![endif]-->\n<video class=\"wp-video-shortcode\" id=\"video-207120-1\" width=\"640\" height=\"752\" preload=\"metadata\" controls=\"controls\"><source type=\"video\/mp4\" src=\"https:\/\/www.tgrthaber.com\/mavikadin\/wp-content\/uploads\/Arda-Turanin-Ukraynali-gazeteci-Daria-ile-yaptigi-roportajda-goz-temasi-kurmamasi-gundem-oldu.mp4?_=1\" \/><a href=\"https:\/\/www.tgrthaber.com\/mavikadin\/wp-content\/uploads\/Arda-Turanin-Ukraynali-gazeteci-Daria-ile-yaptigi-roportajda-goz-temasi-kurmamasi-gundem-oldu.mp4\">https:\/\/www.tgrthaber.com\/mavikadin\/wp-content\/uploads\/Arda-Turanin-Ukraynali-gazeteci-Daria-ile-yaptigi-roportajda-goz-temasi-kurmamasi-gundem-oldu.mp4<\/a><\/video><\/div>\n<hr \/>\n<h3>ASLIHAN DO\u011eAN DETAYI G\u00d6ZDEN KA\u00c7MADI<\/h3>\n<p>Arda Turan&#8217;\u0131n bu hal ve tav\u0131rlar\u0131 ge\u00e7mi\u015fte \u00e7iftin ya\u015fad\u0131\u011f\u0131 \u00e7alkant\u0131l\u0131 d\u00f6nemi tekrar hat\u0131rlatt\u0131. Daha \u00f6nce aralar\u0131nda ihanet iddialar\u0131 olan \u00e7iftin , \u015fu an daha istikrarl\u0131 davrand\u0131\u011f\u0131 biliniyor. Arda Turan&#8217;\u0131n tam bu noktada g\u00f6z temas\u0131ndan bile ka\u00e7\u0131nmas\u0131, takip\u00e7ileri taraf\u0131ndan &#8216;Asl\u0131han Do\u011fan&#8217;a sayg\u0131&#8217; olarak da yorumlanmas\u0131na da neden oldu.<\/p>\n","protected":false},"excerpt":{"rendered":"<p>UEFA Avrupa Ligi&#8217;nde Shakhtar Donetsk&#8217;in tur atlad\u0131\u011f\u0131 gecede ba\u015far\u0131dan \u00e7ok, kameralara yans\u0131yan bir detay g\u00fcndemde. Arda Turan&#8217;\u0131n kendisiyle r\u00f6portaj eden Ukraynal\u0131 muhabirle g\u00f6z g\u00f6ze bile gelemedi\u011fi anlar magazin sayfalar\u0131nda ba\u015f k\u00f6\u015feye oturdu. \u0130\u015fte sosyal medyan\u0131n konu\u015ftu\u011fu, Arda Turan&#8217;\u0131n Ukraynal\u0131 muhabirle yapt\u0131\u011f\u0131 o r\u00f6portaj&#8230;<\/p>\n","protected":false},"author":35,"featured_media":207121,"comment_status":"closed","ping_status":"closed","sticky":false,"template":"","format":"standard","meta":{"rank_math_lock_modified_date":false,"footnotes":""},"categories":[76],"tags":[5771,133,28667,28666,28665],"class_list":["post-207120","post","type-post","status-publish","format-standard","has-post-thumbnail","hentry","category-magazin","tag-arda-turan","tag-magazin","tag-shakhtar-donetsk","tag-uefa-avrupa-ligi","tag-ukraynali-muhabir"],"_links":{"self":[{"href":"https:\/\/www.tgrthaber.com\/mavikadin\/wp-json\/wp\/v2\/posts\/207120"}],"collection":[{"href":"https:\/\/www.tgrthaber.com\/mavikadin\/wp-json\/wp\/v2\/posts"}],"about":[{"href":"https:\/\/www.tgrthaber.com\/mavikadin\/wp-json\/wp\/v2\/types\/post"}],"author":[{"embeddable":true,"href":"https:\/\/www.tgrthaber.com\/mavikadin\/wp-json\/wp\/v2\/users\/35"}],"replies":[{"embeddable":true,"href":"https:\/\/www.tgrthaber.com\/mavikadin\/wp-json\/wp\/v2\/comments?post=207120"}],"version-history":[{"count":2,"href":"https:\/\/www.tgrthaber.com\/mavikadin\/wp-json\/wp\/v2\/posts\/207120\/revisions"}],"predecessor-version":[{"id":207133,"href":"https:\/\/www.tgrthaber.com\/mavikadin\/wp-json\/wp\/v2\/posts\/207120\/revisions\/207133"}],"wp:featuredmedia":[{"embeddable":true,"href":"https:\/\/www.tgrthaber.com\/mavikadin\/wp-json\/wp\/v2\/media\/207121"}],"wp:attachment":[{"href":"https:\/\/www.tgrthaber.com\/mavikadin\/wp-json\/wp\/v2\/media?parent=207120"}],"wp:term":[{"taxonomy":"category","embeddable":true,"href":"https:\/\/www.tgrthaber.com\/mavikadin\/wp-json\/wp\/v2\/categories?post=207120"},{"taxonomy":"post_tag","embeddable":true,"href":"https:\/\/www.tgrthaber.com\/mavikadin\/wp-json\/wp\/v2\/tags?post=207120"}],"curies":[{"name":"wp","href":"https:\/\/api.w.org\/{rel}","templated":true}]}}