{"id":207134,"date":"2025-07-18T22:38:04","date_gmt":"2025-07-18T19:38:04","guid":{"rendered":"https:\/\/www.tgrthaber.com\/mavikadin\/?p=207134"},"modified":"2025-07-18T22:38:04","modified_gmt":"2025-07-18T19:38:04","slug":"serdar-dursun-kimdir-kac-yasindadir-kiminle-evli-kac-cocugu-var","status":"publish","type":"post","link":"https:\/\/www.tgrthaber.com\/mavikadin\/serdar-dursun-kimdir-kac-yasindadir-kiminle-evli-kac-cocugu-var\/","title":{"rendered":"Serdar Dursun kimdir ka\u00e7 ya\u015f\u0131ndad\u0131r? Kiminle evli ka\u00e7 \u00e7ocu\u011fu var?"},"content":{"rendered":"<p>T\u00fcrk futbolunun parlayan y\u0131ld\u0131z\u0131 Serdar Dursun kariyeri boyunca her ma\u00e7\u0131nda performans\u0131yla be\u011feni toplad\u0131. Geni\u015f bir fan kitlesi olan Serdar Dursun hem yurt d\u0131\u015f\u0131nda hem de yurt i\u00e7inde tan\u0131nan bir futbolcudur. Kaleye att\u0131\u011f\u0131 gollerle takdir toplayan Serdar Dursun kimdir ka\u00e7 ya\u015f\u0131ndad\u0131r? Kiminle evli ka\u00e7 \u00e7ocu\u011fu var? Hangi kul\u00fcpte oynuyor?<\/p>\n<h3>SERDAR DURSUN K\u0130MD\u0130R KA\u00c7 YA\u015eINDADIR?<\/h3>\n<p>Futbolcu Serdar Dursun, 19 Ekim 1991 y\u0131l\u0131nda Almanya\u2019n\u0131n Hamburg \u015fehri\u2019nde d\u00fcnyaya geldi. 32 ya\u015f\u0131ndaki Milli futbolcu Serdar Dursun 1.90 boyundad\u0131r. Ekim 1991\u2019de do\u011fan futbolcunun burcu terazidir. Serdar Dursun\u2019un kilosu ise 80\u2019dir. \u00a0@dursunserdar olarak kulland\u0131\u011f\u0131 resmi instagram hesab\u0131 bulunuyor.\u00a0 Takip\u00e7i say\u0131s\u0131 710bin civar\u0131ndad\u0131r.<\/p>\n<p><img loading=\"lazy\" decoding=\"async\" class=\"alignnone wp-image-207136 size-full\" src=\"https:\/\/www.tgrthaber.com\/mavikadin\/wp-content\/uploads\/serdar-dursun-kimdir.jpg\" alt=\"\" width=\"1208\" height=\"680\" title=\"\" srcset=\"https:\/\/www.tgrthaber.com\/mavikadin\/wp-content\/uploads\/serdar-dursun-kimdir.jpg 1208w, https:\/\/www.tgrthaber.com\/mavikadin\/wp-content\/uploads\/serdar-dursun-kimdir-300x169.jpg 300w, https:\/\/www.tgrthaber.com\/mavikadin\/wp-content\/uploads\/serdar-dursun-kimdir-1024x576.jpg 1024w, https:\/\/www.tgrthaber.com\/mavikadin\/wp-content\/uploads\/serdar-dursun-kimdir-768x432.jpg 768w\" sizes=\"(max-width: 1208px) 100vw, 1208px\" \/><\/p>\n<hr \/>\n<h3>SERDAR DURSUN EVL\u0130 M\u0130 KA\u00c7 \u00c7OCU\u011eU VAR?<\/h3>\n<p>Milli futbolcu Serdar Dursun\u2019un 2 \u00e7ocu\u011fu vard\u0131r. 26 Mart 2017 tarihinde Almanya Hamburg\u2019da e\u015fi Yasemin Dursun\u2019la d\u00fcnya evine girdi. Bu evlili\u011finden Eymen Serdar Dursun isminde bir o\u011flu ve Elanur Dursun ad\u0131nda bir k\u0131z\u0131 vard\u0131r. \u00c7ift, k\u0131zlar\u0131 Elanur\u2019u 17 Temmuz\u2019da kucaklar\u0131na ald\u0131lar.<\/p>\n<p><img loading=\"lazy\" decoding=\"async\" class=\"alignnone wp-image-207137 size-full\" src=\"https:\/\/www.tgrthaber.com\/mavikadin\/wp-content\/uploads\/serdar-dursun-kiminle-evli-kac-cocugu-var.jpg\" alt=\"\" width=\"1208\" height=\"680\" title=\"\" srcset=\"https:\/\/www.tgrthaber.com\/mavikadin\/wp-content\/uploads\/serdar-dursun-kiminle-evli-kac-cocugu-var.jpg 1208w, https:\/\/www.tgrthaber.com\/mavikadin\/wp-content\/uploads\/serdar-dursun-kiminle-evli-kac-cocugu-var-300x169.jpg 300w, https:\/\/www.tgrthaber.com\/mavikadin\/wp-content\/uploads\/serdar-dursun-kiminle-evli-kac-cocugu-var-1024x576.jpg 1024w, https:\/\/www.tgrthaber.com\/mavikadin\/wp-content\/uploads\/serdar-dursun-kiminle-evli-kac-cocugu-var-768x432.jpg 768w\" sizes=\"(max-width: 1208px) 100vw, 1208px\" \/><\/p>\n<hr \/>\n<h3>SERDAR DURSUN FUTBOLCULUK KAR\u0130YER\u0130<\/h3>\n<p>Serdar Dursun, futbolculuk kariyerine Almanya\u2019n\u0131n Concordia Hamburg altyap\u0131s\u0131nda ba\u015flad\u0131. Daha sonra Hannover 96 altyap\u0131s\u0131na ge\u00e7ti. Orada g\u00f6sterdi\u011fi performansla bir\u00e7ok tak\u0131mdan transfer teklifi geldi. 2011-12 sezonunun ba\u015f\u0131nda S\u00fcper Lig ekiplerinden Eski\u015fehirspor&#8217;a transfer oldu. T\u00fcrkiye\u2019deki futbol ser\u00fcveni ba\u015flayan Serdar Dursun bir s\u00fcr\u00fc T\u00fcrk tak\u0131m\u0131nda oynad\u0131. Serdar Dursun 2.Bundesliga gol kral\u0131 olarak, 15 Haziran 2021 tarihinde S\u00fcper Lig tak\u0131mlar\u0131ndan Fenerbah\u00e7e ile 3+1 y\u0131ll\u0131k s\u00f6zle\u015fme imzalad\u0131. Serdar, S\u00fcper Lig&#8217;de Fenerbah\u00e7e formas\u0131yla Kas\u0131m 2017&#8217;de hat-trick yapan Roberto Soldado&#8217;dan bu yana hat-trick yapan ilk futbolcu oldu.<\/p>\n<p>30 ya\u015f\u0131nda Serdar Dursun T\u00fcrkiye mill\u00ee futbol tak\u0131m\u0131na \u00e7a\u011f\u0131r\u0131ld\u0131. Milli ma\u00e7larda \u00e7\u0131kt\u0131\u011f\u0131 ilk 7 ma\u00e7ta att\u0131\u011f\u0131 7 golle bu say\u0131ya ula\u015fan en h\u0131zl\u0131 futbolcu rekorunu k\u0131rd\u0131.<\/p>\n<p><img loading=\"lazy\" decoding=\"async\" class=\"alignnone wp-image-207139 size-full\" src=\"https:\/\/www.tgrthaber.com\/mavikadin\/wp-content\/uploads\/serdar-dursun-futbolculuk-kariyeri.jpg\" alt=\"\" width=\"1208\" height=\"680\" title=\"\" srcset=\"https:\/\/www.tgrthaber.com\/mavikadin\/wp-content\/uploads\/serdar-dursun-futbolculuk-kariyeri.jpg 1208w, https:\/\/www.tgrthaber.com\/mavikadin\/wp-content\/uploads\/serdar-dursun-futbolculuk-kariyeri-300x169.jpg 300w, https:\/\/www.tgrthaber.com\/mavikadin\/wp-content\/uploads\/serdar-dursun-futbolculuk-kariyeri-1024x576.jpg 1024w, https:\/\/www.tgrthaber.com\/mavikadin\/wp-content\/uploads\/serdar-dursun-futbolculuk-kariyeri-768x432.jpg 768w\" sizes=\"(max-width: 1208px) 100vw, 1208px\" \/><\/p>\n<hr \/>\n<h3>SERDAR DURSUN HANG\u0130 TAKIMDA OYNAMAKTADIR?<\/h3>\n<p>Basra K\u00f6rfezi Premiyer Ligi tak\u0131mlar\u0131ndan BF Perspolis&#8217;de forma giymektedir. Ayn\u0131 zamanda Milli Futbol Tak\u0131m\u0131\u2019nda da bulunmaktad\u0131r.<\/p>\n","protected":false},"excerpt":{"rendered":"<p>BF Perspolis kul\u00fcb\u00fcnde ve Milli Tak\u0131mda oynayan Serdar Dursun futbol kariyerinin yan\u0131 s\u0131ra \u00f6zel hayat\u0131yla da merak edilen isimdir. Serdar Dursun\u2019un \u00f6zel hayat\u0131ndan, aile ya\u015fant\u0131s\u0131na ve futbolculuk kariyerine kadar her \u015feyi merak ediliyor. Peki, Serdar Dursun kimdir ka\u00e7 ya\u015f\u0131ndad\u0131r? Kiminle evli ka\u00e7 \u00e7ocu\u011fu var? Hangi kul\u00fcpte oynuyor?<\/p>\n","protected":false},"author":10,"featured_media":207138,"comment_status":"closed","ping_status":"closed","sticky":false,"template":"","format":"standard","meta":{"rank_math_lock_modified_date":false,"footnotes":""},"categories":[491],"tags":[3374,28670,28669,28671,28668,28672],"class_list":["post-207134","post","type-post","status-publish","format-standard","has-post-thumbnail","hentry","category-biyografi","tag-biyografi","tag-serdar-dursun-cocuklari","tag-serdar-dursun-evli-mi","tag-serdar-dursun-kariyeri","tag-serdar-dursun-kimdir","tag-serdar-dursun-oynadigi-takim"],"_links":{"self":[{"href":"https:\/\/www.tgrthaber.com\/mavikadin\/wp-json\/wp\/v2\/posts\/207134"}],"collection":[{"href":"https:\/\/www.tgrthaber.com\/mavikadin\/wp-json\/wp\/v2\/posts"}],"about":[{"href":"https:\/\/www.tgrthaber.com\/mavikadin\/wp-json\/wp\/v2\/types\/post"}],"author":[{"embeddable":true,"href":"https:\/\/www.tgrthaber.com\/mavikadin\/wp-json\/wp\/v2\/users\/10"}],"replies":[{"embeddable":true,"href":"https:\/\/www.tgrthaber.com\/mavikadin\/wp-json\/wp\/v2\/comments?post=207134"}],"version-history":[{"count":2,"href":"https:\/\/www.tgrthaber.com\/mavikadin\/wp-json\/wp\/v2\/posts\/207134\/revisions"}],"predecessor-version":[{"id":207141,"href":"https:\/\/www.tgrthaber.com\/mavikadin\/wp-json\/wp\/v2\/posts\/207134\/revisions\/207141"}],"wp:featuredmedia":[{"embeddable":true,"href":"https:\/\/www.tgrthaber.com\/mavikadin\/wp-json\/wp\/v2\/media\/207138"}],"wp:attachment":[{"href":"https:\/\/www.tgrthaber.com\/mavikadin\/wp-json\/wp\/v2\/media?parent=207134"}],"wp:term":[{"taxonomy":"category","embeddable":true,"href":"https:\/\/www.tgrthaber.com\/mavikadin\/wp-json\/wp\/v2\/categories?post=207134"},{"taxonomy":"post_tag","embeddable":true,"href":"https:\/\/www.tgrthaber.com\/mavikadin\/wp-json\/wp\/v2\/tags?post=207134"}],"curies":[{"name":"wp","href":"https:\/\/api.w.org\/{rel}","templated":true}]}}