{"id":207142,"date":"2025-07-18T23:29:16","date_gmt":"2025-07-18T20:29:16","guid":{"rendered":"https:\/\/www.tgrthaber.com\/mavikadin\/?p=207142"},"modified":"2025-07-18T23:29:17","modified_gmt":"2025-07-18T20:29:17","slug":"yetenek-sizsiniz-turkiye-yari-finaline-kimler-cikti-yetenek-sizsiniz-turkiye-yari-final-yarismacilari","status":"publish","type":"post","link":"https:\/\/www.tgrthaber.com\/mavikadin\/yetenek-sizsiniz-turkiye-yari-finaline-kimler-cikti-yetenek-sizsiniz-turkiye-yari-final-yarismacilari\/","title":{"rendered":"Yetenek Sizsiniz T\u00fcrkiye yar\u0131 finaline kimler \u00e7\u0131kt\u0131? Yetenek Sizsiniz T\u00fcrkiye yar\u0131 final yar\u0131\u015fmac\u0131lar\u0131!"},"content":{"rendered":"<p>NOW TV ekranlar\u0131n\u0131n severek izlenilen program\u0131 Yetenek Sizsiniz T\u00fcrkiye 2025 sezonuyla yine \u00e7ok konu\u015fuluyor. Her b\u00f6l\u00fcm\u00fcyle dikkatleri \u00fczerine \u00e7eken Yetenek Sizsiniz T\u00fcrkiye de\u011fi\u015fen format\u0131 ve yenilenen jurisiyle izleyici taraf\u0131ndan takip ediliyor. Programda yar\u0131 finale \u00e7\u0131kan isimlerde nihayet belli oldu. Peki Yetenek Sizsiniz T\u00fcrkiye yar\u0131\u015fmas\u0131nda kimler finale kald\u0131? \u0130\u015fte yar\u0131 final yar\u0131\u015fmac\u0131lar\u0131n tam listesi&#8230;<\/p>\n<h3>YETENEK S\u0130ZS\u0130N\u0130Z T\u00dcRK\u0130YE YARI F\u0130NALE K\u0130MLER \u00c7IKTI?<\/h3>\n<p>Juri koltu\u011funda Eda Ece, \u0130lker Ayr\u0131l\u0131k, \u015eevval Sam ve Hande Yener&#8217;in yer ald\u0131\u011f\u0131 NOW&#8217;da yay\u0131nlanan Yetenek Sizsiniz T\u00fcrkiye&#8217;de her b\u00f6l\u00fcm heyecan tavan yap\u0131yor.<\/p>\n<p><img loading=\"lazy\" decoding=\"async\" class=\"alignnone wp-image-207150\" src=\"https:\/\/www.tgrthaber.com\/mavikadin\/wp-content\/uploads\/yetenek-sizsiniz-jurileri-kim-oldu-yazin-bomba-gibi-donecek-17482598577486-300x169.jpg\" alt=\"\" width=\"1208\" height=\"680\" title=\"\" srcset=\"https:\/\/www.tgrthaber.com\/mavikadin\/wp-content\/uploads\/yetenek-sizsiniz-jurileri-kim-oldu-yazin-bomba-gibi-donecek-17482598577486-300x169.jpg 300w, https:\/\/www.tgrthaber.com\/mavikadin\/wp-content\/uploads\/yetenek-sizsiniz-jurileri-kim-oldu-yazin-bomba-gibi-donecek-17482598577486-1024x576.jpg 1024w, https:\/\/www.tgrthaber.com\/mavikadin\/wp-content\/uploads\/yetenek-sizsiniz-jurileri-kim-oldu-yazin-bomba-gibi-donecek-17482598577486-768x432.jpg 768w, https:\/\/www.tgrthaber.com\/mavikadin\/wp-content\/uploads\/yetenek-sizsiniz-jurileri-kim-oldu-yazin-bomba-gibi-donecek-17482598577486.jpg 1280w\" sizes=\"(max-width: 1208px) 100vw, 1208px\" \/><\/p>\n<hr \/>\n<p>Programda yar\u0131\u015fan baz\u0131 yar\u0131\u015fmac\u0131lar ise hem juriden hem de seyirciden tam not alarak yar\u0131 finale \u00e7\u0131kmaya hak kazand\u0131. \u00d6zellikle bu y\u0131l ilk defa uygulanan Butonla Direkt Ge\u00e7i\u015f sistemi ile yar\u0131\u015fmac\u0131lardan baz\u0131lar\u0131n\u0131n yar\u0131 finale ge\u00e7i\u015f hakk\u0131 kazanmas\u0131, izleyici taraf\u0131ndan da b\u00fcy\u00fck ilgi g\u00f6rd\u00fc.<\/p>\n<p><img loading=\"lazy\" decoding=\"async\" class=\"alignnone wp-image-207151\" src=\"https:\/\/www.tgrthaber.com\/mavikadin\/wp-content\/uploads\/Ekran-goruntusu-2025-07-18-232644-300x189.png\" alt=\"\" width=\"1208\" height=\"761\" title=\"\" srcset=\"https:\/\/www.tgrthaber.com\/mavikadin\/wp-content\/uploads\/Ekran-goruntusu-2025-07-18-232644-300x189.png 300w, https:\/\/www.tgrthaber.com\/mavikadin\/wp-content\/uploads\/Ekran-goruntusu-2025-07-18-232644-768x484.png 768w, https:\/\/www.tgrthaber.com\/mavikadin\/wp-content\/uploads\/Ekran-goruntusu-2025-07-18-232644.png 870w\" sizes=\"(max-width: 1208px) 100vw, 1208px\" \/><\/p>\n<hr \/>\n<h3>YETENEK S\u0130ZS\u0130N\u0130Z T\u00dcRK\u0130YE YARI F\u0130NAL YARI\u015eMACILARI<\/h3>\n<p>Yar\u0131\u015fman\u0131n 1. ve 2. turunda \u00f6ne \u00e7\u0131kan baz\u0131 yar\u0131\u015fmac\u0131lar ad\u0131n\u0131 yar\u0131 finale yazd\u0131rmay\u0131 ba\u015fard\u0131. \u015eovun sonunda izleyiciden gelen oylarla belirlenen yar\u0131 final heyecan\u0131nda \u00fc\u00e7 isim 80&#8217;nin \u00fczerinde oy olarak fark olu\u015fturdu. En \u00e7ok puan\u0131 alan ALFREDO y\u00fczde 86 oy alarak yar\u0131 finale \u00e7\u0131kmaya hak kazand\u0131.<\/p>\n<p><img loading=\"lazy\" decoding=\"async\" class=\"alignnone wp-image-207152\" src=\"https:\/\/www.tgrthaber.com\/mavikadin\/wp-content\/uploads\/ekran-goruntusu-2025-06-17-1754522035-300x126.jpg\" alt=\"\" width=\"1208\" height=\"509\" title=\"\" srcset=\"https:\/\/www.tgrthaber.com\/mavikadin\/wp-content\/uploads\/ekran-goruntusu-2025-06-17-1754522035-300x126.jpg 300w, https:\/\/www.tgrthaber.com\/mavikadin\/wp-content\/uploads\/ekran-goruntusu-2025-06-17-1754522035-1024x432.jpg 1024w, https:\/\/www.tgrthaber.com\/mavikadin\/wp-content\/uploads\/ekran-goruntusu-2025-06-17-1754522035-768x324.jpg 768w, https:\/\/www.tgrthaber.com\/mavikadin\/wp-content\/uploads\/ekran-goruntusu-2025-06-17-1754522035.jpg 1184w\" sizes=\"(max-width: 1208px) 100vw, 1208px\" \/><\/p>\n<hr \/>\n<p>Onu takip eden y\u00fczde 85 oy oran\u0131yla Iryna Atik Sirk Okulu&#8217;da kendini yar\u0131 finale yazd\u0131ran isim oldu. Gecenin di\u011fer \u00e7ok konu\u015fulan ve be\u011fenilen yar\u0131\u015fmac\u0131s\u0131 EMFASO&#8217;da yine yar\u0131 finale \u00e7\u0131kmaya hak kazanan isimlerden biri. Parlayan Teller ve Ege Kar\u0131n k\u00fc\u00e7\u00fck bir farkla yar\u0131\u015fmaya veda etti. Yar\u0131 finale ad\u0131n\u0131 yazd\u0131ran di\u011fer bir isim de K\u0131r\u0131kkale&#8217;li G\u00fcray G\u00fcndo\u011fdu oldu.<\/p>\n<p><img loading=\"lazy\" decoding=\"async\" class=\"alignnone wp-image-207153\" src=\"https:\/\/www.tgrthaber.com\/mavikadin\/wp-content\/uploads\/Yetenek-Sizsiniz-haber-resim-93a09e6c-b3ae-4151-938b-34a8201247d3-300x169.webp\" alt=\"\" width=\"1208\" height=\"680\" title=\"\" srcset=\"https:\/\/www.tgrthaber.com\/mavikadin\/wp-content\/uploads\/Yetenek-Sizsiniz-haber-resim-93a09e6c-b3ae-4151-938b-34a8201247d3-300x169.webp 300w, https:\/\/www.tgrthaber.com\/mavikadin\/wp-content\/uploads\/Yetenek-Sizsiniz-haber-resim-93a09e6c-b3ae-4151-938b-34a8201247d3-1024x576.webp 1024w, https:\/\/www.tgrthaber.com\/mavikadin\/wp-content\/uploads\/Yetenek-Sizsiniz-haber-resim-93a09e6c-b3ae-4151-938b-34a8201247d3-768x432.webp 768w, https:\/\/www.tgrthaber.com\/mavikadin\/wp-content\/uploads\/Yetenek-Sizsiniz-haber-resim-93a09e6c-b3ae-4151-938b-34a8201247d3.webp 1280w\" sizes=\"(max-width: 1208px) 100vw, 1208px\" \/><\/p>\n<hr \/>\n<p>NOW TV&#8217;nin be\u011fenilen program\u0131 Yetenek Sizsiniz T\u00fcrkiye&#8217;de yar\u0131 final heyecan\u0131 devam ederken, final b\u00f6l\u00fcm\u00fcnde kimlerin yar\u0131\u015faca\u011f\u0131 \u015fimdiden merak konusu oldu. Juri oylamas\u0131n\u0131n etkili oldu\u011fu Yetenek Sizsiniz T\u00fcrkiye&#8217;de halk oylamas\u0131 \u015fimdi belirleyici rol olacak.<\/p>\n","protected":false},"excerpt":{"rendered":"<p>Yay\u0131nland\u0131\u011f\u0131 ilk g\u00fcnden beri NOW TV ekranlar\u0131na damga vuran Yetenek Sizsiniz T\u00fcrkiye, 2025 sezonunda da yine dikkatleri \u00fczerine \u00e7ekmeye devam ediyor. Program\u0131n her detay\u0131 ara\u015ft\u0131r\u0131l\u0131rken, yar\u0131 finale kimlerin \u00e7\u0131kt\u0131\u011f\u0131 da merak konusu oldu. \u0130\u015fte Yetenek Sizsiniz T\u00fcrkiye 2025 yar\u0131 final yar\u0131\u015fmac\u0131lar\u0131&#8230;<\/p>\n","protected":false},"author":35,"featured_media":207143,"comment_status":"closed","ping_status":"closed","sticky":false,"template":"","format":"standard","meta":{"rank_math_lock_modified_date":false,"footnotes":""},"categories":[76],"tags":[133,18434,28677,28678,28679],"class_list":["post-207142","post","type-post","status-publish","format-standard","has-post-thumbnail","hentry","category-magazin","tag-magazin","tag-yetenek-sizsiniz-2025","tag-yetenek-sizsiniz-turkiye","tag-yetenek-sizsiniz-yari-final-yarismacilari","tag-yetenek-sizsiniz-yarismacilari"],"_links":{"self":[{"href":"https:\/\/www.tgrthaber.com\/mavikadin\/wp-json\/wp\/v2\/posts\/207142"}],"collection":[{"href":"https:\/\/www.tgrthaber.com\/mavikadin\/wp-json\/wp\/v2\/posts"}],"about":[{"href":"https:\/\/www.tgrthaber.com\/mavikadin\/wp-json\/wp\/v2\/types\/post"}],"author":[{"embeddable":true,"href":"https:\/\/www.tgrthaber.com\/mavikadin\/wp-json\/wp\/v2\/users\/35"}],"replies":[{"embeddable":true,"href":"https:\/\/www.tgrthaber.com\/mavikadin\/wp-json\/wp\/v2\/comments?post=207142"}],"version-history":[{"count":1,"href":"https:\/\/www.tgrthaber.com\/mavikadin\/wp-json\/wp\/v2\/posts\/207142\/revisions"}],"predecessor-version":[{"id":207154,"href":"https:\/\/www.tgrthaber.com\/mavikadin\/wp-json\/wp\/v2\/posts\/207142\/revisions\/207154"}],"wp:featuredmedia":[{"embeddable":true,"href":"https:\/\/www.tgrthaber.com\/mavikadin\/wp-json\/wp\/v2\/media\/207143"}],"wp:attachment":[{"href":"https:\/\/www.tgrthaber.com\/mavikadin\/wp-json\/wp\/v2\/media?parent=207142"}],"wp:term":[{"taxonomy":"category","embeddable":true,"href":"https:\/\/www.tgrthaber.com\/mavikadin\/wp-json\/wp\/v2\/categories?post=207142"},{"taxonomy":"post_tag","embeddable":true,"href":"https:\/\/www.tgrthaber.com\/mavikadin\/wp-json\/wp\/v2\/tags?post=207142"}],"curies":[{"name":"wp","href":"https:\/\/api.w.org\/{rel}","templated":true}]}}