{"id":207144,"date":"2025-07-18T23:12:57","date_gmt":"2025-07-18T20:12:57","guid":{"rendered":"https:\/\/www.tgrthaber.com\/mavikadin\/?p=207144"},"modified":"2025-07-18T23:12:57","modified_gmt":"2025-07-18T20:12:57","slug":"yasemin-dursun-kimdir-kac-yasinda-nereli-yasemin-dursun-kim-ile-evli","status":"publish","type":"post","link":"https:\/\/www.tgrthaber.com\/mavikadin\/yasemin-dursun-kimdir-kac-yasinda-nereli-yasemin-dursun-kim-ile-evli\/","title":{"rendered":"Yasemin Dursun kimdir ka\u00e7 ya\u015f\u0131nda nereli? Yasemin Dursun kim ile evli?"},"content":{"rendered":"<p>Sosyal medyada yapt\u0131\u011f\u0131 payla\u015f\u0131mla ad\u0131ndan s\u00f6z ettiren Yasemin Dursun&#8217;un kim oldu\u011fu ve hayat\u0131na dair detaylar merak edilmeye devam ediyor. Peki, Yasemin Dursun ka\u00e7 ya\u015f\u0131nda, nereli ve kiminle evli? Yasemin Dursun\u2019un ka\u00e7 \u00e7ocu\u011fu var? Yasemin Dursun\u2019un mesle\u011fi nedir? \u0130\u015fte detaylar&#8230;<\/p>\n<h3>YASEM\u0130N DURSUN K\u0130MD\u0130R KA\u00c7 YA\u015eINDADIR?<\/h3>\n<p>Yasemin Dursun\u2019un ya\u015f\u0131 ve do\u011fdu\u011fu yer hakk\u0131nda \u00e7ok fazla bir bilgi bulunmamaktad\u0131r. G\u00fczelli\u011fi ve zarifli\u011fiyle dikkat \u00e7eken Yasemin Dursun e\u015fi ve \u00e7ocuklar\u0131yla birlikte g\u00f6zlerden uzak bir \u015fekilde ya\u015famaktad\u0131r. Yasemin Dursun\u2019un \u00f6zel ya\u015fant\u0131s\u0131na dair detaylar kendi resmi sosyal medya hesab\u0131ndan payla\u015f\u0131mlar\u0131yla \u00f6n plana \u00e7\u0131k\u0131yor.<\/p>\n<p><img loading=\"lazy\" decoding=\"async\" class=\"alignnone wp-image-207145 size-full\" src=\"https:\/\/www.tgrthaber.com\/mavikadin\/wp-content\/uploads\/yasemin-dursun-kimdir.jpg\" alt=\"\" width=\"1208\" height=\"680\" title=\"\" srcset=\"https:\/\/www.tgrthaber.com\/mavikadin\/wp-content\/uploads\/yasemin-dursun-kimdir.jpg 1208w, https:\/\/www.tgrthaber.com\/mavikadin\/wp-content\/uploads\/yasemin-dursun-kimdir-300x169.jpg 300w, https:\/\/www.tgrthaber.com\/mavikadin\/wp-content\/uploads\/yasemin-dursun-kimdir-1024x576.jpg 1024w, https:\/\/www.tgrthaber.com\/mavikadin\/wp-content\/uploads\/yasemin-dursun-kimdir-768x432.jpg 768w\" sizes=\"(max-width: 1208px) 100vw, 1208px\" \/><\/p>\n<hr \/>\n<h3>YASEM\u0130N DURSUN K\u0130M\u0130NLE EVL\u0130 KA\u00c7 \u00c7OCU\u011eU VAR?<\/h3>\n<p>Yasemin Dursun, 26 Mart 2017\u2019de mili tak\u0131m futbolcusu Serdar Dursun ile birlikte hayatlar\u0131n\u0131 birle\u015ftirdi. \u00c7iftin bu evlili\u011finden ilk o\u011fullar\u0131 Eymen Serdar Dursun isminde bir o\u011flu oldu. O\u011flu Eymen ile birlikte e\u015fi Serdar Dursun ma\u00e7lar\u0131na gitti. 2024 y\u0131l\u0131nda ikinci \u00e7ocuklar\u0131na hamile kalan Yasemin Dursun, 17 Temmuz 2025 g\u00fcn\u00fc Elanur Dursun ad\u0131nda bir k\u0131z\u0131 d\u00fcnyaya geldi. \u00c7ift, 4 ki\u015filik bir aile oldu\u011fu anlar\u0131 foto\u011fraflayarak sosyal medya hesaplar\u0131ndan payla\u015ft\u0131.<\/p>\n<p><img loading=\"lazy\" decoding=\"async\" class=\"alignnone wp-image-207146 size-full\" src=\"https:\/\/www.tgrthaber.com\/mavikadin\/wp-content\/uploads\/yasemin-dursun-kiminle-evli.jpg\" alt=\"\" width=\"1208\" height=\"680\" title=\"\" srcset=\"https:\/\/www.tgrthaber.com\/mavikadin\/wp-content\/uploads\/yasemin-dursun-kiminle-evli.jpg 1208w, https:\/\/www.tgrthaber.com\/mavikadin\/wp-content\/uploads\/yasemin-dursun-kiminle-evli-300x169.jpg 300w, https:\/\/www.tgrthaber.com\/mavikadin\/wp-content\/uploads\/yasemin-dursun-kiminle-evli-1024x576.jpg 1024w, https:\/\/www.tgrthaber.com\/mavikadin\/wp-content\/uploads\/yasemin-dursun-kiminle-evli-768x432.jpg 768w\" sizes=\"(max-width: 1208px) 100vw, 1208px\" \/><\/p>\n<hr \/>\n<h3>YASEM\u0130N DURSUN\u2019UN MESLE\u011e\u0130 NED\u0130R?<\/h3>\n<p>Serdar Dursun\u2019un e\u015fi Yasemin Dursun\u2019un mesle\u011fi duyanlar\u0131 \u015fa\u015f\u0131rtt\u0131. Yasemin Dursun\u2019un mesle\u011fi psikologdur. Psikolog olarak bilinen Serdar Dursun&#8217;un e\u015fi\u00a0 Yasemin Dursun&#8217;un psikologluk\u00a0 kariyerini yap\u0131p yapmad\u0131\u011f\u0131na dair herhangi net bir bilgi bulunmaktad\u0131r.<\/p>\n<p><img loading=\"lazy\" decoding=\"async\" class=\"alignnone wp-image-207148 size-full\" src=\"https:\/\/www.tgrthaber.com\/mavikadin\/wp-content\/uploads\/yasemin-dursun-meslegi-ne.jpg\" alt=\"\" width=\"1208\" height=\"680\" title=\"\" srcset=\"https:\/\/www.tgrthaber.com\/mavikadin\/wp-content\/uploads\/yasemin-dursun-meslegi-ne.jpg 1208w, https:\/\/www.tgrthaber.com\/mavikadin\/wp-content\/uploads\/yasemin-dursun-meslegi-ne-300x169.jpg 300w, https:\/\/www.tgrthaber.com\/mavikadin\/wp-content\/uploads\/yasemin-dursun-meslegi-ne-1024x576.jpg 1024w, https:\/\/www.tgrthaber.com\/mavikadin\/wp-content\/uploads\/yasemin-dursun-meslegi-ne-768x432.jpg 768w\" sizes=\"(max-width: 1208px) 100vw, 1208px\" \/><\/p>\n<hr \/>\n<h3>YASEM\u0130N DURSUN SERDAR DURSUN\u2019LA KA\u00c7 YILLIK EVL\u0130D\u0130R?<\/h3>\n<p>Birbirlerine olan sevgilileriyle bir yuva kurmak isteyen Serdar Dursun 2017 y\u0131l\u0131nda hayat\u0131n\u0131 Yasemin Dursun\u2019la birle\u015ftirdi. 8 y\u0131ll\u0131k evliliklerine 2 tane d\u00fcnyalar g\u00fczeli evlat s\u0131\u011fd\u0131rd\u0131lar. \u00c7ift \u00f6zel ya\u015famlar\u0131n\u0131 g\u00f6zler \u00f6n\u00fcnde ya\u015famamaktad\u0131r. 4 ki\u015filik \u00e7ekirdek bir aile olan Dursun ailesi, birlikte gezip e\u011flendikleri anlardan birka\u00e7\u0131n\u0131 sosyal medya hesaplar\u0131ndan takip\u00e7ileriyle payla\u015f\u0131yorlar.<\/p>\n","protected":false},"excerpt":{"rendered":"<p>Yasemin Dursun, milli futbolcu Serdar Dursun\u2019un ameliyatta bay\u0131ld\u0131\u011f\u0131 hallerini payla\u015fmas\u0131 \u00fczerine merak edilen isimler aras\u0131nda yer ald\u0131. Peki, Yasemin Dursun kimdir, ka\u00e7 ya\u015f\u0131nda, nereli? Yasemin Dursun kim ile evli ka\u00e7 \u00e7ocu\u011fu var?<\/p>\n","protected":false},"author":10,"featured_media":207147,"comment_status":"closed","ping_status":"closed","sticky":false,"template":"","format":"standard","meta":{"rank_math_lock_modified_date":false,"footnotes":""},"categories":[491],"tags":[3374,28674,28676,28673,28675],"class_list":["post-207144","post","type-post","status-publish","format-standard","has-post-thumbnail","hentry","category-biyografi","tag-biyografi","tag-yasemin-dursun","tag-yasemin-dursun-cocugu","tag-yasemin-dursun-kimdir","tag-yasemin-dursun-meslegi"],"_links":{"self":[{"href":"https:\/\/www.tgrthaber.com\/mavikadin\/wp-json\/wp\/v2\/posts\/207144"}],"collection":[{"href":"https:\/\/www.tgrthaber.com\/mavikadin\/wp-json\/wp\/v2\/posts"}],"about":[{"href":"https:\/\/www.tgrthaber.com\/mavikadin\/wp-json\/wp\/v2\/types\/post"}],"author":[{"embeddable":true,"href":"https:\/\/www.tgrthaber.com\/mavikadin\/wp-json\/wp\/v2\/users\/10"}],"replies":[{"embeddable":true,"href":"https:\/\/www.tgrthaber.com\/mavikadin\/wp-json\/wp\/v2\/comments?post=207144"}],"version-history":[{"count":1,"href":"https:\/\/www.tgrthaber.com\/mavikadin\/wp-json\/wp\/v2\/posts\/207144\/revisions"}],"predecessor-version":[{"id":207149,"href":"https:\/\/www.tgrthaber.com\/mavikadin\/wp-json\/wp\/v2\/posts\/207144\/revisions\/207149"}],"wp:featuredmedia":[{"embeddable":true,"href":"https:\/\/www.tgrthaber.com\/mavikadin\/wp-json\/wp\/v2\/media\/207147"}],"wp:attachment":[{"href":"https:\/\/www.tgrthaber.com\/mavikadin\/wp-json\/wp\/v2\/media?parent=207144"}],"wp:term":[{"taxonomy":"category","embeddable":true,"href":"https:\/\/www.tgrthaber.com\/mavikadin\/wp-json\/wp\/v2\/categories?post=207144"},{"taxonomy":"post_tag","embeddable":true,"href":"https:\/\/www.tgrthaber.com\/mavikadin\/wp-json\/wp\/v2\/tags?post=207144"}],"curies":[{"name":"wp","href":"https:\/\/api.w.org\/{rel}","templated":true}]}}