{"id":207155,"date":"2025-07-18T23:49:57","date_gmt":"2025-07-18T20:49:57","guid":{"rendered":"https:\/\/www.tgrthaber.com\/mavikadin\/?p=207155"},"modified":"2025-07-18T23:49:57","modified_gmt":"2025-07-18T20:49:57","slug":"hande-ercel-dunyaca-unlu-tasarimcinin-oglu-celio-saabin-dugununde-goz-kamastirdi","status":"publish","type":"post","link":"https:\/\/www.tgrthaber.com\/mavikadin\/hande-ercel-dunyaca-unlu-tasarimcinin-oglu-celio-saabin-dugununde-goz-kamastirdi\/","title":{"rendered":"Hande Er\u00e7el d\u00fcnyaca \u00fcnl\u00fc tasar\u0131mc\u0131n\u0131n o\u011flu Celio Saab&#8217;\u0131n d\u00fc\u011f\u00fcn\u00fcnde g\u00f6z kama\u015ft\u0131rd\u0131!"},"content":{"rendered":"<p>\u00dcnl\u00fc oyuncu Hande Er\u00e7el, uluslararas\u0131 tasar\u0131m d\u00fcnyas\u0131nda ad\u0131n\u0131 duyuran Elie Saab\u2019\u0131n o\u011flu Celio Saab\u2019\u0131n d\u00fc\u011f\u00fcn\u00fcne kat\u0131ld\u0131. Hande Er\u00e7el giydi\u011fi elbiseyle d\u00fc\u011f\u00fcnde g\u00f6z kama\u015ft\u0131rd\u0131. MAG Lebanon&#8217;\u0131n kurucu edit\u00f6r\u00fc ve CEO&#8217;su Abed AR Naamani&#8217;yle ve Balqees Fathi ile de foto\u011fraflar \u00e7ekildi. \u00dcnl\u00fc oyuncunun o anlar\u0131 sosyal medya takip\u00e7ileri taraf\u0131ndan be\u011feni yoruma tutuldu. Er\u00e7el, d\u00fc\u011f\u00fcne sevgilisi Hakan Sabanc\u0131 ile birlikte kat\u0131ld\u0131.<\/p>\n<h3>HANDE ER\u00c7EL HAKAN SABANCI \u0130LE SAAB A\u0130LES\u0130N\u0130N D\u00dc\u011e\u00dcN\u00dcNDE!<\/h3>\n<p>\u00dcnl\u00fc oyuncu Hande Er\u00e7el, L\u00fcbnan\u2019a gitti. D\u00fcnyaca \u00fcnl\u00fc modas\u0131 Elie Saab\u2019\u0131n o\u011flu Celio Saab\u2019\u0131n d\u00fc\u011f\u00fcn\u00fcne kat\u0131ld\u0131. G\u00fczel oyuncu, g\u00fczelli\u011fi ve zarifli\u011fi ile davetlileri kendine hayran b\u0131rakt\u0131. D\u00fc\u011f\u00fcne kat\u0131lan \u00f6nemli ki\u015filer aras\u0131nda bulunan MAG Lebanon&#8217;\u0131n kurucu edit\u00f6r\u00fc ve CEO&#8217;su Abed AR Naamani ve Balqees Fathi ile foto\u011fraflar \u00e7ekildi.<\/p>\n<p><img loading=\"lazy\" decoding=\"async\" class=\"alignnone wp-image-207157 size-full\" src=\"https:\/\/www.tgrthaber.com\/mavikadin\/wp-content\/uploads\/hande-ercel-ve-hakan-sabanci-elo-saab-dugune-katildi.jpg\" alt=\"\" width=\"1208\" height=\"680\" title=\"\" srcset=\"https:\/\/www.tgrthaber.com\/mavikadin\/wp-content\/uploads\/hande-ercel-ve-hakan-sabanci-elo-saab-dugune-katildi.jpg 1208w, https:\/\/www.tgrthaber.com\/mavikadin\/wp-content\/uploads\/hande-ercel-ve-hakan-sabanci-elo-saab-dugune-katildi-300x169.jpg 300w, https:\/\/www.tgrthaber.com\/mavikadin\/wp-content\/uploads\/hande-ercel-ve-hakan-sabanci-elo-saab-dugune-katildi-1024x576.jpg 1024w, https:\/\/www.tgrthaber.com\/mavikadin\/wp-content\/uploads\/hande-ercel-ve-hakan-sabanci-elo-saab-dugune-katildi-768x432.jpg 768w\" sizes=\"(max-width: 1208px) 100vw, 1208px\" \/><\/p>\n<hr \/>\n<p>Hande Er\u00e7el sevgilisi Hakan Sabanc\u0131&#8217;yla birlikte Saab ailesinin d\u00fc\u011f\u00fcn\u00fcne kat\u0131ld\u0131. Er\u00e7el, \u00a0Elio Saab&#8217;\u0131n d\u00fc\u011f\u00fcn\u00fcnde ge\u00e7ti\u011fimiz haftalarda ABTalks program\u0131na kat\u0131ld\u0131\u011f\u0131 sunucu Anas Bukhash ile foto\u011fraf karesini payla\u015ft\u0131. Hande Er\u00e7el ve Hakan Sabanc\u0131&#8217;n\u0131n birlikte kat\u0131ld\u0131\u011f\u0131 davette iki sevgilinin \u015f\u0131kl\u0131\u011f\u0131 g\u00f6zlerden ka\u00e7mad\u0131.<\/p>\n<p><img loading=\"lazy\" decoding=\"async\" class=\"alignnone wp-image-207159 size-full\" src=\"https:\/\/www.tgrthaber.com\/mavikadin\/wp-content\/uploads\/Hande-Ercel-Elio-Saabin-dugununde-goz-kamastirdi.jpg\" alt=\"\" width=\"1208\" height=\"680\" title=\"\" srcset=\"https:\/\/www.tgrthaber.com\/mavikadin\/wp-content\/uploads\/Hande-Ercel-Elio-Saabin-dugununde-goz-kamastirdi.jpg 1208w, https:\/\/www.tgrthaber.com\/mavikadin\/wp-content\/uploads\/Hande-Ercel-Elio-Saabin-dugununde-goz-kamastirdi-300x169.jpg 300w, https:\/\/www.tgrthaber.com\/mavikadin\/wp-content\/uploads\/Hande-Ercel-Elio-Saabin-dugununde-goz-kamastirdi-1024x576.jpg 1024w, https:\/\/www.tgrthaber.com\/mavikadin\/wp-content\/uploads\/Hande-Ercel-Elio-Saabin-dugununde-goz-kamastirdi-768x432.jpg 768w\" sizes=\"(max-width: 1208px) 100vw, 1208px\" \/><\/p>\n<hr \/>\n<h3>HANDE ER\u00c7EL SAAB A\u0130LES\u0130N\u0130N D\u00dc\u011e\u00dcN\u00dcNDE G\u00dcZELL\u0130\u011e\u0130YLE G\u00d6Z KAMA\u015eTIRDI<\/h3>\n<p>L\u00fcbnan\u2019da Elio Saab\u2019\u0131n o\u011flunun d\u00fc\u011f\u00fcn\u00fcne kat\u0131lan Hande Er\u00e7el g\u00fczelli\u011fiyle adeta g\u00f6z kama\u015ft\u0131rd\u0131. Kat\u0131ld\u0131\u011f\u0131 her davette \u00f6zel tasar\u0131mc\u0131lar\u0131n k\u0131yafetini giyerek giden \u00fcnl\u00fc oyuncu, bu kez de Elie Saab\u2019\u0131n SS 2003 y\u0131l\u0131nda podyumda sergiledi\u011fi ve ar\u015fivine ald\u0131\u011f\u0131 k\u0131yafetle d\u00fc\u011f\u00fcne kat\u0131ld\u0131.<\/p>\n<p><img loading=\"lazy\" decoding=\"async\" class=\"alignnone wp-image-207161 size-full\" src=\"https:\/\/www.tgrthaber.com\/mavikadin\/wp-content\/uploads\/Elie-Saabin-SS-2003-yilindaki-elbisesini-giydi.jpg\" alt=\"\" width=\"1208\" height=\"680\" title=\"\" srcset=\"https:\/\/www.tgrthaber.com\/mavikadin\/wp-content\/uploads\/Elie-Saabin-SS-2003-yilindaki-elbisesini-giydi.jpg 1208w, https:\/\/www.tgrthaber.com\/mavikadin\/wp-content\/uploads\/Elie-Saabin-SS-2003-yilindaki-elbisesini-giydi-300x169.jpg 300w, https:\/\/www.tgrthaber.com\/mavikadin\/wp-content\/uploads\/Elie-Saabin-SS-2003-yilindaki-elbisesini-giydi-1024x576.jpg 1024w, https:\/\/www.tgrthaber.com\/mavikadin\/wp-content\/uploads\/Elie-Saabin-SS-2003-yilindaki-elbisesini-giydi-768x432.jpg 768w\" sizes=\"(max-width: 1208px) 100vw, 1208px\" \/><\/p>\n<hr \/>\n<p>\u00d6zel tasarlanan elbiseyi Hande Er\u00e7el \u00e7ok g\u00fczel ta\u015f\u0131d\u0131. \u00dcnl\u00fc oyuncunun elbisesi sosyal medya kullan\u0131c\u0131lar\u0131 taraf\u0131ndan b\u00fcy\u00fck be\u011feni toplad\u0131. \u201c Her zaman ki gibi g\u00fczelli\u011fiyle \u0131\u015f\u0131l \u0131\u015f\u0131l parl\u0131yor.\u201d ve\u00a0 &#8221; Hande Er\u00e7el kelimenin tam anlam\u0131yla hayat\u0131mda g\u00f6rd\u00fc\u011f\u00fcm en sevimli insan&#8221; yorumlar\u0131n\u0131 alan g\u00fczel oyuncu Hande Er\u00e7el, sevgilisi Hakan Sabanc\u0131 ile d\u00fc\u011f\u00fcn\u00fcn keyfini \u00e7\u0131kard\u0131.<\/p>\n","protected":false},"excerpt":{"rendered":"<p>D\u00fcnyaca \u00fcnl\u00fc tasar\u0131mc\u0131n\u0131n o\u011flu Celio Saab&#8217;\u0131n d\u00fc\u011f\u00fcn\u00fcnde Elie Saab&#8217;\u0131n d\u00fc\u011f\u00fcn\u00fcne \u00fcnl\u00fc oyuncu Hande Er\u00e7el\u2019de kat\u0131ld\u0131. Er\u00e7el, 2003 y\u0131l\u0131nda Elie Saab\u2019\u0131n ar\u015fiv elbiselerinden olan bir elbiseyle gecede g\u00f6z kama\u015ft\u0131rd\u0131.<\/p>\n","protected":false},"author":10,"featured_media":207158,"comment_status":"closed","ping_status":"closed","sticky":false,"template":"","format":"standard","meta":{"rank_math_lock_modified_date":false,"footnotes":""},"categories":[76],"tags":[28680,28681,133,2218],"class_list":["post-207155","post","type-post","status-publish","format-standard","has-post-thumbnail","hentry","category-magazin","tag-hande-ercel-elio-saab-dugunu","tag-hande-ercel-lubnan","tag-magazin","tag-magazin-haberleri"],"_links":{"self":[{"href":"https:\/\/www.tgrthaber.com\/mavikadin\/wp-json\/wp\/v2\/posts\/207155"}],"collection":[{"href":"https:\/\/www.tgrthaber.com\/mavikadin\/wp-json\/wp\/v2\/posts"}],"about":[{"href":"https:\/\/www.tgrthaber.com\/mavikadin\/wp-json\/wp\/v2\/types\/post"}],"author":[{"embeddable":true,"href":"https:\/\/www.tgrthaber.com\/mavikadin\/wp-json\/wp\/v2\/users\/10"}],"replies":[{"embeddable":true,"href":"https:\/\/www.tgrthaber.com\/mavikadin\/wp-json\/wp\/v2\/comments?post=207155"}],"version-history":[{"count":1,"href":"https:\/\/www.tgrthaber.com\/mavikadin\/wp-json\/wp\/v2\/posts\/207155\/revisions"}],"predecessor-version":[{"id":207162,"href":"https:\/\/www.tgrthaber.com\/mavikadin\/wp-json\/wp\/v2\/posts\/207155\/revisions\/207162"}],"wp:featuredmedia":[{"embeddable":true,"href":"https:\/\/www.tgrthaber.com\/mavikadin\/wp-json\/wp\/v2\/media\/207158"}],"wp:attachment":[{"href":"https:\/\/www.tgrthaber.com\/mavikadin\/wp-json\/wp\/v2\/media?parent=207155"}],"wp:term":[{"taxonomy":"category","embeddable":true,"href":"https:\/\/www.tgrthaber.com\/mavikadin\/wp-json\/wp\/v2\/categories?post=207155"},{"taxonomy":"post_tag","embeddable":true,"href":"https:\/\/www.tgrthaber.com\/mavikadin\/wp-json\/wp\/v2\/tags?post=207155"}],"curies":[{"name":"wp","href":"https:\/\/api.w.org\/{rel}","templated":true}]}}