{"id":207169,"date":"2025-07-19T00:31:53","date_gmt":"2025-07-18T21:31:53","guid":{"rendered":"https:\/\/www.tgrthaber.com\/mavikadin\/?p=207169"},"modified":"2025-07-19T00:31:54","modified_gmt":"2025-07-18T21:31:54","slug":"elie-saabin-oglu-celio-saab-lubnanda-zein-qutami-ile-evlendi","status":"publish","type":"post","link":"https:\/\/www.tgrthaber.com\/mavikadin\/elie-saabin-oglu-celio-saab-lubnanda-zein-qutami-ile-evlendi\/","title":{"rendered":"Elie Saab&#8217;\u0131n o\u011flu Celio Saab L\u00fcbnan&#8217;da Zein Qutami ile evlendi!"},"content":{"rendered":"<p>Moda tasar\u0131mc\u0131s\u0131 Elie Saab&#8217;\u0131n o\u011flu Celio Saab, L\u00fcbnan&#8217;daki Bkerke Kilisesi&#8217;nde etkileyici bir t\u00f6renle Zein Qutami ile evlenecek. L\u00fcks\u00fcn ve \u015f\u0131kl\u0131\u011f\u0131n \u00f6n planda olaca\u011f\u0131 d\u00fc\u011f\u00fcnde d\u00fcnyaca tan\u0131nan bir\u00e7ok \u00f6nemli isim \u00e7iftin d\u00fc\u011f\u00fcn\u00fcnde boy g\u00f6sterecek. Elie Saab\u2019\u0131n o\u011flunun d\u00fc\u011f\u00fcn\u00fcne T\u00fcrkiye\u2019den \u00fcnl\u00fc oyuncu Hande Er\u00e7el ve sevgilisi Hakan Sabanc\u0131\u2019da kat\u0131ld\u0131.<\/p>\n<h3>EL\u0130E SAAB\u2019IN O\u011eLU D\u00dcNYA EV\u0130NE G\u0130R\u0130YOR!<\/h3>\n<p>Elie Saab\u2019\u0131n o\u011flu Celio Saab ve gelini Zein Qutami\u2019nin nikahlar\u0131 d\u00fcn gece \u00f6zel bir t\u00f6renle ger\u00e7ekle\u015fti. \u00c7iftin nikah t\u00f6reni d\u00fcn gece Panorama Faqra&#8217;da &#8220;f\u00fczyon kabile&#8221; temal\u0131 kutlama ile ger\u00e7ekle\u015fti. &#8220;Ritmin batan g\u00fcne\u015fle bulu\u015ftu\u011fu modern bir kabile kar\u015f\u0131lamas\u0131&#8221; olarak adland\u0131r\u0131lan etkinlik, Zein Qutami&#8217;nin \u0131\u015f\u0131lt\u0131l\u0131 gece elbisesindeki parlak ta\u015flarla \u00e7evrili, \u00a0toprak tonlar\u0131ndan olu\u015fan zarif bir renk paleti etraf\u0131nda tasarland\u0131. Celio Saab ve Zein Qutami\u2019nin d\u00fc\u011f\u00fcnleri 18 Temmuz 2025 g\u00fcn\u00fc L\u00fcbnan\u2019da ger\u00e7ekle\u015fecek.<\/p>\n<p><img loading=\"lazy\" decoding=\"async\" class=\"alignnone wp-image-207171 size-full\" src=\"https:\/\/www.tgrthaber.com\/mavikadin\/wp-content\/uploads\/celio-saab-ve-zein-quutami-evleniyor.jpg\" alt=\"\" width=\"1208\" height=\"680\" title=\"\" srcset=\"https:\/\/www.tgrthaber.com\/mavikadin\/wp-content\/uploads\/celio-saab-ve-zein-quutami-evleniyor.jpg 1208w, https:\/\/www.tgrthaber.com\/mavikadin\/wp-content\/uploads\/celio-saab-ve-zein-quutami-evleniyor-300x169.jpg 300w, https:\/\/www.tgrthaber.com\/mavikadin\/wp-content\/uploads\/celio-saab-ve-zein-quutami-evleniyor-1024x576.jpg 1024w, https:\/\/www.tgrthaber.com\/mavikadin\/wp-content\/uploads\/celio-saab-ve-zein-quutami-evleniyor-768x432.jpg 768w\" sizes=\"(max-width: 1208px) 100vw, 1208px\" \/><\/p>\n<hr \/>\n<h3>EL\u0130E SAAB ZE\u0130N QUTAM\u0130N\u2019\u0130N GEL\u0130NL\u0130\u011e\u0130N\u0130 D\u0130KT\u0130<\/h3>\n<p>Zein&#8217;in d\u00fc\u011f\u00fcnde giyece\u011fi elbiseyi kay\u0131npederi Elie Saab ve ekibi taraf\u0131ndan tasarlanarak dikildi. \u00a0Markan\u0131n benzersiz tasar\u0131mlar\u0131yla i\u015flenen gelinlik omuzlar\u0131 a\u00e7\u0131k yaka, Zein&#8217;in v\u00fccut hatlar\u0131na g\u00f6re tasarland\u0131. \u00c7i\u00e7ek motifli i\u015flemeli korsaj, ete\u011fin \u00fczerine kusursuz bir \u015fekilde d\u00f6k\u00fcl\u00fcyordu.<\/p>\n<p><img loading=\"lazy\" decoding=\"async\" class=\"alignnone wp-image-207173 size-full\" src=\"https:\/\/www.tgrthaber.com\/mavikadin\/wp-content\/uploads\/zein-qutami-gelinligi-Elie-Saab-dikti.jpg\" alt=\"\" width=\"1208\" height=\"680\" title=\"\" srcset=\"https:\/\/www.tgrthaber.com\/mavikadin\/wp-content\/uploads\/zein-qutami-gelinligi-Elie-Saab-dikti.jpg 1208w, https:\/\/www.tgrthaber.com\/mavikadin\/wp-content\/uploads\/zein-qutami-gelinligi-Elie-Saab-dikti-300x169.jpg 300w, https:\/\/www.tgrthaber.com\/mavikadin\/wp-content\/uploads\/zein-qutami-gelinligi-Elie-Saab-dikti-1024x576.jpg 1024w, https:\/\/www.tgrthaber.com\/mavikadin\/wp-content\/uploads\/zein-qutami-gelinligi-Elie-Saab-dikti-768x432.jpg 768w\" sizes=\"(max-width: 1208px) 100vw, 1208px\" \/><\/p>\n<hr \/>\n<p>Elbisenin arka k\u0131sm\u0131nda zarif bir fiyonk ve u\u00e7u\u015fan bir kuyruk bulunuyor. Zein&#8217;in sa\u00e7lar\u0131, gev\u015fek bir topuz veya y\u00fcz\u00fcnden geriye do\u011fru hafif dalgalar halinde hafif\u00e7e geriye do\u011fru tarand\u0131. Zein Qutami\u2019in g\u00f6r\u00fcn\u00fcm\u00fc, g\u00f6z al\u0131c\u0131 bir ba\u015fl\u0131k ve yere kadar uzanan bir duvakla tamamlan\u0131yor.<\/p>\n<div style=\"width: 640px;\" class=\"wp-video\"><!--[if lt IE 9]><script>document.createElement('video');<\/script><![endif]-->\n<video class=\"wp-video-shortcode\" id=\"video-207169-1\" width=\"640\" height=\"1138\" preload=\"metadata\" controls=\"controls\"><source type=\"video\/mp4\" src=\"https:\/\/www.tgrthaber.com\/mavikadin\/wp-content\/uploads\/Celio-Saab-ve-Zein-Qutami-dugunu.mp4?_=1\" \/><a href=\"https:\/\/www.tgrthaber.com\/mavikadin\/wp-content\/uploads\/Celio-Saab-ve-Zein-Qutami-dugunu.mp4\">https:\/\/www.tgrthaber.com\/mavikadin\/wp-content\/uploads\/Celio-Saab-ve-Zein-Qutami-dugunu.mp4<\/a><\/video><\/div>\n<hr \/>\n<h3>CEL\u0130O SAAB VE ZE\u0130N QUTAM\u0130 EVLEND\u0130<\/h3>\n<p>Celio Saab ve Zein Qutami \u00e7iftinin yolculu\u011fu 2021 y\u0131l\u0131n\u0131n Haziran ay\u0131nda ba\u015flad\u0131. \u00dc\u00e7 y\u0131ll\u0131k birlikteliklerinin ard\u0131ndan \u00e7ift evlilik karar ald\u0131. Celio, 29 Haziran 2024 sabah\u0131 Zein Qutami\u2019 ye sessiz sedas\u0131z evlenme teklifinde bulundu. \u00c7iftin d\u00fcn \u00f6ncesi ve sonras\u0131 etkinlikleri s\u00fcrmeye devam edecek. L\u00fcks ve g\u00f6rsel \u015f\u00f6lenin \u00f6n planda oldu\u011fu d\u00fc\u011f\u00fcn gecesine gelenler hem gelinli\u011fe hem de d\u00fc\u011f\u00fcn mekan\u0131n\u0131 \u00e7ok be\u011fendi.<\/p>\n","protected":false},"excerpt":{"rendered":"<p>Moda d\u00fcnyas\u0131n\u0131n dev ismi Elie Saab&#8217;\u0131n o\u011flu Celio Saab 18 Temmuz 2025 y\u0131l\u0131nda L\u00fcbnan&#8217;da Zein Qutami ile d\u00fcnya evine girdi.  D\u00fc\u011f\u00fcn etkinlikleri birka\u00e7 g\u00fcn \u00f6nceden ba\u015flad\u0131. Benzersiz bir \u0131\u015f\u0131lt\u0131 ve par\u0131lt\u0131n\u0131n ya\u015fanaca\u011f\u0131 \u00fc\u00e7 g\u00fcn boyunca konu\u015fulacak olan d\u00fc\u011f\u00fcne Zein Qutamin gelinli\u011fi Saab markas\u0131na ait. <\/p>\n","protected":false},"author":10,"featured_media":207172,"comment_status":"closed","ping_status":"closed","sticky":false,"template":"","format":"standard","meta":{"rank_math_lock_modified_date":false,"footnotes":""},"categories":[76],"tags":[28687,28688,28686,133,2218],"class_list":["post-207169","post","type-post","status-publish","format-standard","has-post-thumbnail","hentry","category-magazin","tag-celio-saab-dugun","tag-celio-saab-zein-qutami-evli","tag-elie-saab","tag-magazin","tag-magazin-haberleri"],"_links":{"self":[{"href":"https:\/\/www.tgrthaber.com\/mavikadin\/wp-json\/wp\/v2\/posts\/207169"}],"collection":[{"href":"https:\/\/www.tgrthaber.com\/mavikadin\/wp-json\/wp\/v2\/posts"}],"about":[{"href":"https:\/\/www.tgrthaber.com\/mavikadin\/wp-json\/wp\/v2\/types\/post"}],"author":[{"embeddable":true,"href":"https:\/\/www.tgrthaber.com\/mavikadin\/wp-json\/wp\/v2\/users\/10"}],"replies":[{"embeddable":true,"href":"https:\/\/www.tgrthaber.com\/mavikadin\/wp-json\/wp\/v2\/comments?post=207169"}],"version-history":[{"count":2,"href":"https:\/\/www.tgrthaber.com\/mavikadin\/wp-json\/wp\/v2\/posts\/207169\/revisions"}],"predecessor-version":[{"id":207177,"href":"https:\/\/www.tgrthaber.com\/mavikadin\/wp-json\/wp\/v2\/posts\/207169\/revisions\/207177"}],"wp:featuredmedia":[{"embeddable":true,"href":"https:\/\/www.tgrthaber.com\/mavikadin\/wp-json\/wp\/v2\/media\/207172"}],"wp:attachment":[{"href":"https:\/\/www.tgrthaber.com\/mavikadin\/wp-json\/wp\/v2\/media?parent=207169"}],"wp:term":[{"taxonomy":"category","embeddable":true,"href":"https:\/\/www.tgrthaber.com\/mavikadin\/wp-json\/wp\/v2\/categories?post=207169"},{"taxonomy":"post_tag","embeddable":true,"href":"https:\/\/www.tgrthaber.com\/mavikadin\/wp-json\/wp\/v2\/tags?post=207169"}],"curies":[{"name":"wp","href":"https:\/\/api.w.org\/{rel}","templated":true}]}}