{"id":207192,"date":"2025-07-19T01:22:01","date_gmt":"2025-07-18T22:22:01","guid":{"rendered":"https:\/\/www.tgrthaber.com\/mavikadin\/?p=207192"},"modified":"2025-07-20T00:38:33","modified_gmt":"2025-07-19T21:38:33","slug":"sezen-aksunun-kisacik-saclarina-begeni-yagdi-aksu-kisa-sacli-haliyle-ilk-karesini-paylasti","status":"publish","type":"post","link":"https:\/\/www.tgrthaber.com\/mavikadin\/sezen-aksunun-kisacik-saclarina-begeni-yagdi-aksu-kisa-sacli-haliyle-ilk-karesini-paylasti\/","title":{"rendered":"Sezen Aksu\u2019nun k\u0131sac\u0131k sa\u00e7lar\u0131na be\u011feni ya\u011fd\u0131! Aksu k\u0131sa sa\u00e7l\u0131 haliyle ilk karesini payla\u015ft\u0131!"},"content":{"rendered":"<p>71 ya\u015f\u0131na giren Sezen Aksu, yeni ya\u015f\u0131n getirdi\u011fi canl\u0131l\u0131kla birlikte imaj de\u011fi\u015fikli\u011fine gitti. Usta sanat\u00e7\u0131 s\u0131cak yaz havalar\u0131nda daha rahat edebilmek ad\u0131na sa\u00e7lar\u0131n\u0131 k\u0131sac\u0131k kestirdi. \u00c7\u0131kard\u0131\u011f\u0131 alb\u00fcmle dikkatleri \u00fczerine \u00e7eken Sezen Aksu, yeni imaj\u0131yla da hayranlar\u0131ndan be\u011feni ald\u0131.<\/p>\n<h3>SEZEN AKSU\u2019DAN \u0130MAJ DE\u011e\u0130\u015e\u0130KL\u0130\u011e\u0130<\/h3>\n<p>T\u00fcrk m\u00fczi\u011finin sevilen ismi ve sanat\u00e7\u0131s\u0131 Sezen Aksu, bu kez imaj de\u011fi\u015fikli\u011fiyle dikkatleri \u00fczerine \u00e7ekti. Aksu, ge\u00e7ti\u011fimiz g\u00fcnlerde \u00e7\u0131kard\u0131\u011f\u0131 yeni alb\u00fcmle b\u00fcy\u00fck be\u011feni toplad\u0131. Sezen Aksu\u2019nun en sevilen \u015fark\u0131lar\u0131 aras\u0131na girmeye hak kazanan \u2018Ey A\u015fk\u2019 ve \u2018Sen A\u011fla\u2019 \u015fark\u0131lar\u0131 dinlenmeye rekorlar\u0131 k\u0131rmaya devam ediyor.<\/p>\n<p><img loading=\"lazy\" decoding=\"async\" class=\"alignnone wp-image-207195 size-full\" src=\"https:\/\/www.tgrthaber.com\/mavikadin\/wp-content\/uploads\/sezen-aksudan-imaj-degisikligi.jpg\" alt=\"\" width=\"1208\" height=\"680\" title=\"\" srcset=\"https:\/\/www.tgrthaber.com\/mavikadin\/wp-content\/uploads\/sezen-aksudan-imaj-degisikligi.jpg 1208w, https:\/\/www.tgrthaber.com\/mavikadin\/wp-content\/uploads\/sezen-aksudan-imaj-degisikligi-300x169.jpg 300w, https:\/\/www.tgrthaber.com\/mavikadin\/wp-content\/uploads\/sezen-aksudan-imaj-degisikligi-1024x576.jpg 1024w, https:\/\/www.tgrthaber.com\/mavikadin\/wp-content\/uploads\/sezen-aksudan-imaj-degisikligi-768x432.jpg 768w\" sizes=\"(max-width: 1208px) 100vw, 1208px\" \/><\/p>\n<hr \/>\n<p>Uzun bir aradan sonra dinleyicilerine unutulmaz \u015fark\u0131lar \u00e7\u0131karan Sezen Aksu, bu kez de imaj\u0131nda de\u011fi\u015fiklik yapmaya karar verdi. Daha \u00f6nceden de kafas\u0131n\u0131 kaz\u0131tan usta isim, a\u00e7\u0131k sar\u0131 sa\u00e7lar\u0131n\u0131 bu sefer k\u0131sac\u0131k kestirmi\u015f. Sezen Aksu\u2019nun yeni halinin payla\u015f\u0131m\u0131 sevenleri taraf\u0131ndan \u00e7ok be\u011fenildi.<\/p>\n<p><img loading=\"lazy\" decoding=\"async\" class=\"alignnone wp-image-207193 size-full\" src=\"https:\/\/www.tgrthaber.com\/mavikadin\/wp-content\/uploads\/sezen-aksu-yeni-imaji-begeni-topladi.jpg\" alt=\"\" width=\"1208\" height=\"680\" title=\"\" srcset=\"https:\/\/www.tgrthaber.com\/mavikadin\/wp-content\/uploads\/sezen-aksu-yeni-imaji-begeni-topladi.jpg 1208w, https:\/\/www.tgrthaber.com\/mavikadin\/wp-content\/uploads\/sezen-aksu-yeni-imaji-begeni-topladi-300x169.jpg 300w, https:\/\/www.tgrthaber.com\/mavikadin\/wp-content\/uploads\/sezen-aksu-yeni-imaji-begeni-topladi-1024x576.jpg 1024w, https:\/\/www.tgrthaber.com\/mavikadin\/wp-content\/uploads\/sezen-aksu-yeni-imaji-begeni-topladi-768x432.jpg 768w\" sizes=\"(max-width: 1208px) 100vw, 1208px\" \/><\/p>\n<hr \/>\n<h3>SEZEN AKSU\u2019DAN \u0130LK KARE<\/h3>\n<p>\u00dcnl\u00fc s\u00f6z yazar\u0131, besteci ve \u015fark\u0131c\u0131 Sezen Aksu, yaz sezonunun ortas\u0131nda sa\u00e7lar\u0131na de\u011fi\u015fiklik yapma karar\u0131 ald\u0131. \u00dcnl\u00fc \u015fark\u0131c\u0131 s\u0131cak yaz havas\u0131n\u0131n bunalt\u0131s\u0131ndan kurtulmak i\u00e7in a\u00e7\u0131k sar\u0131 sa\u00e7lar\u0131n\u0131 k\u0131sac\u0131k yapt\u0131. Hem yeni alb\u00fcm hem yeni sa\u00e7lar sevenlerinden tam not ald\u0131. Sanat\u00e7\u0131 ve besteci Sezen Aksu&#8217;nun yeni halini g\u00f6ren sevenleri be\u011feni at\u0131p yorum ya\u011fmuruna tuttular.<\/p>\n<p><img loading=\"lazy\" decoding=\"async\" class=\"alignnone wp-image-207196 size-full\" src=\"https:\/\/www.tgrthaber.com\/mavikadin\/wp-content\/uploads\/sezen-aksunun-imaji-tam-not-aldi.jpg\" alt=\"\" width=\"1208\" height=\"680\" title=\"\" srcset=\"https:\/\/www.tgrthaber.com\/mavikadin\/wp-content\/uploads\/sezen-aksunun-imaji-tam-not-aldi.jpg 1208w, https:\/\/www.tgrthaber.com\/mavikadin\/wp-content\/uploads\/sezen-aksunun-imaji-tam-not-aldi-300x169.jpg 300w, https:\/\/www.tgrthaber.com\/mavikadin\/wp-content\/uploads\/sezen-aksunun-imaji-tam-not-aldi-1024x576.jpg 1024w, https:\/\/www.tgrthaber.com\/mavikadin\/wp-content\/uploads\/sezen-aksunun-imaji-tam-not-aldi-768x432.jpg 768w\" sizes=\"(max-width: 1208px) 100vw, 1208px\" \/><\/p>\n<hr \/>\n<h3>SEZEN AKSU YEN\u0130 \u0130MAJIYLA YEN\u0130 POZU<\/h3>\n<p>Sezen Aksu, yeni imaj\u0131yla sevenleri taraf\u0131ndan b\u00fcy\u00fck bir be\u011feni kazand\u0131. Minik Ser\u00e7e Sezen Aksu, sosyal medya hesab\u0131ndan yeni imaj\u0131yla yeni halini payla\u015ft\u0131. Objektife d\u00fc\u015f\u00fcnceli haliyle poz veren Sezen Aksu, sevimli ve tatl\u0131 haliyle dikkat \u00e7ekti.<\/p>\n<p><img loading=\"lazy\" decoding=\"async\" class=\"alignnone wp-image-207558 size-full\" src=\"https:\/\/www.tgrthaber.com\/mavikadin\/wp-content\/uploads\/sezen-aksu-yeni-imajiyla-yeni-poz-verdi.jpg\" alt=\"\" width=\"1208\" height=\"680\" title=\"\" srcset=\"https:\/\/www.tgrthaber.com\/mavikadin\/wp-content\/uploads\/sezen-aksu-yeni-imajiyla-yeni-poz-verdi.jpg 1208w, https:\/\/www.tgrthaber.com\/mavikadin\/wp-content\/uploads\/sezen-aksu-yeni-imajiyla-yeni-poz-verdi-300x169.jpg 300w, https:\/\/www.tgrthaber.com\/mavikadin\/wp-content\/uploads\/sezen-aksu-yeni-imajiyla-yeni-poz-verdi-1024x576.jpg 1024w, https:\/\/www.tgrthaber.com\/mavikadin\/wp-content\/uploads\/sezen-aksu-yeni-imajiyla-yeni-poz-verdi-768x432.jpg 768w\" sizes=\"(max-width: 1208px) 100vw, 1208px\" \/><\/p>\n<hr \/>\n<h3>SEZEN AKSU\u2019NUN YEN\u0130 TARZI TAM NOT ALDI<\/h3>\n<p>Sezen Aksu, yeni halini sosyal medyas\u0131nda payla\u015f\u0131r payla\u015fmaz bir s\u00fcr\u00fc yorum ve be\u011feni toplad\u0131. Sanat\u00e7\u0131n\u0131n s\u0131k\u0131 hayvanlar\u0131 aras\u0131nda \u201c Hayat Sezen\u2019den \u00f6ncesi ve sonras\u0131d\u0131r\u201d yorumuyla Sezen Aksu\u2019nun her halini \u00e7ok sevdiklerini ifade ettiler. Usta sanat\u00e7\u0131n\u0131n hayranlar\u0131 kalp emojileri ile yeni imaj\u0131n\u0131 be\u011fendiklerini ve konser istediklerini de dile getirdiler.<\/p>\n","protected":false},"excerpt":{"rendered":"<p>T\u00fcrk m\u00fczi\u011finin dev ismi Sezen Aksu \u00e7\u0131kard\u0131\u011f\u0131 yeni alb\u00fcmle dinlenme rekorlar\u0131 k\u0131rmaya devam ediyor. Yeni alb\u00fcm sonra imaj de\u011fi\u015fikli\u011fine giden Sezen Aksu sar\u0131 sa\u00e7lar\u0131n\u0131 k\u0131sac\u0131k kestirdi. Usta sanat\u00e7\u0131n\u0131n k\u0131sac\u0131k sa\u00e7lar\u0131 takip\u00e7ileri taraf\u0131ndan \u00e7ok be\u011fenildi.  <\/p>\n","protected":false},"author":10,"featured_media":207194,"comment_status":"closed","ping_status":"closed","sticky":false,"template":"","format":"standard","meta":{"rank_math_lock_modified_date":false,"footnotes":""},"categories":[76],"tags":[133,2218,28694],"class_list":["post-207192","post","type-post","status-publish","format-standard","has-post-thumbnail","hentry","category-magazin","tag-magazin","tag-magazin-haberleri","tag-sezen-aksu-yeni-imaji"],"_links":{"self":[{"href":"https:\/\/www.tgrthaber.com\/mavikadin\/wp-json\/wp\/v2\/posts\/207192"}],"collection":[{"href":"https:\/\/www.tgrthaber.com\/mavikadin\/wp-json\/wp\/v2\/posts"}],"about":[{"href":"https:\/\/www.tgrthaber.com\/mavikadin\/wp-json\/wp\/v2\/types\/post"}],"author":[{"embeddable":true,"href":"https:\/\/www.tgrthaber.com\/mavikadin\/wp-json\/wp\/v2\/users\/10"}],"replies":[{"embeddable":true,"href":"https:\/\/www.tgrthaber.com\/mavikadin\/wp-json\/wp\/v2\/comments?post=207192"}],"version-history":[{"count":3,"href":"https:\/\/www.tgrthaber.com\/mavikadin\/wp-json\/wp\/v2\/posts\/207192\/revisions"}],"predecessor-version":[{"id":207559,"href":"https:\/\/www.tgrthaber.com\/mavikadin\/wp-json\/wp\/v2\/posts\/207192\/revisions\/207559"}],"wp:featuredmedia":[{"embeddable":true,"href":"https:\/\/www.tgrthaber.com\/mavikadin\/wp-json\/wp\/v2\/media\/207194"}],"wp:attachment":[{"href":"https:\/\/www.tgrthaber.com\/mavikadin\/wp-json\/wp\/v2\/media?parent=207192"}],"wp:term":[{"taxonomy":"category","embeddable":true,"href":"https:\/\/www.tgrthaber.com\/mavikadin\/wp-json\/wp\/v2\/categories?post=207192"},{"taxonomy":"post_tag","embeddable":true,"href":"https:\/\/www.tgrthaber.com\/mavikadin\/wp-json\/wp\/v2\/tags?post=207192"}],"curies":[{"name":"wp","href":"https:\/\/api.w.org\/{rel}","templated":true}]}}